{"id":139117,"date":"2025-07-24T02:43:41","date_gmt":"2025-07-24T05:43:41","guid":{"rendered":"https:\/\/www.elsindical.com.ar\/notas\/?p=139117"},"modified":"2025-07-24T02:43:47","modified_gmt":"2025-07-24T05:43:47","slug":"el-supremo-de-brasil-rechaza-la-injerencia-de-estados-unidos-en-su-independencia-judicial","status":"publish","type":"post","link":"https:\/\/www.elsindical.com.ar\/notas\/el-supremo-de-brasil-rechaza-la-injerencia-de-estados-unidos-en-su-independencia-judicial\/","title":{"rendered":"El Supremo de Brasil rechaza la injerencia de Estados Unidos en su independencia judicial"},"content":{"rendered":"<div class=\"wp-block-image\">\n<figure class=\"aligncenter size-full\"><a href=\"https:\/\/www.elsindical.com.ar\/notas\/var\/www\/html\/notas\/wp-content\/uploads\/2025\/07\/Juez-Alexandre-de-Moraes.jpg\"><img loading=\"lazy\" decoding=\"async\" width=\"700\" height=\"467\" src=\"https:\/\/www.elsindical.com.ar\/notas\/var\/www\/html\/notas\/wp-content\/uploads\/2025\/07\/Juez-Alexandre-de-Moraes.jpg\" alt=\"\" class=\"wp-image-139118\" srcset=\"https:\/\/www.elsindical.com.ar\/notas\/var\/www\/html\/notas\/wp-content\/uploads\/2025\/07\/Juez-Alexandre-de-Moraes.jpg 700w, https:\/\/www.elsindical.com.ar\/notas\/var\/www\/html\/notas\/wp-content\/uploads\/2025\/07\/Juez-Alexandre-de-Moraes-300x200.jpg 300w\" sizes=\"auto, (max-width: 700px) 100vw, 700px\" \/><\/a><\/figure>\n<\/div>\n\n\n<p>La justicia brasile\u00f1a expres\u00f3 su rechazo a las sanciones impuestas por Estados Unidos a uno de sus jueces clave, Alexandre de Moraes, tras su intervenci\u00f3n en el caso contra el expresidente Bolsonaro.\u00a0En un comunicado oficial, el STF de Brasil subraya que las presiones extranjeras sobre sus jueces son \u00abinjustificables\u00bb<\/p>\n\n\n\n<p>El <strong>Supremo Tribunal Federal<\/strong> (STF) de <strong>Brasil <\/strong>critic\u00f3 este martes los \u00ab<strong>intentos de injerencia pol\u00edtica, <\/strong>nacional o internacional\u00bb tras las <strong>sanciones <\/strong>impuestas por<strong> Estados Unidos <\/strong>sobre sus miembros, que incluyeron la revocaci\u00f3n del visado al juez <strong>Alexandre de Moraes<\/strong><em> (foto)<\/em>, encargado del <strong>proceso judicial<\/strong> contra el expresidente <strong>Jair Bolsonaro<\/strong>, as\u00ed como a <strong>sus familiares y a aquellos considerados sus \u00abaliados\u00bb en el Tribunal.<\/strong><\/p>\n\n\n\n<p>\u00abLa injerencia, tanto <strong>interna como externa<\/strong>, en el libre ejercicio del Poder Judicial <strong>atenta contra los pilares del Estado de Derecho<\/strong>, ya que erosiona la independencia, imparcialidad y honestidad que deben regir la labor de los jueces\u00bb, afirm\u00f3 la mesa directiva del STF en un comunicado publicado en su sitio web. En \u00e9l, subrayan que \u00abdesde cualquier perspectiva, resultan <strong>injustificables <\/strong>los intentos de interferencia pol\u00edtica en su funcionamiento y en la actuaci\u00f3n independiente de sus miembros\u00bb.<\/p>\n\n\n\n<p>El pronunciamiento \u2014firmado, entre otros, por el presidente del Tribunal, <strong>Antonio Herman Benjamin<\/strong>\u2014 se conoci\u00f3 apenas cuatro d\u00edas despu\u00e9s de que el secretario de Estado de Estados Unidos, <strong>Marco Rubio<\/strong>, ordenara <strong>retirar el visado a de Moraes, sus allegados en la Corte y sus familiares<\/strong>. Esta decisi\u00f3n se produjo luego de que el magistrado dictara <strong>medidas cautelares<\/strong> contra Bolsonaro, acusado de financiar desde Estados Unidos una operaci\u00f3n para sostener su inocencia.<\/p>\n\n\n\n<p>\u00abBrasil se rige por principios como la <strong>igualdad entre naciones, la no intervenci\u00f3n y la soluci\u00f3n pac\u00edfica de los conflictos<\/strong>\u00ab, recoge el comunicado. En este contexto, el m\u00e1ximo \u00f3rgano judicial brasile\u00f1o advirti\u00f3 que \u00ab<strong>presionar o amenazar a jueces y a sus familias con el objetivo de alterar o distorsionar la aplicaci\u00f3n de la ley debilita y deslegitima la esencia misma de un sistema de justicia fundado en el principio de que la ley se aplica por igual a todos<\/strong>\u00ab.<\/p>\n","protected":false},"excerpt":{"rendered":"<p>La justicia brasile\u00f1a expres\u00f3 su rechazo a las sanciones impuestas por Estados Unidos a uno de sus jueces clave, Alexandre de Moraes, tras su intervenci\u00f3n en el caso contra el expresidente Bolsonaro.\u00a0En un comunicado oficial, el STF de Brasil subraya que las presiones extranjeras sobre sus jueces son \u00abinjustificables\u00bb El Supremo Tribunal Federal (STF) de&hellip;<\/p>\n","protected":false},"author":1,"featured_media":139118,"comment_status":"open","ping_status":"open","sticky":false,"template":"","format":"standard","meta":{"footnotes":""},"categories":[18],"tags":[2450,141,45611,29775,36797,45610],"class_list":["post-139117","post","type-post","status-publish","format-standard","has-post-thumbnail","hentry","category-internacionales","tag-diario-el-sindical","tag-eeuu","tag-independencia-judicial","tag-jair-bolsonaro","tag-juez-alexandre-de-moraes","tag-supremo-de-brasil"],"_links":{"self":[{"href":"https:\/\/www.elsindical.com.ar\/notas\/wp-json\/wp\/v2\/posts\/139117","targetHints":{"allow":["GET"]}}],"collection":[{"href":"https:\/\/www.elsindical.com.ar\/notas\/wp-json\/wp\/v2\/posts"}],"about":[{"href":"https:\/\/www.elsindical.com.ar\/notas\/wp-json\/wp\/v2\/types\/post"}],"author":[{"embeddable":true,"href":"https:\/\/www.elsindical.com.ar\/notas\/wp-json\/wp\/v2\/users\/1"}],"replies":[{"embeddable":true,"href":"https:\/\/www.elsindical.com.ar\/notas\/wp-json\/wp\/v2\/comments?post=139117"}],"version-history":[{"count":1,"href":"https:\/\/www.elsindical.com.ar\/notas\/wp-json\/wp\/v2\/posts\/139117\/revisions"}],"predecessor-version":[{"id":139119,"href":"https:\/\/www.elsindical.com.ar\/notas\/wp-json\/wp\/v2\/posts\/139117\/revisions\/139119"}],"wp:featuredmedia":[{"embeddable":true,"href":"https:\/\/www.elsindical.com.ar\/notas\/wp-json\/wp\/v2\/media\/139118"}],"wp:attachment":[{"href":"https:\/\/www.elsindical.com.ar\/notas\/wp-json\/wp\/v2\/media?parent=139117"}],"wp:term":[{"taxonomy":"category","embeddable":true,"href":"https:\/\/www.elsindical.com.ar\/notas\/wp-json\/wp\/v2\/categories?post=139117"},{"taxonomy":"post_tag","embeddable":true,"href":"https:\/\/www.elsindical.com.ar\/notas\/wp-json\/wp\/v2\/tags?post=139117"}],"curies":[{"name":"wp","href":"https:\/\/api.w.org\/{rel}","templated":true}]}}