{"id":139104,"date":"2025-07-23T16:51:15","date_gmt":"2025-07-23T19:51:15","guid":{"rendered":"https:\/\/www.elsindical.com.ar\/notas\/?p=139104"},"modified":"2025-07-23T16:51:27","modified_gmt":"2025-07-23T19:51:27","slug":"anmat-prohibio-una-importante-marca-de-azucar-y-aceites-de-oliva","status":"publish","type":"post","link":"https:\/\/www.elsindical.com.ar\/notas\/anmat-prohibio-una-importante-marca-de-azucar-y-aceites-de-oliva\/","title":{"rendered":"ANMAT prohibi\u00f3 una importante marca de az\u00facar y aceites de oliva"},"content":{"rendered":"<div class=\"wp-block-image\">\n<figure class=\"aligncenter size-full\"><a href=\"https:\/\/www.elsindical.com.ar\/notas\/var\/www\/html\/notas\/wp-content\/uploads\/2025\/07\/Azucar-dulzura.jpg\"><img loading=\"lazy\" decoding=\"async\" width=\"600\" height=\"443\" src=\"https:\/\/www.elsindical.com.ar\/notas\/var\/www\/html\/notas\/wp-content\/uploads\/2025\/07\/Azucar-dulzura.jpg\" alt=\"\" class=\"wp-image-139108\" srcset=\"https:\/\/www.elsindical.com.ar\/notas\/var\/www\/html\/notas\/wp-content\/uploads\/2025\/07\/Azucar-dulzura.jpg 600w, https:\/\/www.elsindical.com.ar\/notas\/var\/www\/html\/notas\/wp-content\/uploads\/2025\/07\/Azucar-dulzura-300x222.jpg 300w\" sizes=\"auto, (max-width: 600px) 100vw, 600px\" \/><\/a><\/figure>\n<\/div>\n\n\n<p>Tambi\u00e9n este organismo prohibi\u00f3 tres marcas de aceites. Los cuatro productos pertenecen a las provincias de C\u00f3rdoba, a Mendoza y a Tucum\u00e1n.<\/p>\n\n\n\n<p>Este mi\u00e9rcoles por la madrugada, la <strong>Administraci\u00f3n Nacional de Medicamentos, Alimentos y Tecnolog\u00eda Medica<\/strong>(ANMAT) public\u00f3 en el Bolet\u00edn Oficial una serie de <strong>prohibiciones de venta al p\u00fablico de un <\/strong><a href=\"https:\/\/www.canal26.com\/tag\/azucar\/\" target=\"_blank\" rel=\"noreferrer noopener\"><strong>az\u00facar<\/strong><\/a>, adem\u00e1s de tres marcas de <strong>aceite de oliva<\/strong>.<\/p>\n\n\n\n<p>Se trata de dos productos cordobeses, uno mendocino y otro tucumano, que falsificaron los registros de sus r\u00f3tulos.<\/p>\n\n\n\n<h2 class=\"wp-block-heading\">\u00bfCu\u00e1l fue el az\u00facar que prohibi\u00f3 ANMAT?<\/h2>\n\n\n\n<p><strong>Es el az\u00facar marca Dulzura<\/strong> que se fabrica en la provincia de <strong>Tucum\u00e1n<\/strong>, que era vendida como \u201cAz\u00facar com\u00fan tipo A\u201d.<\/p>\n\n\n\n<p>La investigaci\u00f3n que finaliz\u00f3 con la prohibici\u00f3n de este az\u00facar comenz\u00f3 con una denuncia de un particular que gener\u00f3 que las autoridades detectaran un <strong>falso rotulado del producto<\/strong>.<\/p>\n\n\n\n<p>La prohibici\u00f3n por parte de <strong>ANMAT<\/strong> qued\u00f3 plasmada en la Disposici\u00f3n 5094\/2025 del <strong>Bolet\u00edn Oficial<\/strong>.<\/p>\n\n\n\n<h2 class=\"wp-block-heading\">ANMAT prohibi\u00f3 tres marcas de aceites de oliva<\/h2>\n\n\n\n<p>Las <strong>tres marcas de aceites de oliva<\/strong> que prohibi\u00f3 ANMAT son: <strong>Los<\/strong> <strong>Ayllos <\/strong>(C\u00f3rdoba), <strong>Olivares del Rey <\/strong>(C\u00f3rdoba) y <strong>Valle de Tunuy\u00e1n <\/strong>(Mendoza).<\/p>\n\n\n\n<p>Para el primer caso la prohibici\u00f3n qued\u00f3 publicada en la Disposici\u00f3n 5093\/2025. Este <strong>aceite Los Ayllos<\/strong> fue denunciado por un particular que percibi\u00f3 <strong>inconsistencias en su r\u00f3tulo<\/strong>.<\/p>\n\n\n<div class=\"wp-block-image\">\n<figure class=\"aligncenter size-full\"><a href=\"https:\/\/www.elsindical.com.ar\/notas\/var\/www\/html\/notas\/wp-content\/uploads\/2025\/07\/aceite-de-oliva-Los-Ayllos.jpg\"><img loading=\"lazy\" decoding=\"async\" width=\"450\" height=\"512\" src=\"https:\/\/www.elsindical.com.ar\/notas\/var\/www\/html\/notas\/wp-content\/uploads\/2025\/07\/aceite-de-oliva-Los-Ayllos.jpg\" alt=\"\" class=\"wp-image-139105\" srcset=\"https:\/\/www.elsindical.com.ar\/notas\/var\/www\/html\/notas\/wp-content\/uploads\/2025\/07\/aceite-de-oliva-Los-Ayllos.jpg 450w, https:\/\/www.elsindical.com.ar\/notas\/var\/www\/html\/notas\/wp-content\/uploads\/2025\/07\/aceite-de-oliva-Los-Ayllos-264x300.jpg 264w\" sizes=\"auto, (max-width: 450px) 100vw, 450px\" \/><\/a><\/figure>\n<\/div>\n\n\n<p>A partir de all\u00ed se constat\u00f3 que la raz\u00f3n social \u201cLos Ayllos\u201d no existe de manera formal y que <strong>la planta declarada no estaba en funcionamiento<\/strong>.<\/p>\n\n\n\n<p>En el mismo sentido, el <strong>Registro Nacional de Establecimiento<\/strong> (RNE) y el <strong>Registro Nacional de Producto Alimenticio<\/strong> (RNPA) de un determinado producto aparec\u00edan a nombre de otros elaboradores. Por tal motivo, se concluy\u00f3 que el producto estaba \u201cfalsamente rotulado\u201d y que carec\u00eda de trazabilidad, raz\u00f3n por la cual su comercializaci\u00f3n, tanto en tiendas f\u00edsicas como en l\u00ednea, qued\u00f3 prohibida.<\/p>\n\n\n\n<p>En una situaci\u00f3n similar, la Disposici\u00f3n 5095\/2025 <strong>prohibi\u00f3 la venta del aceite de oliva Olivares del Rey<\/strong>, luego de que un consumidor cuestionara la autenticidad del etiquetado.<\/p>\n\n\n<div class=\"wp-block-image\">\n<figure class=\"aligncenter size-full\"><a href=\"https:\/\/www.elsindical.com.ar\/notas\/var\/www\/html\/notas\/wp-content\/uploads\/2025\/07\/aceite-de-oliva-Olivares-del-Rey.jpg\"><img loading=\"lazy\" decoding=\"async\" width=\"550\" height=\"360\" src=\"https:\/\/www.elsindical.com.ar\/notas\/var\/www\/html\/notas\/wp-content\/uploads\/2025\/07\/aceite-de-oliva-Olivares-del-Rey.jpg\" alt=\"\" class=\"wp-image-139106\" srcset=\"https:\/\/www.elsindical.com.ar\/notas\/var\/www\/html\/notas\/wp-content\/uploads\/2025\/07\/aceite-de-oliva-Olivares-del-Rey.jpg 550w, https:\/\/www.elsindical.com.ar\/notas\/var\/www\/html\/notas\/wp-content\/uploads\/2025\/07\/aceite-de-oliva-Olivares-del-Rey-300x196.jpg 300w\" sizes=\"auto, (max-width: 550px) 100vw, 550px\" \/><\/a><\/figure>\n<\/div>\n\n\n<p>Tras la denuncia correspondiente, se comprob\u00f3 que el n\u00famero de RNE impreso en la botella no exist\u00eda y que el RNPA pertenec\u00eda en realidad a otro producto. Adem\u00e1s, se determin\u00f3 que la supuesta planta fraccionadora ubicada en Cruz del Eje, C\u00f3rdoba, no ten\u00eda habilitaci\u00f3n vigente y sus datos no coincid\u00edan con los declarados. Frente a esta <strong>serie de irregularidades<\/strong>, la ANMAT orden\u00f3 la prohibici\u00f3n total de su comercializaci\u00f3n.<\/p>\n\n\n\n<p>Por \u00faltimo, el <strong>aceite de oliva Valle de Tunuy\u00e1n<\/strong> fue objeto de una denuncia por parte de <strong>la firma Almazara S.A.<\/strong>, que advirti\u00f3 el <strong>uso no autorizado de su n\u00famero de RNE<\/strong>.<\/p>\n\n\n<div class=\"wp-block-image\">\n<figure class=\"aligncenter size-full\"><a href=\"https:\/\/www.elsindical.com.ar\/notas\/var\/www\/html\/notas\/wp-content\/uploads\/2025\/07\/aceite-de-oliva-Valle-del-Tunuyan.jpg\"><img loading=\"lazy\" decoding=\"async\" width=\"550\" height=\"450\" src=\"https:\/\/www.elsindical.com.ar\/notas\/var\/www\/html\/notas\/wp-content\/uploads\/2025\/07\/aceite-de-oliva-Valle-del-Tunuyan.jpg\" alt=\"\" class=\"wp-image-139107\" srcset=\"https:\/\/www.elsindical.com.ar\/notas\/var\/www\/html\/notas\/wp-content\/uploads\/2025\/07\/aceite-de-oliva-Valle-del-Tunuyan.jpg 550w, https:\/\/www.elsindical.com.ar\/notas\/var\/www\/html\/notas\/wp-content\/uploads\/2025\/07\/aceite-de-oliva-Valle-del-Tunuyan-300x245.jpg 300w\" sizes=\"auto, (max-width: 550px) 100vw, 550px\" \/><\/a><\/figure>\n<\/div>\n\n\n<p>La investigaci\u00f3n realizada por el <strong>Instituto Nacional de Alimentos<\/strong> (INAL) tambi\u00e9n constat\u00f3 que el n\u00famero de RNPA declarado en el envase no exist\u00eda. Como resultado, este producto fue alcanzado por una medida similar a la de los casos anteriores, formalizada a trav\u00e9s de la Disposici\u00f3n 5096\/2025.<\/p>\n","protected":false},"excerpt":{"rendered":"<p>Tambi\u00e9n este organismo prohibi\u00f3 tres marcas de aceites. Los cuatro productos pertenecen a las provincias de C\u00f3rdoba, a Mendoza y a Tucum\u00e1n. Este mi\u00e9rcoles por la madrugada, la Administraci\u00f3n Nacional de Medicamentos, Alimentos y Tecnolog\u00eda Medica(ANMAT) public\u00f3 en el Bolet\u00edn Oficial una serie de prohibiciones de venta al p\u00fablico de un az\u00facar, adem\u00e1s de tres&hellip;<\/p>\n","protected":false},"author":1,"featured_media":139108,"comment_status":"open","ping_status":"open","sticky":false,"template":"","format":"standard","meta":{"footnotes":""},"categories":[23],"tags":[45605,45606,45607,1394,1295,2450],"class_list":["post-139104","post","type-post","status-publish","format-standard","has-post-thumbnail","hentry","category-salud","tag-aceite-de-oliva-los-ayllos","tag-aceite-de-oliva-olivares-del-rey","tag-aceite-de-oliva-valle-de-tuniyan","tag-anmat","tag-boletin-oficial","tag-diario-el-sindical"],"_links":{"self":[{"href":"https:\/\/www.elsindical.com.ar\/notas\/wp-json\/wp\/v2\/posts\/139104","targetHints":{"allow":["GET"]}}],"collection":[{"href":"https:\/\/www.elsindical.com.ar\/notas\/wp-json\/wp\/v2\/posts"}],"about":[{"href":"https:\/\/www.elsindical.com.ar\/notas\/wp-json\/wp\/v2\/types\/post"}],"author":[{"embeddable":true,"href":"https:\/\/www.elsindical.com.ar\/notas\/wp-json\/wp\/v2\/users\/1"}],"replies":[{"embeddable":true,"href":"https:\/\/www.elsindical.com.ar\/notas\/wp-json\/wp\/v2\/comments?post=139104"}],"version-history":[{"count":1,"href":"https:\/\/www.elsindical.com.ar\/notas\/wp-json\/wp\/v2\/posts\/139104\/revisions"}],"predecessor-version":[{"id":139109,"href":"https:\/\/www.elsindical.com.ar\/notas\/wp-json\/wp\/v2\/posts\/139104\/revisions\/139109"}],"wp:featuredmedia":[{"embeddable":true,"href":"https:\/\/www.elsindical.com.ar\/notas\/wp-json\/wp\/v2\/media\/139108"}],"wp:attachment":[{"href":"https:\/\/www.elsindical.com.ar\/notas\/wp-json\/wp\/v2\/media?parent=139104"}],"wp:term":[{"taxonomy":"category","embeddable":true,"href":"https:\/\/www.elsindical.com.ar\/notas\/wp-json\/wp\/v2\/categories?post=139104"},{"taxonomy":"post_tag","embeddable":true,"href":"https:\/\/www.elsindical.com.ar\/notas\/wp-json\/wp\/v2\/tags?post=139104"}],"curies":[{"name":"wp","href":"https:\/\/api.w.org\/{rel}","templated":true}]}}