{"id":139101,"date":"2025-07-23T16:32:28","date_gmt":"2025-07-23T19:32:28","guid":{"rendered":"https:\/\/www.elsindical.com.ar\/notas\/?p=139101"},"modified":"2025-07-23T16:32:34","modified_gmt":"2025-07-23T19:32:34","slug":"lanus-investigan-un-matricidio","status":"publish","type":"post","link":"https:\/\/www.elsindical.com.ar\/notas\/lanus-investigan-un-matricidio\/","title":{"rendered":"Lan\u00fas: investigan un matricidio"},"content":{"rendered":"<div class=\"wp-block-image\">\n<figure class=\"aligncenter size-full\"><a href=\"https:\/\/www.elsindical.com.ar\/notas\/var\/www\/html\/notas\/wp-content\/uploads\/2025\/07\/Lanus-matricidio-julio-25.jpg\"><img loading=\"lazy\" decoding=\"async\" width=\"700\" height=\"394\" src=\"https:\/\/www.elsindical.com.ar\/notas\/var\/www\/html\/notas\/wp-content\/uploads\/2025\/07\/Lanus-matricidio-julio-25.jpg\" alt=\"\" class=\"wp-image-139102\" srcset=\"https:\/\/www.elsindical.com.ar\/notas\/var\/www\/html\/notas\/wp-content\/uploads\/2025\/07\/Lanus-matricidio-julio-25.jpg 700w, https:\/\/www.elsindical.com.ar\/notas\/var\/www\/html\/notas\/wp-content\/uploads\/2025\/07\/Lanus-matricidio-julio-25-300x169.jpg 300w, https:\/\/www.elsindical.com.ar\/notas\/var\/www\/html\/notas\/wp-content\/uploads\/2025\/07\/Lanus-matricidio-julio-25-460x260.jpg 460w\" sizes=\"auto, (max-width: 700px) 100vw, 700px\" \/><\/a><\/figure>\n<\/div>\n\n\n<p>El cuerpo de N\u00e9lida Rol\u00f3n fue encontrado en su casa de Lan\u00fas con signos de una golpiza. Detuvieron a su hijo.<\/p>\n\n\n\n<p><strong>Una mujer de 73 a\u00f1os fue hallada muerta en su casa de Lan\u00fas y detuvieron a su hijo, un hombre de 47, por el caso. <\/strong>La autopsia es clave para determinar las causas de la muerte, pero en principio se investiga un matricidio.<\/p>\n\n\n\n<p>El dram\u00e1tico suceso tuvo lugar en una vivienda de la calle <strong>Libertad al 1300<\/strong> de Lan\u00fas. Fue el hermano de la mujer quien avis\u00f3 a la Polic\u00eda que no pod\u00eda comunicarse con ella y cuando los efectivos arribaron a la vivienda, <strong>encontraron a la mujer fallecida, identificada como N\u00e9lida Rol\u00f3n<\/strong> (73).<\/p>\n\n\n\n<p>La primera informaci\u00f3n habla de numerosos golpes, pero ser\u00e1 clave la operaci\u00f3n de autopsia que se practicar\u00e1 al cuerpo para determinar las causas de la muerte.<\/p>\n\n\n\n<p><strong>Su hijo, Dionisio (47)<\/strong>, estaba en la vivienda y si bien se cre\u00eda que ten\u00eda alg\u00fan problema de salud mental, fue desestimado en las \u00faltimas horas. Fue <strong>detenido<\/strong> ya que se investiga un matricidio.<\/p>\n\n\n\n<p>La causa fue caratulada como <strong>\u201chomicidio agravado por el v\u00ednculo\u201d<\/strong> y est\u00e1 en manos de la Unidad Funcional de Instrucci\u00f3n (UFI) 8 del Departamento Judicial de Avellaneda-Lan\u00fas.<\/p>\n","protected":false},"excerpt":{"rendered":"<p>El cuerpo de N\u00e9lida Rol\u00f3n fue encontrado en su casa de Lan\u00fas con signos de una golpiza. Detuvieron a su hijo. Una mujer de 73 a\u00f1os fue hallada muerta en su casa de Lan\u00fas y detuvieron a su hijo, un hombre de 47, por el caso. La autopsia es clave para determinar las causas de&hellip;<\/p>\n","protected":false},"author":1,"featured_media":139102,"comment_status":"open","ping_status":"open","sticky":false,"template":"","format":"standard","meta":{"footnotes":""},"categories":[22],"tags":[42799,209,39730,42609,16396],"class_list":["post-139101","post","type-post","status-publish","format-standard","has-post-thumbnail","hentry","category-policiales","tag-jefe-de-policia-comisario-general-javier-carlos-villar","tag-lanus","tag-matricidio","tag-noticias-policiales","tag-pba"],"_links":{"self":[{"href":"https:\/\/www.elsindical.com.ar\/notas\/wp-json\/wp\/v2\/posts\/139101","targetHints":{"allow":["GET"]}}],"collection":[{"href":"https:\/\/www.elsindical.com.ar\/notas\/wp-json\/wp\/v2\/posts"}],"about":[{"href":"https:\/\/www.elsindical.com.ar\/notas\/wp-json\/wp\/v2\/types\/post"}],"author":[{"embeddable":true,"href":"https:\/\/www.elsindical.com.ar\/notas\/wp-json\/wp\/v2\/users\/1"}],"replies":[{"embeddable":true,"href":"https:\/\/www.elsindical.com.ar\/notas\/wp-json\/wp\/v2\/comments?post=139101"}],"version-history":[{"count":1,"href":"https:\/\/www.elsindical.com.ar\/notas\/wp-json\/wp\/v2\/posts\/139101\/revisions"}],"predecessor-version":[{"id":139103,"href":"https:\/\/www.elsindical.com.ar\/notas\/wp-json\/wp\/v2\/posts\/139101\/revisions\/139103"}],"wp:featuredmedia":[{"embeddable":true,"href":"https:\/\/www.elsindical.com.ar\/notas\/wp-json\/wp\/v2\/media\/139102"}],"wp:attachment":[{"href":"https:\/\/www.elsindical.com.ar\/notas\/wp-json\/wp\/v2\/media?parent=139101"}],"wp:term":[{"taxonomy":"category","embeddable":true,"href":"https:\/\/www.elsindical.com.ar\/notas\/wp-json\/wp\/v2\/categories?post=139101"},{"taxonomy":"post_tag","embeddable":true,"href":"https:\/\/www.elsindical.com.ar\/notas\/wp-json\/wp\/v2\/tags?post=139101"}],"curies":[{"name":"wp","href":"https:\/\/api.w.org\/{rel}","templated":true}]}}