{"id":139099,"date":"2025-07-23T01:41:22","date_gmt":"2025-07-23T04:41:22","guid":{"rendered":"https:\/\/www.elsindical.com.ar\/notas\/?p=139099"},"modified":"2025-07-23T01:41:28","modified_gmt":"2025-07-23T04:41:28","slug":"fmi-y-financial-times-advierten-sobre-la-fragilidad-economica-del-plan-milei","status":"publish","type":"post","link":"https:\/\/www.elsindical.com.ar\/notas\/fmi-y-financial-times-advierten-sobre-la-fragilidad-economica-del-plan-milei\/","title":{"rendered":"FMI y Financial Times advierten sobre la fragilidad econ\u00f3mica del plan Milei"},"content":{"rendered":"\n<figure class=\"wp-block-image size-large\"><a href=\"https:\/\/www.elsindical.com.ar\/notas\/var\/www\/html\/notas\/wp-content\/uploads\/2022\/10\/FMI-sede.jpg\"><img loading=\"lazy\" decoding=\"async\" width=\"1024\" height=\"573\" src=\"https:\/\/www.elsindical.com.ar\/notas\/var\/www\/html\/notas\/wp-content\/uploads\/2022\/10\/FMI-sede-1024x573.jpg\" alt=\"\" class=\"wp-image-117235\" srcset=\"https:\/\/www.elsindical.com.ar\/notas\/var\/www\/html\/notas\/wp-content\/uploads\/2022\/10\/FMI-sede-1024x573.jpg 1024w, https:\/\/www.elsindical.com.ar\/notas\/var\/www\/html\/notas\/wp-content\/uploads\/2022\/10\/FMI-sede-300x168.jpg 300w, https:\/\/www.elsindical.com.ar\/notas\/var\/www\/html\/notas\/wp-content\/uploads\/2022\/10\/FMI-sede-768x430.jpg 768w, https:\/\/www.elsindical.com.ar\/notas\/var\/www\/html\/notas\/wp-content\/uploads\/2022\/10\/FMI-sede-500x280.jpg 500w, https:\/\/www.elsindical.com.ar\/notas\/var\/www\/html\/notas\/wp-content\/uploads\/2022\/10\/FMI-sede.jpg 1120w\" sizes=\"auto, (max-width: 1024px) 100vw, 1024px\" \/><\/a><\/figure>\n\n\n\n<p>El organismo internacional volvi\u00f3 a alertar por el bajo nivel de reservas y el diario brit\u00e1nico cuestion\u00f3 la pol\u00edtica de fortalecimiento del peso, la falta de inversi\u00f3n y el aumento de las importaciones.<\/p>\n\n\n\n<p>El <strong>Fondo Monetario Internacional (FMI) volvi\u00f3 a encender las alarmas sobre la situaci\u00f3n de la econom\u00eda argentina<\/strong>. En su \u00faltimo reporte sobre el Sector Externo, publicado este martes, el organismo se\u00f1al\u00f3 que las reservas internacionales netas \u201c<strong>siguen siendo cr\u00edticamente bajas\u201d<\/strong>, a pesar de ciertas mejoras registradas desde fines de 2023.<\/p>\n\n\n\n<p>La advertencia llega pocos d\u00edas despu\u00e9s de que el Gobierno solicitara un waiver <strong>por no haber cumplido con la meta de acumulaci\u00f3n de divisas acordada en el programa vigente.<\/strong><\/p>\n\n\n\n<p>\u201cEl panorama externo en 2024 fue m\u00e1s d\u00e9bil que lo proyectado en funci\u00f3n de los fundamentos y pol\u00edticas deseables\u201d, se\u00f1al\u00f3 el FMI, que reconoci\u00f3 cierto avance econ\u00f3mico pero insisti\u00f3 en que la cobertura de reservas contin\u00faa siendo \u201cinadecuada\u201d.<\/p>\n\n\n\n<p>Seg\u00fan el informe, a fines de marzo las <strong>reservas netas a\u00fan se ubicaban en terreno negativo<\/strong>, en torno a los 6.000 millones de d\u00f3lares, tras haber tocado los -11.000 millones en 2023. Para el Fondo, es clave sostener una acumulaci\u00f3n constante <strong>que permita afrontar compromisos de deuda y consolidar estabilidad cambiaria.<\/strong><\/p>\n\n\n\n<p>A esa mirada cr\u00edtica se sum\u00f3 el diario brit\u00e1nico Financial Times, que public\u00f3 un art\u00edculo titulado \u201c<strong>La arriesgada apuesta de Javier Milei por un peso fuerte\u201d<\/strong>, en el que advierte sobre el impacto negativo del tipo de cambio apreciado, la falta de inversi\u00f3n privada y el aumento del desempleo.<\/p>\n\n\n\n<p>Seg\u00fan su editor para Am\u00e9rica Latina, Michael Stott, <strong>el Gobierno prioriz\u00f3 el control de la inflaci\u00f3n pero desatendi\u00f3 el crecimiento, la acumulaci\u00f3n de reservas y el equilibrio en la cuenta corriente.<\/strong> El texto remarca que el tipo de cambio real se fortaleci\u00f3 cerca de un 40%, lo que provoc\u00f3 un salto en las importaciones y complic\u00f3 a las peque\u00f1as empresas.<\/p>\n\n\n\n<p><strong>Tambi\u00e9n se\u00f1ala que el desempleo alcanz\u00f3 su nivel m\u00e1s alto en cuatro a\u00f1os y cuestiona la pol\u00edtica econ\u00f3mica libertaria por no generar condiciones atractivas para la inversi\u00f3n<\/strong>: \u201cEl empresariado exige una eliminaci\u00f3n total de los controles cambiarios y una reforma laboral profunda\u201d, afirma el diario.<\/p>\n\n\n\n<p>En plena negociaci\u00f3n con el FMI y con elecciones legislativas en el horizonte, el Gobierno enfrenta un escenario de advertencias desde el exterior y creciente presi\u00f3n interna.<\/p>\n","protected":false},"excerpt":{"rendered":"<p>El organismo internacional volvi\u00f3 a alertar por el bajo nivel de reservas y el diario brit\u00e1nico cuestion\u00f3 la pol\u00edtica de fortalecimiento del peso, la falta de inversi\u00f3n y el aumento de las importaciones. El Fondo Monetario Internacional (FMI) volvi\u00f3 a encender las alarmas sobre la situaci\u00f3n de la econom\u00eda argentina. En su \u00faltimo reporte sobre&hellip;<\/p>\n","protected":false},"author":1,"featured_media":117235,"comment_status":"open","ping_status":"open","sticky":false,"template":"","format":"standard","meta":{"footnotes":""},"categories":[9],"tags":[2450,45603,19094,6925,28812,45604],"class_list":["post-139099","post","type-post","status-publish","format-standard","has-post-thumbnail","hentry","category-economia","tag-diario-el-sindical","tag-economia-argentina","tag-financial-times","tag-fmi","tag-javier-milei","tag-michael-stott"],"_links":{"self":[{"href":"https:\/\/www.elsindical.com.ar\/notas\/wp-json\/wp\/v2\/posts\/139099","targetHints":{"allow":["GET"]}}],"collection":[{"href":"https:\/\/www.elsindical.com.ar\/notas\/wp-json\/wp\/v2\/posts"}],"about":[{"href":"https:\/\/www.elsindical.com.ar\/notas\/wp-json\/wp\/v2\/types\/post"}],"author":[{"embeddable":true,"href":"https:\/\/www.elsindical.com.ar\/notas\/wp-json\/wp\/v2\/users\/1"}],"replies":[{"embeddable":true,"href":"https:\/\/www.elsindical.com.ar\/notas\/wp-json\/wp\/v2\/comments?post=139099"}],"version-history":[{"count":1,"href":"https:\/\/www.elsindical.com.ar\/notas\/wp-json\/wp\/v2\/posts\/139099\/revisions"}],"predecessor-version":[{"id":139100,"href":"https:\/\/www.elsindical.com.ar\/notas\/wp-json\/wp\/v2\/posts\/139099\/revisions\/139100"}],"wp:featuredmedia":[{"embeddable":true,"href":"https:\/\/www.elsindical.com.ar\/notas\/wp-json\/wp\/v2\/media\/117235"}],"wp:attachment":[{"href":"https:\/\/www.elsindical.com.ar\/notas\/wp-json\/wp\/v2\/media?parent=139099"}],"wp:term":[{"taxonomy":"category","embeddable":true,"href":"https:\/\/www.elsindical.com.ar\/notas\/wp-json\/wp\/v2\/categories?post=139099"},{"taxonomy":"post_tag","embeddable":true,"href":"https:\/\/www.elsindical.com.ar\/notas\/wp-json\/wp\/v2\/tags?post=139099"}],"curies":[{"name":"wp","href":"https:\/\/api.w.org\/{rel}","templated":true}]}}