{"id":139058,"date":"2025-07-20T11:11:16","date_gmt":"2025-07-20T14:11:16","guid":{"rendered":"https:\/\/www.elsindical.com.ar\/notas\/?p=139058"},"modified":"2025-07-20T11:18:03","modified_gmt":"2025-07-20T14:18:03","slug":"pinamar-justicia-por-fausto-mas-presente-y-mas-fuerte-el-reclamo","status":"publish","type":"post","link":"https:\/\/www.elsindical.com.ar\/notas\/pinamar-justicia-por-fausto-mas-presente-y-mas-fuerte-el-reclamo\/","title":{"rendered":"Pinamar: Justicia por Fausto, m\u00e1s presente y m\u00e1s fuerte el reclamo"},"content":{"rendered":"<div class=\"wp-block-image\">\n<figure class=\"aligncenter size-full is-resized\"><a href=\"https:\/\/www.elsindical.com.ar\/notas\/var\/www\/html\/notas\/wp-content\/uploads\/2025\/07\/Justicia-por-Fausto-la-lucha-de-una-madre.jpg\"><img loading=\"lazy\" decoding=\"async\" width=\"650\" height=\"339\" src=\"https:\/\/www.elsindical.com.ar\/notas\/var\/www\/html\/notas\/wp-content\/uploads\/2025\/07\/Justicia-por-Fausto-la-lucha-de-una-madre.jpg\" alt=\"\" class=\"wp-image-139064\" style=\"width:754px;height:auto\" srcset=\"https:\/\/www.elsindical.com.ar\/notas\/var\/www\/html\/notas\/wp-content\/uploads\/2025\/07\/Justicia-por-Fausto-la-lucha-de-una-madre.jpg 650w, https:\/\/www.elsindical.com.ar\/notas\/var\/www\/html\/notas\/wp-content\/uploads\/2025\/07\/Justicia-por-Fausto-la-lucha-de-una-madre-300x156.jpg 300w\" sizes=\"auto, (max-width: 650px) 100vw, 650px\" \/><\/a><\/figure>\n<\/div>\n\n\n<p>   Luego de distintas reuniones con pol\u00edticos locales en el HCD de Pinamar, funcionarios provinciales y estrategias legales, Carina Zabala realiz\u00f3 distintos reclamos de justicia y record\u00f3 a su hijo Fausto, advirtiendo que apoya toda iniciativa para evitar nuevos accidentes o muertes, el control de las obras, pero que su lucha sigue hasta que haya justicia.<\/p>\n\n\n<div class=\"wp-block-image\">\n<figure class=\"aligncenter size-full is-resized\"><a href=\"https:\/\/www.elsindical.com.ar\/notas\/var\/www\/html\/notas\/wp-content\/uploads\/2025\/07\/Pinamar-18-de-julio-2025.jpg\"><img loading=\"lazy\" decoding=\"async\" width=\"708\" height=\"401\" src=\"https:\/\/www.elsindical.com.ar\/notas\/var\/www\/html\/notas\/wp-content\/uploads\/2025\/07\/Pinamar-18-de-julio-2025.jpg\" alt=\"\" class=\"wp-image-139059\" style=\"width:770px;height:auto\" srcset=\"https:\/\/www.elsindical.com.ar\/notas\/var\/www\/html\/notas\/wp-content\/uploads\/2025\/07\/Pinamar-18-de-julio-2025.jpg 708w, https:\/\/www.elsindical.com.ar\/notas\/var\/www\/html\/notas\/wp-content\/uploads\/2025\/07\/Pinamar-18-de-julio-2025-300x170.jpg 300w, https:\/\/www.elsindical.com.ar\/notas\/var\/www\/html\/notas\/wp-content\/uploads\/2025\/07\/Pinamar-18-de-julio-2025-220x126.jpg 220w, https:\/\/www.elsindical.com.ar\/notas\/var\/www\/html\/notas\/wp-content\/uploads\/2025\/07\/Pinamar-18-de-julio-2025-460x260.jpg 460w\" sizes=\"auto, (max-width: 708px) 100vw, 708px\" \/><\/a><\/figure>\n<\/div>\n\n\n<h2 class=\"wp-block-heading\">Reclamo en el municipio<\/h2>\n\n\n\n<p>   Como todos los viernes, Carina Zabala volvi\u00f3 al reclamo en las puertas del municipio, el d\u00eda 18 de julio, resumiendo en su muro lo siguiente:<\/p>\n\n\n\n<p>Hoy vuelvo con el sirenazo 62\u2070 en la municipalidad de Pinamar, despu\u00e9s de tres semanas de ausencia , pero no en la lucha. Estuve en el Honorable Concejo Deliberante y<a><\/a> en el Ministerio de Trabajo, porque la lucha <a href=\"https:\/\/www.facebook.com\/hashtag\/justiciaporfausto?__eep__=6&amp;__cft__[0]=AZWqNPEHOxPevmsVFzL-Aan-AeaCOOWoa3DafEOj9aDPA6rovESJ_cehGdGxzrJGAbOi3ngELoiRWEDoee_z1ycw6kRiuuoFw5cWHzDLD72pEO509oeP6dMRiNuGhvMv95mnx8_uNF7hLPplCPn0L1_vNroQxvRLZzeEwOFTkqt7o6Wpqaa73Locq352YkkSlbA&amp;__tn__=*NK-R\">#JusticiaPorFausto<\/a> avanza, y la irresponsabilidad del Estado municipal tambi\u00e9n.<\/p>\n\n\n\n<p><img loading=\"lazy\" decoding=\"async\" height=\"16\" width=\"16\" alt=\"&#x1f4e2;\" src=\"https:\/\/static.xx.fbcdn.net\/images\/emoji.php\/v9\/t39\/1\/16\/1f4e2.png\"> Y hoy quiero volver a recordar algo que algunos parecen olvidar: la responsabilidad primaria de fiscalizar obras privadas dentro del territorio municipal es del MUNICIPIO. No es opcional. No es simb\u00f3lica. Es su deber legal.<\/p>\n\n\n\n<p><img loading=\"lazy\" decoding=\"async\" height=\"16\" width=\"16\" alt=\"&#x1f4e2;\" src=\"https:\/\/static.xx.fbcdn.net\/images\/emoji.php\/v9\/t39\/1\/16\/1f4e2.png\"> Y dentro de ese deber, hay nombres propios. Exijo p\u00fablicamente que el Director de Obras Particulares, el Arq. Nicol\u00e1s Villalba, sea interpelado en audiencia p\u00fablica. Que rinda cuentas, lo solicit\u00e9 al HCD!!!. Que explique por qu\u00e9 no se fiscaliza, por qu\u00e9 no se actua; denunci\u00e9 20 obras de edificios siendo el Ministerio de trabajo el que constat\u00f3 que mis denuncias fueron acertadas, hab\u00eda irregularidades graves . Siguen amparando empresarios, a\u00fan habiendo muerto Fausto por falta de controles de su gesti\u00f3n.<\/p>\n\n\n\n<p><img loading=\"lazy\" decoding=\"async\" height=\"16\" width=\"16\" alt=\"&#x1f4e2;\" src=\"https:\/\/static.xx.fbcdn.net\/images\/emoji.php\/v9\/t39\/1\/16\/1f4e2.png\"> El Silencio Es Encubrimiento. Y la omisi\u00f3n tambi\u00e9n mata. Por eso hoy, una vez m\u00e1s, el meg\u00e1fono volver\u00e1 a sonar.<\/p>\n\n\n\n<p>A m\u00ed no me distraen!<\/p>\n\n\n<div class=\"wp-block-image\">\n<figure class=\"aligncenter size-full\"><a href=\"https:\/\/www.elsindical.com.ar\/notas\/var\/www\/html\/notas\/wp-content\/uploads\/2025\/07\/cartel-Justicia-por-Fausto-entrada-Pinamar.jpg\"><img loading=\"lazy\" decoding=\"async\" width=\"500\" height=\"865\" src=\"https:\/\/www.elsindical.com.ar\/notas\/var\/www\/html\/notas\/wp-content\/uploads\/2025\/07\/cartel-Justicia-por-Fausto-entrada-Pinamar.jpg\" alt=\"\" class=\"wp-image-139060\" srcset=\"https:\/\/www.elsindical.com.ar\/notas\/var\/www\/html\/notas\/wp-content\/uploads\/2025\/07\/cartel-Justicia-por-Fausto-entrada-Pinamar.jpg 500w, https:\/\/www.elsindical.com.ar\/notas\/var\/www\/html\/notas\/wp-content\/uploads\/2025\/07\/cartel-Justicia-por-Fausto-entrada-Pinamar-173x300.jpg 173w\" sizes=\"auto, (max-width: 500px) 100vw, 500px\" \/><\/a><\/figure>\n<\/div>\n\n\n<h2 class=\"wp-block-heading\">El municipio env\u00eda a despegar los carteles de Justicia por Fausto<\/h2>\n\n\n\n<p>Ibarguren y sus funcionarios pensaron que me iba a cansar, y siguen creyendo que ignorando la muerte de Fausto y mi lucha , todo quedar\u00e1 en la nada. Fingen dem3ncia!<\/p>\n\n\n\n<p>Nada es para siempre!<\/p>\n\n\n\n<p><a href=\"https:\/\/www.facebook.com\/watch\/hashtag\/justiciaporfausto?__eep__=6%2F&amp;__cft__[0]=AZXBfI1pqY_T7hntIob1P4ZVC9ysDqAkI7rNxE-5Y0RFGPpxQ9mvrCbRhkjcwBXIyQxtLXxh-2rfzHZiKyOu1DXU9LBk684H8kd2YfqcG3t9Vu0_YrgTjRHpvKPhwRqhQigS77gaf-IirjUcXdRjvP2eQQZrXhdsTBYd1vJPjd7NdhunF7aw3hLj4fbYuosX1Zl9KWlrdTh7-4yfLHUKhPWv&amp;__tn__=*NK-R\">#JusticiaPorFausto<\/a><\/p>\n\n\n\n<p><a href=\"https:\/\/www.facebook.com\/watch\/hashtag\/bastadenegligencia?__eep__=6%2F&amp;__cft__[0]=AZXBfI1pqY_T7hntIob1P4ZVC9ysDqAkI7rNxE-5Y0RFGPpxQ9mvrCbRhkjcwBXIyQxtLXxh-2rfzHZiKyOu1DXU9LBk684H8kd2YfqcG3t9Vu0_YrgTjRHpvKPhwRqhQigS77gaf-IirjUcXdRjvP2eQQZrXhdsTBYd1vJPjd7NdhunF7aw3hLj4fbYuosX1Zl9KWlrdTh7-4yfLHUKhPWv&amp;__tn__=*NK-R\">#BastadeNegligencia<\/a><\/p>\n\n\n\n<p><a href=\"https:\/\/www.facebook.com\/watch\/hashtag\/bastadeimpunidad?__eep__=6%2F&amp;__cft__[0]=AZXBfI1pqY_T7hntIob1P4ZVC9ysDqAkI7rNxE-5Y0RFGPpxQ9mvrCbRhkjcwBXIyQxtLXxh-2rfzHZiKyOu1DXU9LBk684H8kd2YfqcG3t9Vu0_YrgTjRHpvKPhwRqhQigS77gaf-IirjUcXdRjvP2eQQZrXhdsTBYd1vJPjd7NdhunF7aw3hLj4fbYuosX1Zl9KWlrdTh7-4yfLHUKhPWv&amp;__tn__=*NK-R\">#BastadeImpunidad<\/a><\/p>\n\n\n\n<p><a href=\"https:\/\/www.facebook.com\/watch\/hashtag\/juanibarguren?__eep__=6%2F&amp;__cft__[0]=AZXBfI1pqY_T7hntIob1P4ZVC9ysDqAkI7rNxE-5Y0RFGPpxQ9mvrCbRhkjcwBXIyQxtLXxh-2rfzHZiKyOu1DXU9LBk684H8kd2YfqcG3t9Vu0_YrgTjRHpvKPhwRqhQigS77gaf-IirjUcXdRjvP2eQQZrXhdsTBYd1vJPjd7NdhunF7aw3hLj4fbYuosX1Zl9KWlrdTh7-4yfLHUKhPWv&amp;__tn__=*NK-R\">#juanIbarguren<\/a><\/p>\n\n\n\n<p><a href=\"https:\/\/www.facebook.com\/watch\/hashtag\/munipinamar?__eep__=6%2F&amp;__cft__[0]=AZXBfI1pqY_T7hntIob1P4ZVC9ysDqAkI7rNxE-5Y0RFGPpxQ9mvrCbRhkjcwBXIyQxtLXxh-2rfzHZiKyOu1DXU9LBk684H8kd2YfqcG3t9Vu0_YrgTjRHpvKPhwRqhQigS77gaf-IirjUcXdRjvP2eQQZrXhdsTBYd1vJPjd7NdhunF7aw3hLj4fbYuosX1Zl9KWlrdTh7-4yfLHUKhPWv&amp;__tn__=*NK-R\">#Munipinamar<\/a><\/p>\n\n\n\n<figure class=\"wp-block-embed is-type-video is-provider-youtube wp-block-embed-youtube wp-embed-aspect-16-9 wp-has-aspect-ratio\"><div class=\"wp-block-embed__wrapper\">\n<iframe loading=\"lazy\" title=\"Pinamar municipio env\u00eda a sacar carteles de Justicia por Fausto\" width=\"700\" height=\"394\" src=\"https:\/\/www.youtube.com\/embed\/hTTbdX3SkEg?feature=oembed\" frameborder=\"0\" allow=\"accelerometer; autoplay; clipboard-write; encrypted-media; gyroscope; picture-in-picture; web-share\" referrerpolicy=\"strict-origin-when-cross-origin\" allowfullscreen><\/iframe>\n<\/div><\/figure>\n\n\n<div class=\"wp-block-image\">\n<figure class=\"aligncenter size-full is-resized\"><a href=\"https:\/\/www.elsindical.com.ar\/notas\/var\/www\/html\/notas\/wp-content\/uploads\/2025\/07\/Fausto-y-Carina-en-la-Playa-Pinamar.jpg\"><img loading=\"lazy\" decoding=\"async\" width=\"511\" height=\"684\" src=\"https:\/\/www.elsindical.com.ar\/notas\/var\/www\/html\/notas\/wp-content\/uploads\/2025\/07\/Fausto-y-Carina-en-la-Playa-Pinamar.jpg\" alt=\"\" class=\"wp-image-139061\" style=\"width:597px;height:auto\" srcset=\"https:\/\/www.elsindical.com.ar\/notas\/var\/www\/html\/notas\/wp-content\/uploads\/2025\/07\/Fausto-y-Carina-en-la-Playa-Pinamar.jpg 511w, https:\/\/www.elsindical.com.ar\/notas\/var\/www\/html\/notas\/wp-content\/uploads\/2025\/07\/Fausto-y-Carina-en-la-Playa-Pinamar-224x300.jpg 224w\" sizes=\"auto, (max-width: 511px) 100vw, 511px\" \/><\/a><\/figure>\n<\/div>\n\n\n<h2 class=\"wp-block-heading\">D\u00eda del amigo sin Fausto<\/h2>\n\n\n\n<p>   Fausto Maldonado , un joven de 19 a\u00f1os , ya no puede ir a pescar al muelle, ya no puede juntarse con sus amigos. Ya no puede re\u00edrse con su Hermano, no hacer planes con <a><\/a>su hermana. Ya no me puede decir \u00bb Yo tambi\u00e9n te amo M\u00e1\u00bb porque a FAUSTO LO MAT\u00d3 LA NEGLIGENCIA EMPRESARIAL y LA FALTA DE CONTROLES DEL ESTADO MUNICIPAL.<\/p>\n\n\n\n<p><a href=\"https:\/\/www.facebook.com\/hashtag\/martinyeza?__eep__=6&amp;__cft__[0]=AZXOaZwMahT3LOt7nn1Ta2JoB830-ur37n25Trl6Us96VySbLuWMjQYeoeQYwtmcyCVjTPQV2q0vRI7evBwyGiHoEIWWjzCWFgrQ9wVM7Q2UGHVeigXcqFsR_hN6qVrzePEsI7Af0doTGBMqmPAaw-yVGWgVthRf_JF29uNfevQnJs5-4GJ9bk4gJ0gO1Fn-bDg6h-Jo2gahXx24h08PSY4O&amp;__tn__=*NK-R\">#MartinYeza<\/a> responsable !<\/p>\n\n\n\n<p><a href=\"https:\/\/www.facebook.com\/hashtag\/arquitectonicolasvillalba?__eep__=6&amp;__cft__[0]=AZXOaZwMahT3LOt7nn1Ta2JoB830-ur37n25Trl6Us96VySbLuWMjQYeoeQYwtmcyCVjTPQV2q0vRI7evBwyGiHoEIWWjzCWFgrQ9wVM7Q2UGHVeigXcqFsR_hN6qVrzePEsI7Af0doTGBMqmPAaw-yVGWgVthRf_JF29uNfevQnJs5-4GJ9bk4gJ0gO1Fn-bDg6h-Jo2gahXx24h08PSY4O&amp;__tn__=*NK-R\">#ArquitectoNicolasVillalba<\/a> responsable!<\/p>\n\n\n\n<p><a href=\"https:\/\/www.facebook.com\/hashtag\/justiciaporfausto?__eep__=6&amp;__cft__[0]=AZXOaZwMahT3LOt7nn1Ta2JoB830-ur37n25Trl6Us96VySbLuWMjQYeoeQYwtmcyCVjTPQV2q0vRI7evBwyGiHoEIWWjzCWFgrQ9wVM7Q2UGHVeigXcqFsR_hN6qVrzePEsI7Af0doTGBMqmPAaw-yVGWgVthRf_JF29uNfevQnJs5-4GJ9bk4gJ0gO1Fn-bDg6h-Jo2gahXx24h08PSY4O&amp;__tn__=*NK-R\">#JusticiaPorFausto<\/a><\/p>\n\n\n\n<figure class=\"wp-block-embed is-type-video is-provider-youtube wp-block-embed-youtube wp-embed-aspect-16-9 wp-has-aspect-ratio\"><div class=\"wp-block-embed__wrapper\">\n<iframe loading=\"lazy\" title=\"Pinamar D\u00eda del Amigo sin Fausto\" width=\"700\" height=\"394\" src=\"https:\/\/www.youtube.com\/embed\/7CdjbBOiMqA?feature=oembed\" frameborder=\"0\" allow=\"accelerometer; autoplay; clipboard-write; encrypted-media; gyroscope; picture-in-picture; web-share\" referrerpolicy=\"strict-origin-when-cross-origin\" allowfullscreen><\/iframe>\n<\/div><\/figure>\n\n\n<div class=\"wp-block-image\">\n<figure class=\"aligncenter size-full\"><a href=\"https:\/\/www.elsindical.com.ar\/notas\/var\/www\/html\/notas\/wp-content\/uploads\/2025\/07\/sirenazo-71-Justicia-por-Fausto.jpg\"><img loading=\"lazy\" decoding=\"async\" width=\"528\" height=\"923\" src=\"https:\/\/www.elsindical.com.ar\/notas\/var\/www\/html\/notas\/wp-content\/uploads\/2025\/07\/sirenazo-71-Justicia-por-Fausto.jpg\" alt=\"\" class=\"wp-image-139062\" srcset=\"https:\/\/www.elsindical.com.ar\/notas\/var\/www\/html\/notas\/wp-content\/uploads\/2025\/07\/sirenazo-71-Justicia-por-Fausto.jpg 528w, https:\/\/www.elsindical.com.ar\/notas\/var\/www\/html\/notas\/wp-content\/uploads\/2025\/07\/sirenazo-71-Justicia-por-Fausto-172x300.jpg 172w\" sizes=\"auto, (max-width: 528px) 100vw, 528px\" \/><\/a><\/figure>\n<\/div>\n\n\n<h2 class=\"wp-block-heading\">Sirenazo N\u00b0 71 Justicia por Fausto Positive Tower 3 &amp; 4<\/h2>\n\n\n\n<p>Sirenazo N\u2070 71<\/p>\n\n\n\n<p>Imputados por Homicidio Culposo.<\/p>\n\n\n\n<p><a href=\"https:\/\/www.facebook.com\/hashtag\/ivanrenkine?__eep__=6&amp;__cft__[0]=AZW_PrqXbsUelbC_-Nzblg74eihIKGL_4tMZPSqQ1ZAHBIGjw5kgsj7KjXG3FdVfP_mCOEv5OHKlb9Up3DkerdsPiWnXM6cDyTC5h5-VBq28Qq9me5xYdCEmicsrItmSjVQLulvq9ux0RQBwK3qFSEy96Q4OmAoBTjZYC0NHMxqm3H38ybxIWOyIn-N7zdk0cT3NyKuYfpca9iOrhE95LNyV&amp;__tn__=*NK-R\">#IvanRenkine<\/a><\/p>\n\n\n\n<p><a href=\"https:\/\/www.facebook.com\/hashtag\/gustqvogabrielmari?__eep__=6&amp;__cft__[0]=AZW_PrqXbsUelbC_-Nzblg74eihIKGL_4tMZPSqQ1ZAHBIGjw5kgsj7KjXG3FdVfP_mCOEv5OHKlb9Up3DkerdsPiWnXM6cDyTC5h5-VBq28Qq9me5xYdCEmicsrItmSjVQLulvq9ux0RQBwK3qFSEy96Q4OmAoBTjZYC0NHMxqm3H38ybxIWOyIn-N7zdk0cT3NyKuYfpca9iOrhE95LNyV&amp;__tn__=*NK-R\">#GustqvoGabrielMari<\/a><\/p>\n\n\n\n<p><a href=\"https:\/\/www.facebook.com\/hashtag\/marianomacias?__eep__=6&amp;__cft__[0]=AZW_PrqXbsUelbC_-Nzblg74eihIKGL_4tMZPSqQ1ZAHBIGjw5kgsj7KjXG3FdVfP_mCOEv5OHKlb9Up3DkerdsPiWnXM6cDyTC5h5-VBq28Qq9me5xYdCEmicsrItmSjVQLulvq9ux0RQBwK3qFSEy96Q4OmAoBTjZYC0NHMxqm3H38ybxIWOyIn-N7zdk0cT3NyKuYfpca9iOrhE95LNyV&amp;__tn__=*NK-R\">#MarianoMacias<\/a><\/p>\n\n\n\n<p><a href=\"https:\/\/www.facebook.com\/hashtag\/rubenconiglio?__eep__=6&amp;__cft__[0]=AZW_PrqXbsUelbC_-Nzblg74eihIKGL_4tMZPSqQ1ZAHBIGjw5kgsj7KjXG3FdVfP_mCOEv5OHKlb9Up3DkerdsPiWnXM6cDyTC5h5-VBq28Qq9me5xYdCEmicsrItmSjVQLulvq9ux0RQBwK3qFSEy96Q4OmAoBTjZYC0NHMxqm3H38ybxIWOyIn-N7zdk0cT3NyKuYfpca9iOrhE95LNyV&amp;__tn__=*NK-R\">#RubenConiglio<\/a><\/p>\n\n\n\n<p><a href=\"https:\/\/www.facebook.com\/hashtag\/justiciaporfausto?__eep__=6&amp;__cft__[0]=AZW_PrqXbsUelbC_-Nzblg74eihIKGL_4tMZPSqQ1ZAHBIGjw5kgsj7KjXG3FdVfP_mCOEv5OHKlb9Up3DkerdsPiWnXM6cDyTC5h5-VBq28Qq9me5xYdCEmicsrItmSjVQLulvq9ux0RQBwK3qFSEy96Q4OmAoBTjZYC0NHMxqm3H38ybxIWOyIn-N7zdk0cT3NyKuYfpca9iOrhE95LNyV&amp;__tn__=*NK-R\">#JusticiaPorFausto<\/a><\/p>\n\n\n\n<p><a href=\"https:\/\/www.facebook.com\/hashtag\/bastadenegligencia?__eep__=6&amp;__cft__[0]=AZW_PrqXbsUelbC_-Nzblg74eihIKGL_4tMZPSqQ1ZAHBIGjw5kgsj7KjXG3FdVfP_mCOEv5OHKlb9Up3DkerdsPiWnXM6cDyTC5h5-VBq28Qq9me5xYdCEmicsrItmSjVQLulvq9ux0RQBwK3qFSEy96Q4OmAoBTjZYC0NHMxqm3H38ybxIWOyIn-N7zdk0cT3NyKuYfpca9iOrhE95LNyV&amp;__tn__=*NK-R\">#Bastadenegligencia<\/a><\/p>\n\n\n\n<figure class=\"wp-block-embed is-type-video is-provider-youtube wp-block-embed-youtube wp-embed-aspect-16-9 wp-has-aspect-ratio\"><div class=\"wp-block-embed__wrapper\">\n<iframe loading=\"lazy\" title=\"Pinamar sirenazo 71 Justicia por Fausto\" width=\"700\" height=\"394\" src=\"https:\/\/www.youtube.com\/embed\/XCS76JARiWw?feature=oembed\" frameborder=\"0\" allow=\"accelerometer; autoplay; clipboard-write; encrypted-media; gyroscope; picture-in-picture; web-share\" referrerpolicy=\"strict-origin-when-cross-origin\" allowfullscreen><\/iframe>\n<\/div><\/figure>\n","protected":false},"excerpt":{"rendered":"<p>Luego de distintas reuniones con pol\u00edticos locales en el HCD de Pinamar, funcionarios provinciales y estrategias legales, Carina Zabala realiz\u00f3 distintos reclamos de justicia y record\u00f3 a su hijo Fausto, advirtiendo que apoya toda iniciativa para evitar nuevos accidentes o muertes, el control de las obras, pero que su lucha sigue hasta que haya justicia.&hellip;<\/p>\n","protected":false},"author":1,"featured_media":139064,"comment_status":"open","ping_status":"open","sticky":false,"template":"","format":"standard","meta":{"footnotes":""},"categories":[25],"tags":[44666,2450,44726,44736,45462,44667,44811,44708,23966,1516,45597,1228],"class_list":["post-139058","post","type-post","status-publish","format-standard","has-post-thumbnail","hentry","category-sociedad","tag-carina-zabala","tag-diario-el-sindical","tag-edificio-positive-tower","tag-gustavo-gabriel-mari","tag-hcd-pinamar","tag-ivan-renkine","tag-juan-manuel-ibarguren","tag-justicia-por-fausto","tag-martin-yeza","tag-pinamar","tag-sirenazo-71","tag-uocra"],"_links":{"self":[{"href":"https:\/\/www.elsindical.com.ar\/notas\/wp-json\/wp\/v2\/posts\/139058","targetHints":{"allow":["GET"]}}],"collection":[{"href":"https:\/\/www.elsindical.com.ar\/notas\/wp-json\/wp\/v2\/posts"}],"about":[{"href":"https:\/\/www.elsindical.com.ar\/notas\/wp-json\/wp\/v2\/types\/post"}],"author":[{"embeddable":true,"href":"https:\/\/www.elsindical.com.ar\/notas\/wp-json\/wp\/v2\/users\/1"}],"replies":[{"embeddable":true,"href":"https:\/\/www.elsindical.com.ar\/notas\/wp-json\/wp\/v2\/comments?post=139058"}],"version-history":[{"count":2,"href":"https:\/\/www.elsindical.com.ar\/notas\/wp-json\/wp\/v2\/posts\/139058\/revisions"}],"predecessor-version":[{"id":139065,"href":"https:\/\/www.elsindical.com.ar\/notas\/wp-json\/wp\/v2\/posts\/139058\/revisions\/139065"}],"wp:featuredmedia":[{"embeddable":true,"href":"https:\/\/www.elsindical.com.ar\/notas\/wp-json\/wp\/v2\/media\/139064"}],"wp:attachment":[{"href":"https:\/\/www.elsindical.com.ar\/notas\/wp-json\/wp\/v2\/media?parent=139058"}],"wp:term":[{"taxonomy":"category","embeddable":true,"href":"https:\/\/www.elsindical.com.ar\/notas\/wp-json\/wp\/v2\/categories?post=139058"},{"taxonomy":"post_tag","embeddable":true,"href":"https:\/\/www.elsindical.com.ar\/notas\/wp-json\/wp\/v2\/tags?post=139058"}],"curies":[{"name":"wp","href":"https:\/\/api.w.org\/{rel}","templated":true}]}}