{"id":139037,"date":"2025-07-18T16:03:18","date_gmt":"2025-07-18T19:03:18","guid":{"rendered":"https:\/\/www.elsindical.com.ar\/notas\/?p=139037"},"modified":"2025-07-18T16:10:37","modified_gmt":"2025-07-18T19:10:37","slug":"emotivo-acto-a-31-anos-del-atentado-a-la-amia-asistio-milei","status":"publish","type":"post","link":"https:\/\/www.elsindical.com.ar\/notas\/emotivo-acto-a-31-anos-del-atentado-a-la-amia-asistio-milei\/","title":{"rendered":"emotivo acto a 31 a\u00f1os del atentado a la AMIA: asisti\u00f3 Milei"},"content":{"rendered":"<div class=\"wp-block-image\">\n<figure class=\"aligncenter size-full\"><a href=\"https:\/\/www.elsindical.com.ar\/notas\/var\/www\/html\/notas\/wp-content\/uploads\/2025\/07\/AMIA-31-anos-2025.jpg\"><img loading=\"lazy\" decoding=\"async\" width=\"700\" height=\"394\" src=\"https:\/\/www.elsindical.com.ar\/notas\/var\/www\/html\/notas\/wp-content\/uploads\/2025\/07\/AMIA-31-anos-2025.jpg\" alt=\"\" class=\"wp-image-139038\" srcset=\"https:\/\/www.elsindical.com.ar\/notas\/var\/www\/html\/notas\/wp-content\/uploads\/2025\/07\/AMIA-31-anos-2025.jpg 700w, https:\/\/www.elsindical.com.ar\/notas\/var\/www\/html\/notas\/wp-content\/uploads\/2025\/07\/AMIA-31-anos-2025-300x169.jpg 300w, https:\/\/www.elsindical.com.ar\/notas\/var\/www\/html\/notas\/wp-content\/uploads\/2025\/07\/AMIA-31-anos-2025-460x260.jpg 460w\" sizes=\"auto, (max-width: 700px) 100vw, 700px\" \/><\/a><\/figure>\n<\/div>\n\n\n<p>\u00abCuando el antisemitismo se normaliza, ninguna sociedad est\u00e1 a salvo\u00bb, asegur\u00f3 Osvaldo Armoza, presidente de la AMIA. Celebr\u00f3 la decisi\u00f3n del Gobierno de \u00abpararse en el lugar correcto de la historia\u00bb.<\/p>\n\n\n\n<p><strong>A las 9.53 de este viernes son\u00f3 la sirena a la hora exacta del atentado a la AMIA (Asociaci\u00f3n Mutual Israelita Argentina), que marc\u00f3 el inicio del acto porque se cumplieron 31 a\u00f1os<\/strong>. \u201cCuando el antisemitismo se normaliza, ninguna sociedad est\u00e1 a salvo\u201d, asegur\u00f3 Osvaldo Armoza, presidente de la entidad.<\/p>\n\n\n\n<p>Tras este estremecedor sonido, comenz\u00f3 la lectura de los nombres de las 85 v\u00edctimas fatales, para luego encender una vela y colocar una flor en memoria de cada una de esas historias.<\/p>\n\n\n\n<p>\u201c<strong>Pasaron 31 a\u00f1os de una ma\u00f1ana que abri\u00f3 las puertas a la noche m\u00e1s oscura<\/strong>, 31 a\u00f1os de un instante que cambi\u00f3 para siempre nuestras vidas y marc\u00f3 con sangre inocente la historia de nuestro pa\u00eds\u201d, se\u00f1al\u00f3 Osvaldo Armoza, presidente de la AMIA.<\/p>\n\n\n\n<p>Y reflexion\u00f3: \u201cDesde el 7 de octubre de 2023, cuando los salvajes terroristas de Ham\u00e1s ejecutaron el ataque m\u00e1s brutal e inhumano contra civiles, hemos visto un aumento alarmante del antisemitismo en todo el mundo\u201d. \u201cEn lugar de provocar una condena un\u00e1nime, por ese crimen atroz que fue filmado y mostrado al mundo por las c\u00e1maras de los propios terroristas, \u00e9ste fue relativizado, negado o incluso justificado en m\u00faltiples espacios\u201d, cuestion\u00f3.<\/p>\n\n\n\n<p>Asimismo, alert\u00f3, que \u201cesta ola de antisemitismo, disfrazada de causa progresista o resistencia geopol\u00edtica, es una amenaza para todos. Porque <strong>cuando el antisemitismo se normaliza, ninguna sociedad est\u00e1 a salvo<\/strong>\u201c.<\/p>\n\n\n\n<p>\u201cFrente a la pasividad y al silencio c\u00f3mplice de numerosos pa\u00edses y organismos internacionales, que han rifado su dignidad y mancillado los valores sobre los que fueron construidos, <strong>celebramos que la Argentina haya tomado la decisi\u00f3n de pararse en el lugar correcto de la historia<\/strong>\u201c, mencion\u00f3 Armoza, quien destac\u00f3 \u201cel apoyo expreso del gobierno nacional hacia Israel\u201d, al tiempo que consider\u00f3 que \u201ces un ejemplo digno de ser reconocido.\u201d<\/p>\n\n\n\n<p>Al acto, <strong>asisti\u00f3 el presidente Javier Milei<\/strong>, ministros del Poder Ejecutivo Nacional, funcionarios porte\u00f1os, diputados nacionales y provinciales, as\u00ed como dirigentes comunitarios.<\/p>\n\n\n\n<figure class=\"wp-block-embed is-type-video is-provider-youtube wp-block-embed-youtube wp-embed-aspect-16-9 wp-has-aspect-ratio\"><div class=\"wp-block-embed__wrapper\">\n<iframe loading=\"lazy\" title=\"Acto Central  #amia 31 a\u00f1os\" width=\"700\" height=\"394\" src=\"https:\/\/www.youtube.com\/embed\/u9nnRUTPOEU?feature=oembed\" frameborder=\"0\" allow=\"accelerometer; autoplay; clipboard-write; encrypted-media; gyroscope; picture-in-picture; web-share\" referrerpolicy=\"strict-origin-when-cross-origin\" allowfullscreen><\/iframe>\n<\/div><\/figure>\n\n\n\n<h2 class=\"wp-block-heading\">Juicio en ausencia<\/h2>\n\n\n\n<p>El acto se realizar\u00e1 con la <strong>expectativa sobre el desarrollo del Juicio en Ausencia<\/strong>, ya que el juez Daniel Rafecas decidi\u00f3 utilizar ese sistema judicial en base a la ley sancionada por el Congreso en febrero de este a\u00f1o.<\/p>\n\n\n\n<p>Es que el magistrado resolvi\u00f3 el pasado 26 de junio que se llevar\u00e1 adelante un <strong>juicio en ausencia contra los diez acusados, ex funcionarios iran\u00edes y miembros de Hezbollah que permanecen pr\u00f3fugos<\/strong> desde hace d\u00e9cadas.<\/p>\n\n\n\n<p>La medida fue adoptada a pedido de la Unidad Fiscal AMIA y se fundamenta en la reciente sanci\u00f3n de la ley&nbsp; que habilita a avanzar en procesos penales cuando los imputados eluden sistem\u00e1ticamente a la Justicia.<\/p>\n\n\n\n<h2 class=\"wp-block-heading\">La investigaci\u00f3n<\/h2>\n\n\n\n<p>Seg\u00fan la investigaci\u00f3n judicial, el <strong>atentado del 18 de julio de 1994, que dej\u00f3 un saldo de 85 muertos y m\u00e1s de 150 heridos<\/strong>, habr\u00eda sido planificado por altos funcionarios del r\u00e9gimen iran\u00ed&nbsp;y ejecutado con el apoyo log\u00edstico y operativo de Hezbollah, tanto en la Argentina como en la zona de la Triple Frontera.<\/p>\n\n\n\n<p>Esa resoluci\u00f3n establece que los acusados fueron declarados en rebeld\u00eda hace a\u00f1os, est\u00e1n plenamente informados de su situaci\u00f3n procesal y nunca respondieron a los reiterados pedidos de extradici\u00f3n.<\/p>\n\n\n\n<p><strong>Declarado por la Justicia argentina como un \u201ccrimen de lesa humanidad\u201d <\/strong>y por lo tanto imprescriptible, \u201cel atentado del 18 de julio de 1994 supuso una grave violaci\u00f3n a los derechos humanos\u201d, indicaron desde la AMIA.<\/p>\n\n\n\n<figure class=\"wp-block-gallery has-nested-images columns-default is-cropped wp-block-gallery-1 is-layout-flex wp-block-gallery-is-layout-flex\">\n<figure class=\"wp-block-image size-large\"><a href=\"https:\/\/www.elsindical.com.ar\/notas\/var\/www\/html\/notas\/wp-content\/uploads\/2025\/07\/AMIA-31-anos-2025-2.jpg\"><img loading=\"lazy\" decoding=\"async\" width=\"700\" height=\"394\" data-id=\"139039\" src=\"https:\/\/www.elsindical.com.ar\/notas\/var\/www\/html\/notas\/wp-content\/uploads\/2025\/07\/AMIA-31-anos-2025-2.jpg\" alt=\"\" class=\"wp-image-139039\" srcset=\"https:\/\/www.elsindical.com.ar\/notas\/var\/www\/html\/notas\/wp-content\/uploads\/2025\/07\/AMIA-31-anos-2025-2.jpg 700w, https:\/\/www.elsindical.com.ar\/notas\/var\/www\/html\/notas\/wp-content\/uploads\/2025\/07\/AMIA-31-anos-2025-2-300x169.jpg 300w, https:\/\/www.elsindical.com.ar\/notas\/var\/www\/html\/notas\/wp-content\/uploads\/2025\/07\/AMIA-31-anos-2025-2-460x260.jpg 460w\" sizes=\"auto, (max-width: 700px) 100vw, 700px\" \/><\/a><\/figure>\n\n\n\n<figure class=\"wp-block-image size-large\"><a href=\"https:\/\/www.elsindical.com.ar\/notas\/var\/www\/html\/notas\/wp-content\/uploads\/2025\/07\/AMIA-31-anos-2025-3.jpg\"><img loading=\"lazy\" decoding=\"async\" width=\"700\" height=\"394\" data-id=\"139040\" src=\"https:\/\/www.elsindical.com.ar\/notas\/var\/www\/html\/notas\/wp-content\/uploads\/2025\/07\/AMIA-31-anos-2025-3.jpg\" alt=\"\" class=\"wp-image-139040\" srcset=\"https:\/\/www.elsindical.com.ar\/notas\/var\/www\/html\/notas\/wp-content\/uploads\/2025\/07\/AMIA-31-anos-2025-3.jpg 700w, https:\/\/www.elsindical.com.ar\/notas\/var\/www\/html\/notas\/wp-content\/uploads\/2025\/07\/AMIA-31-anos-2025-3-300x169.jpg 300w, https:\/\/www.elsindical.com.ar\/notas\/var\/www\/html\/notas\/wp-content\/uploads\/2025\/07\/AMIA-31-anos-2025-3-460x260.jpg 460w\" sizes=\"auto, (max-width: 700px) 100vw, 700px\" \/><\/a><\/figure>\n<\/figure>\n\n\n<div class=\"wp-block-image\">\n<figure class=\"aligncenter size-full\"><a href=\"https:\/\/www.elsindical.com.ar\/notas\/var\/www\/html\/notas\/wp-content\/uploads\/2025\/07\/AMIA-31-anos-2025-4.jpg\"><img loading=\"lazy\" decoding=\"async\" width=\"768\" height=\"432\" src=\"https:\/\/www.elsindical.com.ar\/notas\/var\/www\/html\/notas\/wp-content\/uploads\/2025\/07\/AMIA-31-anos-2025-4.jpg\" alt=\"\" class=\"wp-image-139042\" srcset=\"https:\/\/www.elsindical.com.ar\/notas\/var\/www\/html\/notas\/wp-content\/uploads\/2025\/07\/AMIA-31-anos-2025-4.jpg 768w, https:\/\/www.elsindical.com.ar\/notas\/var\/www\/html\/notas\/wp-content\/uploads\/2025\/07\/AMIA-31-anos-2025-4-300x169.jpg 300w, https:\/\/www.elsindical.com.ar\/notas\/var\/www\/html\/notas\/wp-content\/uploads\/2025\/07\/AMIA-31-anos-2025-4-460x260.jpg 460w\" sizes=\"auto, (max-width: 768px) 100vw, 768px\" \/><\/a><\/figure>\n<\/div>","protected":false},"excerpt":{"rendered":"<p>\u00abCuando el antisemitismo se normaliza, ninguna sociedad est\u00e1 a salvo\u00bb, asegur\u00f3 Osvaldo Armoza, presidente de la AMIA. Celebr\u00f3 la decisi\u00f3n del Gobierno de \u00abpararse en el lugar correcto de la historia\u00bb. A las 9.53 de este viernes son\u00f3 la sirena a la hora exacta del atentado a la AMIA (Asociaci\u00f3n Mutual Israelita Argentina), que marc\u00f3&hellip;<\/p>\n","protected":false},"author":1,"featured_media":139038,"comment_status":"open","ping_status":"open","sticky":false,"template":"","format":"standard","meta":{"footnotes":""},"categories":[14,25],"tags":[475,127,45590,2450,3528],"class_list":["post-139037","post","type-post","status-publish","format-standard","has-post-thumbnail","hentry","category-efemerides","category-sociedad","tag-amia","tag-argentina","tag-atentado-a-la-amia","tag-diario-el-sindical","tag-israel"],"_links":{"self":[{"href":"https:\/\/www.elsindical.com.ar\/notas\/wp-json\/wp\/v2\/posts\/139037","targetHints":{"allow":["GET"]}}],"collection":[{"href":"https:\/\/www.elsindical.com.ar\/notas\/wp-json\/wp\/v2\/posts"}],"about":[{"href":"https:\/\/www.elsindical.com.ar\/notas\/wp-json\/wp\/v2\/types\/post"}],"author":[{"embeddable":true,"href":"https:\/\/www.elsindical.com.ar\/notas\/wp-json\/wp\/v2\/users\/1"}],"replies":[{"embeddable":true,"href":"https:\/\/www.elsindical.com.ar\/notas\/wp-json\/wp\/v2\/comments?post=139037"}],"version-history":[{"count":2,"href":"https:\/\/www.elsindical.com.ar\/notas\/wp-json\/wp\/v2\/posts\/139037\/revisions"}],"predecessor-version":[{"id":139043,"href":"https:\/\/www.elsindical.com.ar\/notas\/wp-json\/wp\/v2\/posts\/139037\/revisions\/139043"}],"wp:featuredmedia":[{"embeddable":true,"href":"https:\/\/www.elsindical.com.ar\/notas\/wp-json\/wp\/v2\/media\/139038"}],"wp:attachment":[{"href":"https:\/\/www.elsindical.com.ar\/notas\/wp-json\/wp\/v2\/media?parent=139037"}],"wp:term":[{"taxonomy":"category","embeddable":true,"href":"https:\/\/www.elsindical.com.ar\/notas\/wp-json\/wp\/v2\/categories?post=139037"},{"taxonomy":"post_tag","embeddable":true,"href":"https:\/\/www.elsindical.com.ar\/notas\/wp-json\/wp\/v2\/tags?post=139037"}],"curies":[{"name":"wp","href":"https:\/\/api.w.org\/{rel}","templated":true}]}}