{"id":139034,"date":"2025-07-18T15:55:51","date_gmt":"2025-07-18T18:55:51","guid":{"rendered":"https:\/\/www.elsindical.com.ar\/notas\/?p=139034"},"modified":"2025-07-18T15:55:57","modified_gmt":"2025-07-18T18:55:57","slug":"lanus-violento-robo-pirana-vecinos-hartos-de-la-inseguridad","status":"publish","type":"post","link":"https:\/\/www.elsindical.com.ar\/notas\/lanus-violento-robo-pirana-vecinos-hartos-de-la-inseguridad\/","title":{"rendered":"Lan\u00fas: Violento robo pira\u00f1a, vecinos hartos de la inseguridad"},"content":{"rendered":"<div class=\"wp-block-image\">\n<figure class=\"aligncenter size-full\"><a href=\"https:\/\/www.elsindical.com.ar\/notas\/var\/www\/html\/notas\/wp-content\/uploads\/2025\/07\/robo-pirana-Lanus-julio-2025.jpg\"><img loading=\"lazy\" decoding=\"async\" width=\"700\" height=\"394\" src=\"https:\/\/www.elsindical.com.ar\/notas\/var\/www\/html\/notas\/wp-content\/uploads\/2025\/07\/robo-pirana-Lanus-julio-2025.jpg\" alt=\"\" class=\"wp-image-139035\" srcset=\"https:\/\/www.elsindical.com.ar\/notas\/var\/www\/html\/notas\/wp-content\/uploads\/2025\/07\/robo-pirana-Lanus-julio-2025.jpg 700w, https:\/\/www.elsindical.com.ar\/notas\/var\/www\/html\/notas\/wp-content\/uploads\/2025\/07\/robo-pirana-Lanus-julio-2025-300x169.jpg 300w, https:\/\/www.elsindical.com.ar\/notas\/var\/www\/html\/notas\/wp-content\/uploads\/2025\/07\/robo-pirana-Lanus-julio-2025-460x260.jpg 460w\" sizes=\"auto, (max-width: 700px) 100vw, 700px\" \/><\/a><\/figure>\n<\/div>\n\n\n<p>Un vecino de Lan\u00fas, Pablo padeci\u00f3 el cuarto robo en cuarenta d\u00edas luego de que cinco ladrones que caminaban por la calle Urquiza, <strong>lo observaran descender del veh\u00edculo y lo atacaron a traici\u00f3n para arrebatarle las llaves<\/strong>.<\/p>\n\n\n\n<p>Los sujetos se le aproximaron a la carrera, lo rodearon y a pesar que no se resisti\u00f3, <strong>lo golpearon en la cabeza, lo amenazaran con una arma de fuego y revisaran en sus bolsillos.<\/strong><\/p>\n\n\n\n<p>Cuando, ya despojado, intent\u00f3 escapar, le hicieron una zancadilla que ocasion\u00f3 que cayera al piso mientras los ladrones escaparon con el <strong>Peugeot 208 robado que horas despu\u00e9s fue encontrado en la localidad lomense de Ingeniero Budge<\/strong>, donde lo abandonaron para que se \u201cenfr\u00ede\u201d.<\/p>\n\n\n\n<p>Mientras los vecinos ya no saben c\u00f3mo reclamar seguridad, el intendente Juli\u00e1n \u00c1lvarez, sigue gastando millones en publicidad en redes sociales, mostrando murales o puesta en valor de espacios verdes, que al final los vecinos no pueden disfrutarlos por la inseguridad.<\/p>\n","protected":false},"excerpt":{"rendered":"<p>Un vecino de Lan\u00fas, Pablo padeci\u00f3 el cuarto robo en cuarenta d\u00edas luego de que cinco ladrones que caminaban por la calle Urquiza, lo observaran descender del veh\u00edculo y lo atacaron a traici\u00f3n para arrebatarle las llaves. Los sujetos se le aproximaron a la carrera, lo rodearon y a pesar que no se resisti\u00f3, lo&hellip;<\/p>\n","protected":false},"author":1,"featured_media":139035,"comment_status":"open","ping_status":"open","sticky":false,"template":"","format":"standard","meta":{"footnotes":""},"categories":[22],"tags":[2450,984,42922,209,16396,23637],"class_list":["post-139034","post","type-post","status-publish","format-standard","has-post-thumbnail","hentry","category-policiales","tag-diario-el-sindical","tag-inseguridad","tag-intendente-julian-alvarez","tag-lanus","tag-pba","tag-robo-pirana"],"_links":{"self":[{"href":"https:\/\/www.elsindical.com.ar\/notas\/wp-json\/wp\/v2\/posts\/139034","targetHints":{"allow":["GET"]}}],"collection":[{"href":"https:\/\/www.elsindical.com.ar\/notas\/wp-json\/wp\/v2\/posts"}],"about":[{"href":"https:\/\/www.elsindical.com.ar\/notas\/wp-json\/wp\/v2\/types\/post"}],"author":[{"embeddable":true,"href":"https:\/\/www.elsindical.com.ar\/notas\/wp-json\/wp\/v2\/users\/1"}],"replies":[{"embeddable":true,"href":"https:\/\/www.elsindical.com.ar\/notas\/wp-json\/wp\/v2\/comments?post=139034"}],"version-history":[{"count":1,"href":"https:\/\/www.elsindical.com.ar\/notas\/wp-json\/wp\/v2\/posts\/139034\/revisions"}],"predecessor-version":[{"id":139036,"href":"https:\/\/www.elsindical.com.ar\/notas\/wp-json\/wp\/v2\/posts\/139034\/revisions\/139036"}],"wp:featuredmedia":[{"embeddable":true,"href":"https:\/\/www.elsindical.com.ar\/notas\/wp-json\/wp\/v2\/media\/139035"}],"wp:attachment":[{"href":"https:\/\/www.elsindical.com.ar\/notas\/wp-json\/wp\/v2\/media?parent=139034"}],"wp:term":[{"taxonomy":"category","embeddable":true,"href":"https:\/\/www.elsindical.com.ar\/notas\/wp-json\/wp\/v2\/categories?post=139034"},{"taxonomy":"post_tag","embeddable":true,"href":"https:\/\/www.elsindical.com.ar\/notas\/wp-json\/wp\/v2\/tags?post=139034"}],"curies":[{"name":"wp","href":"https:\/\/api.w.org\/{rel}","templated":true}]}}