{"id":138982,"date":"2025-07-15T17:06:23","date_gmt":"2025-07-15T20:06:23","guid":{"rendered":"https:\/\/www.elsindical.com.ar\/notas\/?p=138982"},"modified":"2025-07-15T17:06:44","modified_gmt":"2025-07-15T20:06:44","slug":"eeuu-corte-de-apelaciones-suspendio-el-fallo-por-ypf-para-que-las-partes-presenten-sus-posiciones","status":"publish","type":"post","link":"https:\/\/www.elsindical.com.ar\/notas\/eeuu-corte-de-apelaciones-suspendio-el-fallo-por-ypf-para-que-las-partes-presenten-sus-posiciones\/","title":{"rendered":"EEUU: Corte de Apelaciones suspendi\u00f3 el fallo por YPF para que las partes presenten sus posiciones"},"content":{"rendered":"\n<figure class=\"wp-block-image size-full\"><a href=\"https:\/\/www.elsindical.com.ar\/notas\/var\/www\/html\/notas\/wp-content\/uploads\/2016\/03\/Miguel-Guti\u00e9rrez-YPF.jpg\"><img loading=\"lazy\" decoding=\"async\" width=\"620\" height=\"350\" src=\"https:\/\/www.elsindical.com.ar\/notas\/var\/www\/html\/notas\/wp-content\/uploads\/2016\/03\/Miguel-Guti\u00e9rrez-YPF.jpg\" alt=\"\" class=\"wp-image-57895\" srcset=\"https:\/\/www.elsindical.com.ar\/notas\/var\/www\/html\/notas\/wp-content\/uploads\/2016\/03\/Miguel-Guti\u00e9rrez-YPF.jpg 620w, https:\/\/www.elsindical.com.ar\/notas\/var\/www\/html\/notas\/wp-content\/uploads\/2016\/03\/Miguel-Guti\u00e9rrez-YPF-300x169.jpg 300w, https:\/\/www.elsindical.com.ar\/notas\/var\/www\/html\/notas\/wp-content\/uploads\/2016\/03\/Miguel-Guti\u00e9rrez-YPF-500x282.jpg 500w\" sizes=\"auto, (max-width: 620px) 100vw, 620px\" \/><\/a><\/figure>\n\n\n\n<p>Una Corte de Apelaciones de Nueva York concedi\u00f3 una \u00absuspensi\u00f3n administrativa temporal\u00bb de la orden de entregar las acciones de YPF.<\/p>\n\n\n\n<p><strong>La Justicia de los Estados Unidos suspendi\u00f3 la ejecuci\u00f3n del fallo que ordena al pa\u00eds entregar el 51% de las acciones de YPF<\/strong> a los fondos demandantes.<\/p>\n\n\n\n<p>Una Corte de Apelaciones de Nueva York concedi\u00f3 una \u201csuspensi\u00f3n administrativa temporal\u201d (temporary administrative stay) de la \u201cOrden de Entrega\u201d (Turnover Order) que hab\u00eda sido dictada el pasado 30 de junio.<\/p>\n\n\n\n<p>La medida fue otorgada<strong> para permitir una \u201cordenada presentaci\u00f3n y consideraci\u00f3n\u201d de los argumentos de ambas partes.<\/strong><\/p>\n\n\n\n<p>La corte estableci\u00f3 un cronograma preciso: los demandantes (encabezados por el fondo Burford Capital) tienen hasta este jueves 17 de julio para presentar su oposici\u00f3n a una suspensi\u00f3n m\u00e1s larga, mientras que el Estado argentino tendr\u00e1 tiempo hasta el martes 22 de julio para responder.<\/p>\n\n\n\n<p>Una vez completado este proceso, <strong>un panel de tres jueces analizar\u00e1 los escritos y decidir\u00e1 si concede la suspensi\u00f3n del fallo durante todo el tiempo que dure el proceso de apelaci\u00f3n de fondo<\/strong>.<\/p>\n","protected":false},"excerpt":{"rendered":"<p>Una Corte de Apelaciones de Nueva York concedi\u00f3 una \u00absuspensi\u00f3n administrativa temporal\u00bb de la orden de entregar las acciones de YPF. La Justicia de los Estados Unidos suspendi\u00f3 la ejecuci\u00f3n del fallo que ordena al pa\u00eds entregar el 51% de las acciones de YPF a los fondos demandantes. Una Corte de Apelaciones de Nueva York&hellip;<\/p>\n","protected":false},"author":1,"featured_media":57895,"comment_status":"open","ping_status":"open","sticky":false,"template":"","format":"standard","meta":{"footnotes":""},"categories":[18,20],"tags":[45575,2450,141,197,621],"class_list":["post-138982","post","type-post","status-publish","format-standard","has-post-thumbnail","hentry","category-internacionales","category-judiciales","tag-corte-de-apelaciones-de-nueva-york","tag-diario-el-sindical","tag-eeuu","tag-fallo","tag-ypf"],"_links":{"self":[{"href":"https:\/\/www.elsindical.com.ar\/notas\/wp-json\/wp\/v2\/posts\/138982","targetHints":{"allow":["GET"]}}],"collection":[{"href":"https:\/\/www.elsindical.com.ar\/notas\/wp-json\/wp\/v2\/posts"}],"about":[{"href":"https:\/\/www.elsindical.com.ar\/notas\/wp-json\/wp\/v2\/types\/post"}],"author":[{"embeddable":true,"href":"https:\/\/www.elsindical.com.ar\/notas\/wp-json\/wp\/v2\/users\/1"}],"replies":[{"embeddable":true,"href":"https:\/\/www.elsindical.com.ar\/notas\/wp-json\/wp\/v2\/comments?post=138982"}],"version-history":[{"count":2,"href":"https:\/\/www.elsindical.com.ar\/notas\/wp-json\/wp\/v2\/posts\/138982\/revisions"}],"predecessor-version":[{"id":138984,"href":"https:\/\/www.elsindical.com.ar\/notas\/wp-json\/wp\/v2\/posts\/138982\/revisions\/138984"}],"wp:featuredmedia":[{"embeddable":true,"href":"https:\/\/www.elsindical.com.ar\/notas\/wp-json\/wp\/v2\/media\/57895"}],"wp:attachment":[{"href":"https:\/\/www.elsindical.com.ar\/notas\/wp-json\/wp\/v2\/media?parent=138982"}],"wp:term":[{"taxonomy":"category","embeddable":true,"href":"https:\/\/www.elsindical.com.ar\/notas\/wp-json\/wp\/v2\/categories?post=138982"},{"taxonomy":"post_tag","embeddable":true,"href":"https:\/\/www.elsindical.com.ar\/notas\/wp-json\/wp\/v2\/tags?post=138982"}],"curies":[{"name":"wp","href":"https:\/\/api.w.org\/{rel}","templated":true}]}}