{"id":13898,"date":"2011-04-29T01:05:38","date_gmt":"2011-04-29T04:05:38","guid":{"rendered":"http:\/\/www.elsindical.com.ar\/notas\/?p=13898"},"modified":"2011-04-29T01:05:38","modified_gmt":"2011-04-29T04:05:38","slug":"gonnetluego-de-tres-horas-liberan-sana-a-menor-de-12-anos-tomada-de-rehen-en-un-asalto","status":"publish","type":"post","link":"https:\/\/www.elsindical.com.ar\/notas\/gonnetluego-de-tres-horas-liberan-sana-a-menor-de-12-anos-tomada-de-rehen-en-un-asalto\/","title":{"rendered":"Gonnet:Luego de tres horas, liberan sana a menor de 12 a\u00f1os tomada de reh\u00e9n en un asalto"},"content":{"rendered":"<p style=\"text-align: justify;\"><em><a href=\"http:\/\/www.elsindical.com.ar\/notas\/var\/www\/html\/notas\/wp-content\/uploads\/2010\/02\/cami\u00f3n-Grupo-Halc\u00f3n.jpg\"><img loading=\"lazy\" decoding=\"async\" class=\"alignleft size-full wp-image-3740\" title=\"cami\u00f3n-Grupo-Halc\u00f3n\" src=\"http:\/\/www.elsindical.com.ar\/notas\/var\/www\/html\/notas\/wp-content\/uploads\/2010\/02\/cami\u00f3n-Grupo-Halc\u00f3n.jpg\" alt=\"\" width=\"227\" height=\"136\" \/><\/a>Una nena de 12 a\u00f1os permaneci\u00f3 durante tres horas como reh\u00e9n de un asaltante que hab\u00eda intentado robar en su casa de Gonnet, en las afueras de La Plata. Luego de tensas negociaciones, el delincuente se entreg\u00f3 a la Polic\u00eda y la chica fue liberada ilesa.<\/em><\/p>\n<p style=\"text-align: justify;\">El hecho comenz\u00f3 poco antes de las 20 en una vivienda ubicada en la calle 18 y 495 bis, a la que los delincuentes ingresaron para robar. Los padres de la nena quedaron atrapados en otra habitaci\u00f3n, seg\u00fan precisaron fuentes policiales.<\/p>\n<p style=\"text-align: justify;\">Los voceros, en simult\u00e1neo, informaron que otros tres menores que se encontraban en la casa lograron escapar a tiempo y sin sufrir heridas. En el lugar se despleg\u00f3 un importante operativo del Grupo Halc\u00f3n. Luego de m\u00e1s de tres horas de negociaci\u00f3n, el captor se entreg\u00f3 a la Polic\u00eda y liber\u00f3 ilesa a la chica.<\/p>\n","protected":false},"excerpt":{"rendered":"<p>Una nena de 12 a\u00f1os permaneci\u00f3 durante tres horas como reh\u00e9n de un asaltante que hab\u00eda intentado robar en su casa de Gonnet, en las afueras de La Plata. Luego de tensas negociaciones, el delincuente se entreg\u00f3 a la Polic\u00eda y la chica fue liberada ilesa. El hecho comenz\u00f3 poco antes de las 20 en&hellip;<\/p>\n","protected":false},"author":1,"featured_media":0,"comment_status":"open","ping_status":"open","sticky":false,"template":"","format":"standard","meta":{"footnotes":""},"categories":[22],"tags":[4355,1113,4015,223,6689,489,30,1982],"class_list":["post-13898","post","type-post","status-publish","format-standard","hentry","category-policiales","tag-asaltante","tag-casa","tag-gonnet","tag-menor","tag-ministro-de-seguridad-y-justicia-ricardo-casal","tag-padres","tag-policia","tag-rehen"],"_links":{"self":[{"href":"https:\/\/www.elsindical.com.ar\/notas\/wp-json\/wp\/v2\/posts\/13898","targetHints":{"allow":["GET"]}}],"collection":[{"href":"https:\/\/www.elsindical.com.ar\/notas\/wp-json\/wp\/v2\/posts"}],"about":[{"href":"https:\/\/www.elsindical.com.ar\/notas\/wp-json\/wp\/v2\/types\/post"}],"author":[{"embeddable":true,"href":"https:\/\/www.elsindical.com.ar\/notas\/wp-json\/wp\/v2\/users\/1"}],"replies":[{"embeddable":true,"href":"https:\/\/www.elsindical.com.ar\/notas\/wp-json\/wp\/v2\/comments?post=13898"}],"version-history":[{"count":1,"href":"https:\/\/www.elsindical.com.ar\/notas\/wp-json\/wp\/v2\/posts\/13898\/revisions"}],"predecessor-version":[{"id":13899,"href":"https:\/\/www.elsindical.com.ar\/notas\/wp-json\/wp\/v2\/posts\/13898\/revisions\/13899"}],"wp:attachment":[{"href":"https:\/\/www.elsindical.com.ar\/notas\/wp-json\/wp\/v2\/media?parent=13898"}],"wp:term":[{"taxonomy":"category","embeddable":true,"href":"https:\/\/www.elsindical.com.ar\/notas\/wp-json\/wp\/v2\/categories?post=13898"},{"taxonomy":"post_tag","embeddable":true,"href":"https:\/\/www.elsindical.com.ar\/notas\/wp-json\/wp\/v2\/tags?post=13898"}],"curies":[{"name":"wp","href":"https:\/\/api.w.org\/{rel}","templated":true}]}}