{"id":13895,"date":"2011-04-29T00:54:50","date_gmt":"2011-04-29T03:54:50","guid":{"rendered":"http:\/\/www.elsindical.com.ar\/notas\/?p=13895"},"modified":"2011-04-29T00:54:50","modified_gmt":"2011-04-29T03:54:50","slug":"hallan-asesinado-a-ex-agente-de-inteligencia-chileno-arancibia-clavel","status":"publish","type":"post","link":"https:\/\/www.elsindical.com.ar\/notas\/hallan-asesinado-a-ex-agente-de-inteligencia-chileno-arancibia-clavel\/","title":{"rendered":"Hallan asesinado a ex agente de inteligencia chileno Arancibia Clavel"},"content":{"rendered":"<p style=\"text-align: justify;\"><em><a href=\"http:\/\/www.elsindical.com.ar\/notas\/var\/www\/html\/notas\/wp-content\/uploads\/2011\/04\/Arancibia-Clavel.jpg\"><img loading=\"lazy\" decoding=\"async\" class=\"alignleft size-medium wp-image-13896\" title=\"Arancibia-Clavel\" src=\"http:\/\/www.elsindical.com.ar\/notas\/var\/www\/html\/notas\/wp-content\/uploads\/2011\/04\/Arancibia-Clavel-300x225.jpg\" alt=\"\" width=\"300\" height=\"225\" srcset=\"https:\/\/www.elsindical.com.ar\/notas\/var\/www\/html\/notas\/wp-content\/uploads\/2011\/04\/Arancibia-Clavel-300x225.jpg 300w, https:\/\/www.elsindical.com.ar\/notas\/var\/www\/html\/notas\/wp-content\/uploads\/2011\/04\/Arancibia-Clavel.jpg 325w\" sizes=\"auto, (max-width: 300px) 100vw, 300px\" \/><\/a>El ex agente de inteligencia chileno, <strong>en libertad condicional,<\/strong> fue hallado sin vida esta noche en Lavalle al 1400, en pleno centro de la ciudad de Buenos Aires, con\u00a0al menos\u00a0<strong>15\u00a0pu\u00f1aladas.<\/strong>\u00a0En 2004 hab\u00eda sido condenado por el asesinato de <strong>Carlos Prats<\/strong> y su esposa, <strong>Sof\u00eda Cuthbert.<\/strong><\/em><\/p>\n<p style=\"text-align: justify;\"><strong>El cuerpo de Arancibia Clavel fue hallado por personal de la comisar\u00eda 3ra, en pleno centro porte\u00f1o, en Lavalle al 1400. <\/strong>En el lugar, <strong>se encuentra la viceministro de Seguridad de la Naci\u00f3n,\u00a0Dra. Cristina Cama\u00f1o.<\/strong><\/p>\n<p style=\"text-align: justify;\">Seg\u00fan describi\u00f3 <strong>Guillermo Eisner, abogado del consorcio<\/strong> del edificio donde viv\u00eda\u00a0el ex agente de inteligencia chileno, su cuerpo\u00a0\u00ab<strong>ten\u00eda quince pu\u00f1aladas, varias en el cuello, la mand\u00edbula, el t\u00f3rax, el est\u00f3mago y en la espalda\u201d.<\/strong><\/p>\n<p style=\"text-align: justify;\">Y precis\u00f3 que fue encontrado en la sala que usaba como escritorio \u00ab<strong>boca abajo, con sangre seca y con los intestinos sobre su mano\u00bb.<\/strong><\/p>\n<p style=\"text-align: justify;\">Los peritos se encuentran trabajando<strong> en el lugar para <\/strong>intentar encontrar alguna prueba que pueda indicar c\u00f3mo se origin\u00f3 el homicidio.<\/p>\n<p style=\"text-align: justify;\">En ese sentido, se sabe que<strong> la puerta del departamento no fue violentada<\/strong> y tampoco hay rastros visibles de que se trat\u00f3 de un robo.<\/p>\n<p style=\"text-align: justify;\"><strong>Enrique Arancibia Clavel<\/strong> era un ex agente de inteleigencia chileno. En noviembre de 1978, fue detenido por agentes de inteligencia argentinos y culpado de espionaje durante el enfrentamiento por el <strong>Canal de Beagle.<\/strong><\/p>\n<p style=\"text-align: justify;\">El agente <strong>fue adem\u00e1s condenado en el 2004<\/strong> a cadena perpetua por el asesinato en 1974 del general Carlos Prats y su esposa <strong>Sof\u00eda Cuthbert<\/strong>en Buenos Aires, mediante un atentado explosivo en el autom\u00f3vil particular del militar chileno, que hab\u00eda ocupado la m\u00e1xima jerarqu\u00eda durante el gobierno de Salvador Allende.<\/p>\n<p style=\"text-align: justify;\">Actualmente, gozaba de la libertad condicional, viv\u00eda solo y ten\u00eda dos flotas de taxi. Fue encontrado por su sobrino, quien alert\u00f3 del hecho a la polic\u00eda.<\/p>\n<p style=\"text-align: justify;\">El ex miembro de la DINA hab\u00eda sido beneficiado por la C\u00e1mara de Casaci\u00f3n Penal que <strong>desech\u00f3 los cargos por asociaci\u00f3n il\u00edcita, y tambi\u00e9n por la llamada ley de \u00abdos por uno\u00bb.<\/strong><\/p>\n","protected":false},"excerpt":{"rendered":"<p>El ex agente de inteligencia chileno, en libertad condicional, fue hallado sin vida esta noche en Lavalle al 1400, en pleno centro de la ciudad de Buenos Aires, con\u00a0al menos\u00a015\u00a0pu\u00f1aladas.\u00a0En 2004 hab\u00eda sido condenado por el asesinato de Carlos Prats y su esposa, Sof\u00eda Cuthbert. El cuerpo de Arancibia Clavel fue hallado por personal de&hellip;<\/p>\n","protected":false},"author":1,"featured_media":0,"comment_status":"open","ping_status":"open","sticky":false,"template":"","format":"standard","meta":{"footnotes":""},"categories":[22],"tags":[6685,3300,6686,363,6687,1200,416,41,30,6688],"class_list":["post-13895","post","type-post","status-publish","format-standard","hentry","category-policiales","tag-agente-de-inteligencia","tag-apunalado","tag-arancibia-clavel","tag-asesinato","tag-carlos-prats","tag-chile","tag-espia","tag-justicia","tag-policia","tag-sofia-cuthbert"],"_links":{"self":[{"href":"https:\/\/www.elsindical.com.ar\/notas\/wp-json\/wp\/v2\/posts\/13895","targetHints":{"allow":["GET"]}}],"collection":[{"href":"https:\/\/www.elsindical.com.ar\/notas\/wp-json\/wp\/v2\/posts"}],"about":[{"href":"https:\/\/www.elsindical.com.ar\/notas\/wp-json\/wp\/v2\/types\/post"}],"author":[{"embeddable":true,"href":"https:\/\/www.elsindical.com.ar\/notas\/wp-json\/wp\/v2\/users\/1"}],"replies":[{"embeddable":true,"href":"https:\/\/www.elsindical.com.ar\/notas\/wp-json\/wp\/v2\/comments?post=13895"}],"version-history":[{"count":1,"href":"https:\/\/www.elsindical.com.ar\/notas\/wp-json\/wp\/v2\/posts\/13895\/revisions"}],"predecessor-version":[{"id":13897,"href":"https:\/\/www.elsindical.com.ar\/notas\/wp-json\/wp\/v2\/posts\/13895\/revisions\/13897"}],"wp:attachment":[{"href":"https:\/\/www.elsindical.com.ar\/notas\/wp-json\/wp\/v2\/media?parent=13895"}],"wp:term":[{"taxonomy":"category","embeddable":true,"href":"https:\/\/www.elsindical.com.ar\/notas\/wp-json\/wp\/v2\/categories?post=13895"},{"taxonomy":"post_tag","embeddable":true,"href":"https:\/\/www.elsindical.com.ar\/notas\/wp-json\/wp\/v2\/tags?post=13895"}],"curies":[{"name":"wp","href":"https:\/\/api.w.org\/{rel}","templated":true}]}}