{"id":138944,"date":"2025-07-13T14:27:36","date_gmt":"2025-07-13T17:27:36","guid":{"rendered":"https:\/\/www.elsindical.com.ar\/notas\/?p=138944"},"modified":"2025-07-13T14:27:43","modified_gmt":"2025-07-13T17:27:43","slug":"ruben-cholo-garcia-acuso-al-gobierno-nacional-de-ir-por-las-obras-sociales-pero","status":"publish","type":"post","link":"https:\/\/www.elsindical.com.ar\/notas\/ruben-cholo-garcia-acuso-al-gobierno-nacional-de-ir-por-las-obras-sociales-pero\/","title":{"rendered":"Rub\u00e9n \u00abCholo\u00bb Garc\u00eda acus\u00f3 al gobierno nacional de ir por las obras sociales, pero &#8230;"},"content":{"rendered":"<div class=\"wp-block-image\">\n<figure class=\"aligncenter size-full\"><a href=\"https:\/\/www.elsindical.com.ar\/notas\/var\/www\/html\/notas\/wp-content\/uploads\/2025\/07\/Cholo-Garcia-y-Doval.jpg\"><img loading=\"lazy\" decoding=\"async\" width=\"700\" height=\"382\" src=\"https:\/\/www.elsindical.com.ar\/notas\/var\/www\/html\/notas\/wp-content\/uploads\/2025\/07\/Cholo-Garcia-y-Doval.jpg\" alt=\"\" class=\"wp-image-138946\" srcset=\"https:\/\/www.elsindical.com.ar\/notas\/var\/www\/html\/notas\/wp-content\/uploads\/2025\/07\/Cholo-Garcia-y-Doval.jpg 700w, https:\/\/www.elsindical.com.ar\/notas\/var\/www\/html\/notas\/wp-content\/uploads\/2025\/07\/Cholo-Garcia-y-Doval-300x164.jpg 300w\" sizes=\"auto, (max-width: 700px) 100vw, 700px\" \/><\/a><\/figure>\n<\/div>\n\n\n<p>   Rub\u00e9n \u201cCholo\u201d Garc\u00eda, secretario general de la FeSiMuBo, analiz\u00f3\u00a0el fallo que suspendi\u00f3 la resoluci\u00f3n de la Superintendencia de Servicios de Salud que intentaba disolver la obra social municipal de Avellaneda. Destac\u00f3 el prestigio y la solidez de la instituci\u00f3n, y denunci\u00f3 una avanzada del gobierno nacional contra los trabajadores organizados.<\/p>\n\n\n\n<p><strong>\u201cCuando nos lleg\u00f3 la resoluci\u00f3n de la Superintendencia, nos sorprendimos. Ped\u00edan informaci\u00f3n que ya hab\u00edamos presentado y, por un solo punto que supuestamente faltaba, decidieron dar de baja la obra social\u201d<\/strong>, relat\u00f3 <strong>Rub\u00e9n \u201cCholo\u201d\u00a0Garc\u00eda<\/strong>. Seg\u00fan explic\u00f3, incluso ese requerimiento hab\u00eda sido respondido, pero no fue computado correctamente \u201cpor el sistema que manejan y el tipo de conducci\u00f3n que tiene este gobierno\u201d.<\/p>\n\n\n\n<p><strong>La Obra Social del Personal Municipal de Avellaneda\u00a0(OSPMA)\u00a0es gestionada directamente por sus afiliados y tiene m\u00e1s de 50 a\u00f1os de trayectoria<\/strong>. \u201cNo est\u00e1 tercerizada ni gerenciada por nadie. La manejan los propios trabajadores. Es un orgullo para nosotros desde 1973. Sobrevivimos a crisis, gobiernos de todo tipo y siempre con un alto nivel de prestaci\u00f3n\u201d, subray\u00f3.<\/p>\n\n\n\n<p>Ante la medida que buscaba su cierre, los trabajadores reaccionaron r\u00e1pidamente: \u201c<strong>Hubo una autoconvocatoria enorme, con m\u00e1s de 3.000 personas movilizadas de un d\u00eda para el otro. Fue una muestra clara de que la obra social es defendida por su gente<\/strong>. Presentamos una medida cautelar que fue resuelta favorablemente por el juzgado federal de Quilmes\u201d, detall\u00f3 el sindicalista.<\/p>\n\n\n\n<p>Al respecto, las publicaciones sobre la situaci\u00f3n de la obra social siempre han sido con la derecha a los dirigentes del sindicato que por a\u00f1os ha sido rapi\u00f1ado por varios de sus dirigentes en perjuicio d los empleados municipales de Avellaneda, Rub\u00e9n Cholo Garc\u00eda, Daniel Ferro y Hern\u00e1n Doval son los que m\u00e1s se beneficiaron econ\u00f3micamente eso lo saben todos los que los conocen, como tambi\u00e9n saben que es mentira que la obra social siempre estuvo bien administrada.<\/p>\n\n\n\n<h2 class=\"wp-block-heading\">Irregularidades de OSPMA <\/h2>\n\n\n\n<p>   Durante muchos a\u00f1os los trabajadores municipales de Avellaneda, padecieron los despilfarros de los mencionados dirigentes y otros, corte de servicios en cl\u00ednicas por falta de pago, prestadores de dudosa calidad en la atenci\u00f3n a los afiliados, parece al hablar que ahora el Cholo Garc\u00eda padece de amnesia, <\/p>\n\n\n\n<p>Un claro ejemplo del desmanejo de la obra social y de perjuicios graves a los afiliados, es el de la Cl\u00ednica de la Dulce Espera donde varios afiliados perdieron la vida al ser internados en el lugar y cuando estall\u00f3 el esc\u00e1ndalo medi\u00e1tico el sindicato aprovech\u00f3 para cortar el servicio pero sin abonar una millonaria deuda, luego de unos a\u00f1os acomodaron los n\u00fameros y volvieron a trabajar con las cl\u00ednicas suspendidas incluyendo La Dulce Espera.<\/p>\n\n\n\n<p>Tambi\u00e9n fueron muchas las \u00abamigas\u00bb de los dirigentes gremiales que se beneficiaron de la obra social sin ser afiliadas con operaciones est\u00e9ticas de senos, algo morboso por parte de los dirigentes luego se mostraban como exitosos galanes.<\/p>\n\n\n\n<p>En uno de los peores momentos de la obra social, con reclamos de los afiliados por falta de prestadores para la atenci\u00f3n en salud y los consultorios sobre pasados de afiliados que se quejaban de la mala atenci\u00f3n en el lugar, Garc\u00eda y Doval compraron una camioneta de alta gama para recorrer los municipios haciendo pol\u00edtica por la que pagaron una suma superior a los 100 mil d\u00f3lares que solo la usaban ellos o el ladero Ferro para viajes personales con todo pago por el sindicato.<\/p>\n\n\n\n<p>No hay dudas de que el gobierno de Javier Milei es desprolijo y a veces tiene mala informaci\u00f3n, pero tampoco en esta historia se puede permitir la mentira de dirigentes gremiales que se hicieron ricos con el sacrificio de los afiliados que debieron esperar a que estos personajes primero se llenen la panza para que inviertan en la obra social y el sindicato, sin olvidar que con el dinero del sindicato tambi\u00e9n financiaron campa\u00f1as pol\u00edticas de perdedores que solo fueron p\u00e9rdidas millonarias.<\/p>\n\n\n\n<p>Por Marcelo Ricardo Hawrylciw<a href=\"https:\/\/twitter.com\/FacuQuirogaLP\" target=\"_blank\" rel=\"noreferrer noopener\"><\/a><\/p>\n","protected":false},"excerpt":{"rendered":"<p>Rub\u00e9n \u201cCholo\u201d Garc\u00eda, secretario general de la FeSiMuBo, analiz\u00f3\u00a0el fallo que suspendi\u00f3 la resoluci\u00f3n de la Superintendencia de Servicios de Salud que intentaba disolver la obra social municipal de Avellaneda. Destac\u00f3 el prestigio y la solidez de la instituci\u00f3n, y denunci\u00f3 una avanzada del gobierno nacional contra los trabajadores organizados. \u201cCuando nos lleg\u00f3 la resoluci\u00f3n&hellip;<\/p>\n","protected":false},"author":1,"featured_media":138946,"comment_status":"open","ping_status":"open","sticky":false,"template":"","format":"standard","meta":{"footnotes":""},"categories":[16],"tags":[3360,33152,23792,2450,2111,17286,28812,24439,18141,5749,6274],"class_list":["post-138944","post","type-post","status-publish","format-standard","has-post-thumbnail","hentry","category-gremiales","tag-afiliados","tag-clinica-de-la-dulce-espera","tag-daniel-ferro","tag-diario-el-sindical","tag-fesimubo","tag-hernan-doval","tag-javier-milei","tag-ospma","tag-ruben-cholo-garcia","tag-superintendencia-de-servicios-de-salud","tag-trabajadores-municipales"],"_links":{"self":[{"href":"https:\/\/www.elsindical.com.ar\/notas\/wp-json\/wp\/v2\/posts\/138944","targetHints":{"allow":["GET"]}}],"collection":[{"href":"https:\/\/www.elsindical.com.ar\/notas\/wp-json\/wp\/v2\/posts"}],"about":[{"href":"https:\/\/www.elsindical.com.ar\/notas\/wp-json\/wp\/v2\/types\/post"}],"author":[{"embeddable":true,"href":"https:\/\/www.elsindical.com.ar\/notas\/wp-json\/wp\/v2\/users\/1"}],"replies":[{"embeddable":true,"href":"https:\/\/www.elsindical.com.ar\/notas\/wp-json\/wp\/v2\/comments?post=138944"}],"version-history":[{"count":1,"href":"https:\/\/www.elsindical.com.ar\/notas\/wp-json\/wp\/v2\/posts\/138944\/revisions"}],"predecessor-version":[{"id":138947,"href":"https:\/\/www.elsindical.com.ar\/notas\/wp-json\/wp\/v2\/posts\/138944\/revisions\/138947"}],"wp:featuredmedia":[{"embeddable":true,"href":"https:\/\/www.elsindical.com.ar\/notas\/wp-json\/wp\/v2\/media\/138946"}],"wp:attachment":[{"href":"https:\/\/www.elsindical.com.ar\/notas\/wp-json\/wp\/v2\/media?parent=138944"}],"wp:term":[{"taxonomy":"category","embeddable":true,"href":"https:\/\/www.elsindical.com.ar\/notas\/wp-json\/wp\/v2\/categories?post=138944"},{"taxonomy":"post_tag","embeddable":true,"href":"https:\/\/www.elsindical.com.ar\/notas\/wp-json\/wp\/v2\/tags?post=138944"}],"curies":[{"name":"wp","href":"https:\/\/api.w.org\/{rel}","templated":true}]}}