{"id":13893,"date":"2011-04-29T00:42:11","date_gmt":"2011-04-29T03:42:11","guid":{"rendered":"http:\/\/www.elsindical.com.ar\/notas\/?p=13893"},"modified":"2011-04-29T00:42:11","modified_gmt":"2011-04-29T03:42:11","slug":"efemeridesdel-dia-29-de-abril","status":"publish","type":"post","link":"https:\/\/www.elsindical.com.ar\/notas\/efemeridesdel-dia-29-de-abril\/","title":{"rendered":"EFEM\u00c9RIDES:DEL D\u00cdA 29 DE ABRIL"},"content":{"rendered":"<p style=\"text-align: justify;\"><a href=\"http:\/\/www.elsindical.com.ar\/notas\/var\/www\/html\/notas\/wp-content\/uploads\/2010\/04\/Alfred-Hitchcock.jpg\"><img loading=\"lazy\" decoding=\"async\" class=\"alignleft size-full wp-image-5975\" title=\"Alfred-Hitchcock\" src=\"http:\/\/www.elsindical.com.ar\/notas\/var\/www\/html\/notas\/wp-content\/uploads\/2010\/04\/Alfred-Hitchcock.jpg\" alt=\"\" width=\"142\" height=\"173\" \/><\/a>En un veintinueve de abril, pero de 1980, muere en Los Angeles (EEUU) Alfred Hitchcock, director brit\u00e1nico de cine, guionista y productor, conocido por muchos como el \u00abmaestro del suspense\u00bb.<\/p>\n<p style=\"text-align: justify;\">1557- Tercera batalla de Mataquitas, en la que ganaron las tropas espa\u00f1olas y en la que muri\u00f3 el caudillo araucano Lautaro.<\/p>\n<p style=\"text-align: justify;\">1808- El Cabildo de Buenos Aires rechaza las pretensiones del pr\u00edncipe regente de Brasil, Juan VI de Portugal, de que le prestaran obediencia, tras haber sido despojado el Rey de Espa\u00f1a de su corona.<\/p>\n<p style=\"text-align: justify;\">1825- Manuel Jos\u00e9 Arce es elegido presidente de la Federaci\u00f3n Centroamericana.<\/p>\n<p style=\"text-align: justify;\">1861- V\u00edctima de luchas intestinas, muere en un combate el general Jos\u00e9 Mar\u00eda Obando, presidente de Colombia de 1853 a 1854.<\/p>\n<p style=\"text-align: justify;\">1875- Ley portuguesa de supresi\u00f3n total de la esclavitud en todas las provincias de ultramar.<\/p>\n<p style=\"text-align: justify;\">1876- El Parlamento brit\u00e1nico concede a la reina Victoria de Inglaterra el t\u00edtulo de Emperatriz de la India.<\/p>\n<p style=\"text-align: justify;\">1884- Explosi\u00f3n del polvor\u00edn de San Jos\u00e9, en La Habana, que ocasion\u00f3 numerosas v\u00edctimas.<\/p>\n<p style=\"text-align: justify;\">1894- Pronunciamiento de la ciudad de Chalchuapa, que pone fin al Gobierno de los generales Carlos y Antonio Ezeta y proclama presidente de la Rep\u00fablica de San Salvador al general Rafael Antonio Guti\u00e9rrez.<\/p>\n<p style=\"text-align: justify;\">1897- Es promulgada por real decreto la Constituci\u00f3n Auton\u00f3mica de Puerto Rico, que confiere amplias competencias al gobierno de la isla.<\/p>\n<p style=\"text-align: justify;\">1901- Nace Hiro-Hito, emperador de Jap\u00f3n.<\/p>\n<p style=\"text-align: justify;\">1906- Nace Pedro Vargas, cantante mexicano.<\/p>\n<p style=\"text-align: justify;\">1907- Nace Fred Zinnemann, director estadounidense de cine.<\/p>\n<p style=\"text-align: justify;\">1916- Victoria turca en Irak: 10.000 ingleses son hechos prisioneros.<\/p>\n<p style=\"text-align: justify;\">1922- Comienza a regir el C\u00f3digo Penal argentino, sancionado el 30 de septiembre de 1921.<\/p>\n<p style=\"text-align: justify;\">1929- Nace Jeremy Thorpe, pol\u00edtico brit\u00e1nico.<\/p>\n<p style=\"text-align: justify;\">1932- Muere Jos\u00e9 F\u00e9lix Uruburu, general argentino.<\/p>\n<p style=\"text-align: justify;\">1933- Nace Mark Eyskens, economista y pol\u00edtico belga.<\/p>\n<p style=\"text-align: justify;\">1934- Nace Pedro Pires, pol\u00edtico caboverdiano.<\/p>\n<p style=\"text-align: justify;\">1936- Nace Zubin Mehta, director de orquesta indio.<\/p>\n<p style=\"text-align: justify;\">&#8211; Nace Jacob Rothschild, financiero franc\u00e9s.<\/p>\n<p style=\"text-align: justify;\">1942- Segunda Guerra Mundial: reuni\u00f3n de Hitler y Mussolini en el palacio de Klessheim (Austria).<\/p>\n<p style=\"text-align: justify;\">1945- Hitler designa sucesor al almirante Doetniz.<\/p>\n<p style=\"text-align: justify;\">1946- Comienza en Tokio el proceso contra 28 de los m\u00e1ximos dirigentes que actuaron durante la Segunda Guerra Mundial.<\/p>\n<p style=\"text-align: justify;\">1951- Fallece Ludwig Wittgenstein, fil\u00f3sofo austr\u00edaco.<\/p>\n<p style=\"text-align: justify;\">1954- Estados Unidos se niega a prestar ayuda militar a Francia en Indochina.<\/p>\n<p style=\"text-align: justify;\">1957- Nace Daniel Day-Lewis, actor brit\u00e1nico.<\/p>\n<p style=\"text-align: justify;\">1958- Nace Michelle Pfeiffer, actriz estadounidense.<\/p>\n<p style=\"text-align: justify;\">1965- Malta se convierte en el miembro n\u00famero 18 del Consejo de Europa.<\/p>\n<p style=\"text-align: justify;\">1970- Nace Uma Thurman, actriz estadounidense.<\/p>\n<p style=\"text-align: justify;\">1975- Firma del \u00abalto el fuego\u00bb en Vietnam tras 15 a\u00f1os de guerra, en la que intervino Estados Unidos.<\/p>\n<p style=\"text-align: justify;\">1988- Mijail Gorbachov, presidente de la URSS, recibe en el Kremlim, por primera vez, al patriarca de la Iglesia Ortodoxa rusa, Pimen.<\/p>\n<p style=\"text-align: justify;\">1991- Un tif\u00f3n arrasa la zona costera de Bangladesh y causa la muerte de 200.000 personas.<\/p>\n<p style=\"text-align: justify;\">1992- Cuatro d\u00edas de disturbios raciales en Los Angeles y otras ciudades estadounidenses terminan con 58 muertos, 200 heridos graves y da\u00f1os materiales valorados en mil millones de d\u00f3lares.<\/p>\n<p style=\"text-align: justify;\">&#8211; Militares amotinados en Sierra Leona toman el poder, abandonado por el presidente Joseph Momoh, que huy\u00f3 a Guinea.<\/p>\n<p style=\"text-align: justify;\">1996- Fallece Jaime Garc\u00eda Tarr\u00e9s, poeta mexicano.<\/p>\n<p style=\"text-align: justify;\">1997- Entra en vigor el Convenio Internacional sobre Prohibici\u00f3n de Armas Qu\u00edmicas, ratificado por 105 de los 168 estados firmantes.<\/p>\n<p style=\"text-align: justify;\">1999- El gobierno yugoslavo presenta una demanda ante la Corte Internacional de La Haya contra diez pa\u00edses de la OTAN por usar la fuerza militar en contra de un Estado.<\/p>\n<p style=\"text-align: justify;\">2006- Los presidentes de Cuba, Fidel Castro; Venezuela, Hugo Ch\u00e1vez, y Bolivia, Evo Morales, suscriben en La Habana un \u00abTratado de Comercio de los Pueblos\u00bb.<\/p>\n<p style=\"text-align: justify;\">&#8211; Muere John Kenneth Galbraith, economista estadounidense.<\/p>\n","protected":false},"excerpt":{"rendered":"<p>En un veintinueve de abril, pero de 1980, muere en Los Angeles (EEUU) Alfred Hitchcock, director brit\u00e1nico de cine, guionista y productor, conocido por muchos como el \u00abmaestro del suspense\u00bb. 1557- Tercera batalla de Mataquitas, en la que ganaron las tropas espa\u00f1olas y en la que muri\u00f3 el caudillo araucano Lautaro. 1808- El Cabildo de&hellip;<\/p>\n","protected":false},"author":1,"featured_media":0,"comment_status":"open","ping_status":"open","sticky":false,"template":"","format":"standard","meta":{"footnotes":""},"categories":[14],"tags":[],"class_list":["post-13893","post","type-post","status-publish","format-standard","hentry","category-efemerides"],"_links":{"self":[{"href":"https:\/\/www.elsindical.com.ar\/notas\/wp-json\/wp\/v2\/posts\/13893","targetHints":{"allow":["GET"]}}],"collection":[{"href":"https:\/\/www.elsindical.com.ar\/notas\/wp-json\/wp\/v2\/posts"}],"about":[{"href":"https:\/\/www.elsindical.com.ar\/notas\/wp-json\/wp\/v2\/types\/post"}],"author":[{"embeddable":true,"href":"https:\/\/www.elsindical.com.ar\/notas\/wp-json\/wp\/v2\/users\/1"}],"replies":[{"embeddable":true,"href":"https:\/\/www.elsindical.com.ar\/notas\/wp-json\/wp\/v2\/comments?post=13893"}],"version-history":[{"count":1,"href":"https:\/\/www.elsindical.com.ar\/notas\/wp-json\/wp\/v2\/posts\/13893\/revisions"}],"predecessor-version":[{"id":13894,"href":"https:\/\/www.elsindical.com.ar\/notas\/wp-json\/wp\/v2\/posts\/13893\/revisions\/13894"}],"wp:attachment":[{"href":"https:\/\/www.elsindical.com.ar\/notas\/wp-json\/wp\/v2\/media?parent=13893"}],"wp:term":[{"taxonomy":"category","embeddable":true,"href":"https:\/\/www.elsindical.com.ar\/notas\/wp-json\/wp\/v2\/categories?post=13893"},{"taxonomy":"post_tag","embeddable":true,"href":"https:\/\/www.elsindical.com.ar\/notas\/wp-json\/wp\/v2\/tags?post=13893"}],"curies":[{"name":"wp","href":"https:\/\/api.w.org\/{rel}","templated":true}]}}