{"id":138917,"date":"2025-07-12T14:30:39","date_gmt":"2025-07-12T17:30:39","guid":{"rendered":"https:\/\/www.elsindical.com.ar\/notas\/?p=138917"},"modified":"2025-07-12T14:46:24","modified_gmt":"2025-07-12T17:46:24","slug":"fallecio-araceli-julio-la-cantante-que-denuncio-la-motosierra-de-milei-en-el-acceso-a-medicamentos-oncologicos","status":"publish","type":"post","link":"https:\/\/www.elsindical.com.ar\/notas\/fallecio-araceli-julio-la-cantante-que-denuncio-la-motosierra-de-milei-en-el-acceso-a-medicamentos-oncologicos\/","title":{"rendered":"Falleci\u00f3 Araceli Julio, la cantante que denunci\u00f3 la motosierra de Milei en el acceso a medicamentos oncol\u00f3gicos"},"content":{"rendered":"<div class=\"wp-block-image\">\n<figure class=\"aligncenter size-full\"><a href=\"https:\/\/www.elsindical.com.ar\/notas\/var\/www\/html\/notas\/wp-content\/uploads\/2025\/07\/Araceli-Julio.jpg\"><img loading=\"lazy\" decoding=\"async\" width=\"762\" height=\"427\" src=\"https:\/\/www.elsindical.com.ar\/notas\/var\/www\/html\/notas\/wp-content\/uploads\/2025\/07\/Araceli-Julio.jpg\" alt=\"\" class=\"wp-image-138918\" srcset=\"https:\/\/www.elsindical.com.ar\/notas\/var\/www\/html\/notas\/wp-content\/uploads\/2025\/07\/Araceli-Julio.jpg 762w, https:\/\/www.elsindical.com.ar\/notas\/var\/www\/html\/notas\/wp-content\/uploads\/2025\/07\/Araceli-Julio-300x168.jpg 300w\" sizes=\"auto, (max-width: 762px) 100vw, 762px\" \/><\/a><\/figure>\n<\/div>\n\n\n<p>El mi\u00e9rcoles, <strong>falleci\u00f3 la cantante Araceli Julio en el Hospital Central de San isidro, en Buenos Aires.<\/strong> Nacida en La Plata, madre de una hija y un hijo, Araceli ten\u00eda 39 a\u00f1os, <strong>integraba la banda de ska Sat\u00e9lite Kingston<\/strong> e interpretaba, adem\u00e1s, sus propias canciones bajo el alias de La Bicicleta de Saturno.<\/p>\n\n\n\n<p>Due\u00f1a de una voz \u00fanica, poderosa y dulce a la vez, <strong>Araceli llevaba veinte a\u00f1os como integrante de Sat\u00e9lite Kingston<\/strong>, banda con la que grab\u00f3 tres discos y toc\u00f3 tanto en su pa\u00eds como en Chile, Brasil y M\u00e9xico.<\/p>\n\n\n\n<p><strong>Araceli falleci\u00f3 v\u00edctima del c\u00e1ncer. A principios de 2024, hizo p\u00fablica su enfermedad cuando, en el marco de los recortes en distintas \u00e1reas de salud p\u00fablica impulsados por el gobierno del presidente Javier Milei, dej\u00f3 de recibir la medicaci\u00f3n oncol\u00f3gica <\/strong>indispensable para su condici\u00f3n, que hasta entonces le prove\u00eda la Direcci\u00f3n de Asistencia de Situaciones Especiales (Dadse), organismo dependiente del Ministerio de Salud.<\/p>\n\n\n\n<figure class=\"wp-block-embed is-type-video is-provider-youtube wp-block-embed-youtube wp-embed-aspect-16-9 wp-has-aspect-ratio\"><div class=\"wp-block-embed__wrapper\">\n<iframe loading=\"lazy\" title=\"Falleci\u00f3 Araceli Julio quien denunci\u00f3 la falta de entrega de medicamentos oncol\u00f3gicos\" width=\"700\" height=\"394\" src=\"https:\/\/www.youtube.com\/embed\/PqUtgUTGE1o?feature=oembed\" frameborder=\"0\" allow=\"accelerometer; autoplay; clipboard-write; encrypted-media; gyroscope; picture-in-picture; web-share\" referrerpolicy=\"strict-origin-when-cross-origin\" allowfullscreen><\/iframe>\n<\/div><\/figure>\n\n\n\n<p>Por medio de una campa\u00f1a solidaria, seguidores de toda la regi\u00f3n colaboraron con donaciones para que Araceli Julio pudiera afrontar asesoramiento legal, presentar un recurso de amparo y recuperar la medicaci\u00f3n que, con urgencia, deb\u00eda recibir peri\u00f3dicamente. La Justicia orden\u00f3 la restituci\u00f3n inmediata, pero asombrosamente el Ministerio de Salud decidi\u00f3 apelar esa decisi\u00f3n y seguir negando los medicamente oncol\u00f3gicos. Finalmente, las autoridades nacionales debieron acatar la orden judicial, luego de haber dejado pasar ya un per\u00edodo crucial con el tratamiento interrumpido.<\/p>\n\n\n\n<figure class=\"wp-block-embed is-type-video is-provider-youtube wp-block-embed-youtube wp-embed-aspect-16-9 wp-has-aspect-ratio\"><div class=\"wp-block-embed__wrapper\">\n<iframe loading=\"lazy\" title=\"SAT\u00c9LITE KINGSTON &quot;LA ULTIMA CARTA&quot; Justo cuando cre\u00edas que no (The Romaphonic Sessions)\" width=\"700\" height=\"394\" src=\"https:\/\/www.youtube.com\/embed\/hs088in8h_Y?start=54&#038;feature=oembed\" frameborder=\"0\" allow=\"accelerometer; autoplay; clipboard-write; encrypted-media; gyroscope; picture-in-picture; web-share\" referrerpolicy=\"strict-origin-when-cross-origin\" allowfullscreen><\/iframe>\n<\/div><\/figure>\n","protected":false},"excerpt":{"rendered":"<p>El mi\u00e9rcoles, falleci\u00f3 la cantante Araceli Julio en el Hospital Central de San isidro, en Buenos Aires. Nacida en La Plata, madre de una hija y un hijo, Araceli ten\u00eda 39 a\u00f1os, integraba la banda de ska Sat\u00e9lite Kingston e interpretaba, adem\u00e1s, sus propias canciones bajo el alias de La Bicicleta de Saturno. Due\u00f1a de&hellip;<\/p>\n","protected":false},"author":1,"featured_media":138918,"comment_status":"open","ping_status":"open","sticky":false,"template":"","format":"standard","meta":{"footnotes":""},"categories":[24,25],"tags":[45557,3325,2450,10716,28812,45559,45558],"class_list":["post-138917","post","type-post","status-publish","format-standard","has-post-thumbnail","hentry","category-sociales","category-sociedad","tag-araceli-maria-julio","tag-cancer","tag-diario-el-sindical","tag-hospital-central-de-san-isidro","tag-javier-milei","tag-remedios-oncologicos","tag-satelite-kingston"],"_links":{"self":[{"href":"https:\/\/www.elsindical.com.ar\/notas\/wp-json\/wp\/v2\/posts\/138917","targetHints":{"allow":["GET"]}}],"collection":[{"href":"https:\/\/www.elsindical.com.ar\/notas\/wp-json\/wp\/v2\/posts"}],"about":[{"href":"https:\/\/www.elsindical.com.ar\/notas\/wp-json\/wp\/v2\/types\/post"}],"author":[{"embeddable":true,"href":"https:\/\/www.elsindical.com.ar\/notas\/wp-json\/wp\/v2\/users\/1"}],"replies":[{"embeddable":true,"href":"https:\/\/www.elsindical.com.ar\/notas\/wp-json\/wp\/v2\/comments?post=138917"}],"version-history":[{"count":2,"href":"https:\/\/www.elsindical.com.ar\/notas\/wp-json\/wp\/v2\/posts\/138917\/revisions"}],"predecessor-version":[{"id":138920,"href":"https:\/\/www.elsindical.com.ar\/notas\/wp-json\/wp\/v2\/posts\/138917\/revisions\/138920"}],"wp:featuredmedia":[{"embeddable":true,"href":"https:\/\/www.elsindical.com.ar\/notas\/wp-json\/wp\/v2\/media\/138918"}],"wp:attachment":[{"href":"https:\/\/www.elsindical.com.ar\/notas\/wp-json\/wp\/v2\/media?parent=138917"}],"wp:term":[{"taxonomy":"category","embeddable":true,"href":"https:\/\/www.elsindical.com.ar\/notas\/wp-json\/wp\/v2\/categories?post=138917"},{"taxonomy":"post_tag","embeddable":true,"href":"https:\/\/www.elsindical.com.ar\/notas\/wp-json\/wp\/v2\/tags?post=138917"}],"curies":[{"name":"wp","href":"https:\/\/api.w.org\/{rel}","templated":true}]}}