{"id":13887,"date":"2011-04-28T17:27:36","date_gmt":"2011-04-28T20:27:36","guid":{"rendered":"http:\/\/www.elsindical.com.ar\/notas\/?p=13887"},"modified":"2011-04-28T17:27:36","modified_gmt":"2011-04-28T20:27:36","slug":"un-mentiroso-suelto-en-el-senado-y-en-el-consejo-nacional-de-la-magistratura","status":"publish","type":"post","link":"https:\/\/www.elsindical.com.ar\/notas\/un-mentiroso-suelto-en-el-senado-y-en-el-consejo-nacional-de-la-magistratura\/","title":{"rendered":"Un mentiroso suelto en el Senado y en el Consejo Nacional de la Magistratura"},"content":{"rendered":"<p style=\"text-align: justify;\"><a href=\"http:\/\/www.elsindical.com.ar\/notas\/var\/www\/html\/notas\/wp-content\/uploads\/2011\/04\/Senador-Mario-Simadevilla.jpg\"><img loading=\"lazy\" decoding=\"async\" class=\"alignleft size-medium wp-image-13891\" title=\"Senador-Mario-Simadevilla\" src=\"http:\/\/www.elsindical.com.ar\/notas\/var\/www\/html\/notas\/wp-content\/uploads\/2011\/04\/Senador-Mario-Simadevilla-233x300.jpg\" alt=\"\" width=\"233\" height=\"300\" srcset=\"https:\/\/www.elsindical.com.ar\/notas\/var\/www\/html\/notas\/wp-content\/uploads\/2011\/04\/Senador-Mario-Simadevilla-233x300.jpg 233w, https:\/\/www.elsindical.com.ar\/notas\/var\/www\/html\/notas\/wp-content\/uploads\/2011\/04\/Senador-Mario-Simadevilla.jpg 531w\" sizes=\"auto, (max-width: 233px) 100vw, 233px\" \/><\/a><em>Hoy, jueves 28 de abril del 2011, en el 2\u00ba piso del edificio de Lavalle 731, en la sala de plenarios del Consejo Nacional de la Magistratura que entre otros temas de Orden del d\u00eda se tratar\u00eda como lo adelantamos en el punto 4 el Expediente AAD 48\/2011 caratulado \u00abMuleiro Elvira Encarnaci\u00f3n (2006 2\u00ba)s\/Informe-Decla.Jurad-\u00bb el desarrollo de este punto lo ampliaremos en breve con el video de lo expuesto por cada consejero.<\/em><\/p>\n<p style=\"text-align: justify;\">Pero la intervenci\u00f3n del representante del Congreso por la C\u00e1mara de Senadores, el Senador radical por la provincia de Chubut, Mario Cimadevilla, quien sin ponerse colorado por sus dichos sin sustento, levant\u00f3 la mano para mentirle al presidente del CM, al resto de los consejeros y a los presentes.<\/p>\n<p style=\"text-align: justify;\">Es indignante estar presente mientras alguien habla con total desparpajo de uno y asegura reiteradamente una mentira con el \u00e1nimo de influir en la decisi\u00f3n de un cuerpo.<\/p>\n<p style=\"text-align: justify;\">Este senador, no solo ha convalidado el incumplimiento deliberado y doloso de un juez al negarse a cumplir un reglamento basado en apreciaciones personales, sino que ha asegurado el haber ido personalmente a m\u00ed domicilio que seg\u00fan el no existe, y que en el lugar nadie me conoce.<\/p>\n<p style=\"text-align: justify;\">Tama\u00f1a mentira no tiene una explicaci\u00f3n l\u00f3gica porque realmente no resiste el menor an\u00e1lisis y la simple consulta al Google o al Telexplorer donde se puede verificar por mi n\u00famero de tel\u00e9fono la direcci\u00f3n, pero adem\u00e1s de ello, desde hace a\u00f1os he recibido all\u00ed m\u00e1s de 400 citaciones judiciales, sin mencionar la presencia de una custodia policial desde el a\u00f1o 1998, que hace imposible que alg\u00fan vecino mencione no conocerme.<\/p>\n<p style=\"text-align: justify;\">Para que un senador mienta deliberadamente, sabr\u00e1 \u00e9l cu\u00e1les son los motivos que lo llevan a tratar de desacreditarme y evitar que se cumpla con la Ley. Es muy peligroso lo hecho por este Legislador con doble representaci\u00f3n, y si bien evalu\u00e9 la posibilidad de enviarle una carta documento, seguramente se amparar\u00e1 en sus fueros para no asumir que ha mentido y que su recomendaci\u00f3n ha sido un aval peligroso en el plenario.<\/p>\n<p style=\"text-align: justify;\">Por lo que al parecer el \u00fanico m\u00e9todo de defenderme de las acusaciones injuriantes de este personaje que no mide sus afirmaciones es hacer p\u00fablico este hecho que atenta contra la Constituci\u00f3n, contra la libertad de expresi\u00f3n, contra la libertad de ejercer la profesi\u00f3n de periodista, protegiendo a una jueza que antes de negarse a cumplir con la reglamentaci\u00f3n del propio CM, no dud\u00f3 en amenazarme por investigar, denuncia que al parecer el CM, habr\u00e1 archivado y ahora parecen no recordar, si existen pruebas o no poco importa, cuando los hechos demuestran que las amenazas de la jueza son reales y que ella y su esposo el juez Catardo tienen \u00abamigos\u00bb en el Consejo de la Magistratura, inclu\u00eddo el par de Catardo el Dr. Mario Fera.<\/p>\n<p style=\"text-align: justify;\">Ya lo dec\u00eda el Mart\u00edn Fierro: \u00abhacete amigo del juez\u00bb&#8230;<\/p>\n<p style=\"text-align: justify;\">Ampliaremos.<\/p>\n<p style=\"text-align: justify;\">&nbsp;<\/p>\n<p style=\"text-align: justify;\"><em><strong>Por Marcelo Ricardo Hawrylciw<\/strong><\/em><\/p>\n","protected":false},"excerpt":{"rendered":"<p>Hoy, jueves 28 de abril del 2011, en el 2\u00ba piso del edificio de Lavalle 731, en la sala de plenarios del Consejo Nacional de la Magistratura que entre otros temas de Orden del d\u00eda se tratar\u00eda como lo adelantamos en el punto 4 el Expediente AAD 48\/2011 caratulado \u00abMuleiro Elvira Encarnaci\u00f3n (2006 2\u00ba)s\/Informe-Decla.Jurad-\u00bb el&hellip;<\/p>\n","protected":false},"author":1,"featured_media":0,"comment_status":"open","ping_status":"open","sticky":false,"template":"","format":"standard","meta":{"footnotes":""},"categories":[1,10],"tags":[5425,6683,6677,6682,6684],"class_list":["post-13887","post","type-post","status-publish","format-standard","hentry","category-destacadas","category-editorial","tag-catardo","tag-mario-cimadevilla","tag-mario-fera","tag-muleiro-elvira-encarnacion","tag-radical"],"_links":{"self":[{"href":"https:\/\/www.elsindical.com.ar\/notas\/wp-json\/wp\/v2\/posts\/13887","targetHints":{"allow":["GET"]}}],"collection":[{"href":"https:\/\/www.elsindical.com.ar\/notas\/wp-json\/wp\/v2\/posts"}],"about":[{"href":"https:\/\/www.elsindical.com.ar\/notas\/wp-json\/wp\/v2\/types\/post"}],"author":[{"embeddable":true,"href":"https:\/\/www.elsindical.com.ar\/notas\/wp-json\/wp\/v2\/users\/1"}],"replies":[{"embeddable":true,"href":"https:\/\/www.elsindical.com.ar\/notas\/wp-json\/wp\/v2\/comments?post=13887"}],"version-history":[{"count":1,"href":"https:\/\/www.elsindical.com.ar\/notas\/wp-json\/wp\/v2\/posts\/13887\/revisions"}],"predecessor-version":[{"id":13892,"href":"https:\/\/www.elsindical.com.ar\/notas\/wp-json\/wp\/v2\/posts\/13887\/revisions\/13892"}],"wp:attachment":[{"href":"https:\/\/www.elsindical.com.ar\/notas\/wp-json\/wp\/v2\/media?parent=13887"}],"wp:term":[{"taxonomy":"category","embeddable":true,"href":"https:\/\/www.elsindical.com.ar\/notas\/wp-json\/wp\/v2\/categories?post=13887"},{"taxonomy":"post_tag","embeddable":true,"href":"https:\/\/www.elsindical.com.ar\/notas\/wp-json\/wp\/v2\/tags?post=13887"}],"curies":[{"name":"wp","href":"https:\/\/api.w.org\/{rel}","templated":true}]}}