{"id":138850,"date":"2025-07-08T19:08:17","date_gmt":"2025-07-08T22:08:17","guid":{"rendered":"https:\/\/www.elsindical.com.ar\/notas\/?p=138850"},"modified":"2025-07-08T19:08:23","modified_gmt":"2025-07-08T22:08:23","slug":"quilmes-agentes-de-transito-reclaman-por-dias-de-paro-descontados","status":"publish","type":"post","link":"https:\/\/www.elsindical.com.ar\/notas\/quilmes-agentes-de-transito-reclaman-por-dias-de-paro-descontados\/","title":{"rendered":"Quilmes: Agentes de tr\u00e1nsito reclaman por d\u00edas de paro descontados"},"content":{"rendered":"<div class=\"wp-block-image\">\n<figure class=\"aligncenter size-full\"><a href=\"https:\/\/www.elsindical.com.ar\/notas\/var\/www\/html\/notas\/wp-content\/uploads\/2025\/07\/reclamo-trabajadores-de-Quilmes.jpg\"><img loading=\"lazy\" decoding=\"async\" width=\"600\" height=\"745\" src=\"https:\/\/www.elsindical.com.ar\/notas\/var\/www\/html\/notas\/wp-content\/uploads\/2025\/07\/reclamo-trabajadores-de-Quilmes.jpg\" alt=\"\" class=\"wp-image-138851\" srcset=\"https:\/\/www.elsindical.com.ar\/notas\/var\/www\/html\/notas\/wp-content\/uploads\/2025\/07\/reclamo-trabajadores-de-Quilmes.jpg 600w, https:\/\/www.elsindical.com.ar\/notas\/var\/www\/html\/notas\/wp-content\/uploads\/2025\/07\/reclamo-trabajadores-de-Quilmes-242x300.jpg 242w\" sizes=\"auto, (max-width: 600px) 100vw, 600px\" \/><\/a><\/figure>\n<\/div>\n\n\n<p class=\"wp-block-paragraph\">Contin\u00faan los reclamos de los Agentes de tr\u00e1nsito del municipio de Quilmes, que ahora denuncian en redes sociales, que la intendente Mayra Mendoza incumple la conciliaci\u00f3n obligatoria.<\/p>\n\n\n\n<p class=\"wp-block-paragraph\">NO A LA PERSECUCI\u00d3N Y CASTIGO POR EJERCER EL DERECHO A HUELGA<br><br>LAS Y LOS TRABAJADORES DE TR\u00c1NSITO DE QUILMES SE ENCUENTRAN EN ESTADO DE ALERTA Y ASAMBLEA PERMANENTE, EXIGIENDO EL INMEDIATO REINTEGRO DE LOS DIAS DESCONTADOS ILEGAL Y DOLOSAMENTE POR EL EJECUTIVO QUILME\u00d1O POR RECLAMAR SUS DERECHOS.<br><br>CONVOCAMOS A LAS Y LOS DELEGADOS A LA OLLA POPULAR FRENTE A LA SEDE DE TR\u00c1NSITO EN JOAQUIN V. GONZALEZ 455 CASI RCA. DEL LIBANO QUILMES OESTE EL VIERNES 11 DE JULIO A LAS 12 HS.<br><br>BASTA DE ADOCTRINAMIENTO A LA CLASE TRABAJADORA.<\/p>\n","protected":false},"excerpt":{"rendered":"<p>Contin\u00faan los reclamos de los Agentes de tr\u00e1nsito del municipio de Quilmes, que ahora denuncian en redes sociales, que la intendente Mayra Mendoza incumple la conciliaci\u00f3n obligatoria. NO A LA PERSECUCI\u00d3N Y CASTIGO POR EJERCER EL DERECHO A HUELGA LAS Y LOS TRABAJADORES DE TR\u00c1NSITO DE QUILMES SE ENCUENTRAN EN ESTADO DE ALERTA Y ASAMBLEA&hellip;<\/p>\n","protected":false},"author":1,"featured_media":138851,"comment_status":"open","ping_status":"open","sticky":false,"template":"","format":"standard","meta":{"footnotes":""},"categories":[16],"tags":[45542,2450,12782,31234,257,684],"class_list":["post-138850","post","type-post","status-publish","format-standard","has-post-thumbnail","hentry","category-gremiales","tag-descuento-de-haberes","tag-diario-el-sindical","tag-direccion-de-transito","tag-mayra-mendoza","tag-ministerio-de-trabajo","tag-quilmes"],"_links":{"self":[{"href":"https:\/\/www.elsindical.com.ar\/notas\/wp-json\/wp\/v2\/posts\/138850","targetHints":{"allow":["GET"]}}],"collection":[{"href":"https:\/\/www.elsindical.com.ar\/notas\/wp-json\/wp\/v2\/posts"}],"about":[{"href":"https:\/\/www.elsindical.com.ar\/notas\/wp-json\/wp\/v2\/types\/post"}],"author":[{"embeddable":true,"href":"https:\/\/www.elsindical.com.ar\/notas\/wp-json\/wp\/v2\/users\/1"}],"replies":[{"embeddable":true,"href":"https:\/\/www.elsindical.com.ar\/notas\/wp-json\/wp\/v2\/comments?post=138850"}],"version-history":[{"count":1,"href":"https:\/\/www.elsindical.com.ar\/notas\/wp-json\/wp\/v2\/posts\/138850\/revisions"}],"predecessor-version":[{"id":138852,"href":"https:\/\/www.elsindical.com.ar\/notas\/wp-json\/wp\/v2\/posts\/138850\/revisions\/138852"}],"wp:featuredmedia":[{"embeddable":true,"href":"https:\/\/www.elsindical.com.ar\/notas\/wp-json\/wp\/v2\/media\/138851"}],"wp:attachment":[{"href":"https:\/\/www.elsindical.com.ar\/notas\/wp-json\/wp\/v2\/media?parent=138850"}],"wp:term":[{"taxonomy":"category","embeddable":true,"href":"https:\/\/www.elsindical.com.ar\/notas\/wp-json\/wp\/v2\/categories?post=138850"},{"taxonomy":"post_tag","embeddable":true,"href":"https:\/\/www.elsindical.com.ar\/notas\/wp-json\/wp\/v2\/tags?post=138850"}],"curies":[{"name":"wp","href":"https:\/\/api.w.org\/{rel}","templated":true}]}}