{"id":13881,"date":"2011-04-28T01:12:39","date_gmt":"2011-04-28T04:12:39","guid":{"rendered":"http:\/\/www.elsindical.com.ar\/notas\/?p=13881"},"modified":"2011-04-28T01:12:39","modified_gmt":"2011-04-28T04:12:39","slug":"bancarios-ratificaron-el-paro-a-pesar-de-la-conciliacion-obligatoria","status":"publish","type":"post","link":"https:\/\/www.elsindical.com.ar\/notas\/bancarios-ratificaron-el-paro-a-pesar-de-la-conciliacion-obligatoria\/","title":{"rendered":"Bancarios ratificaron el paro a pesar de la conciliaci\u00f3n obligatoria"},"content":{"rendered":"<p style=\"text-align: justify;\"><em><a href=\"http:\/\/www.elsindical.com.ar\/notas\/var\/www\/html\/notas\/wp-content\/uploads\/2011\/04\/movilizaci\u00f3n-bancaria.jpg\"><img loading=\"lazy\" decoding=\"async\" class=\"alignleft size-medium wp-image-13882\" title=\"movilizaci\u00f3n-bancaria\" src=\"http:\/\/www.elsindical.com.ar\/notas\/var\/www\/html\/notas\/wp-content\/uploads\/2011\/04\/movilizaci\u00f3n-bancaria-300x225.jpg\" alt=\"\" width=\"300\" height=\"225\" srcset=\"https:\/\/www.elsindical.com.ar\/notas\/var\/www\/html\/notas\/wp-content\/uploads\/2011\/04\/movilizaci\u00f3n-bancaria-300x225.jpg 300w, https:\/\/www.elsindical.com.ar\/notas\/var\/www\/html\/notas\/wp-content\/uploads\/2011\/04\/movilizaci\u00f3n-bancaria.jpg 413w\" sizes=\"auto, (max-width: 300px) 100vw, 300px\" \/><\/a>La Asociaci\u00f3n Bancaria ratific\u00f3 el paro total de actividades para hoy en los bancos p\u00fablicos y privados de todo el pa\u00eds a pesar de que el Ministerio de Trabajo de la Naci\u00f3n dict\u00f3 la conciliaci\u00f3n obligatoria por quince d\u00edas. Seg\u00fan asever\u00f3 el vocero del gremio, Eduardo Berrozpe, desde el sindicato no fueron notificados \u201csobre ninguna intimaci\u00f3n\u201d de la cartera laboral.<\/em><\/p>\n<p style=\"text-align: justify;\">A pesar de que el Ministerio de Trabajo de la Naci\u00f3n dict\u00f3 la conciliaci\u00f3n obligatoria, el sindicato de empleados bancarios, la Asociaci\u00f3n Bancaria, ratific\u00f3 el paro total de actividades para hoy en los bancos p\u00fablicos y privados de todo el pa\u00eds para exigir una recomposici\u00f3n salarial.<\/p>\n<p>As\u00ed lo confirm\u00f3 el vocero de la Asociaci\u00f3n Bancaria, Eduardo Berrozpe, que anoche dijo que desde el gremio no fueron notificados \u201csobre ninguna intimaci\u00f3n por parte del Ministerio de Trabajo\u00bb.<\/p>\n<p>Tras la convocatoria al paro realizada ayer al mediod\u00eda desde la Bancaria, por la tarde la cartera laboral emiti\u00f3 un comunicado en el que anunci\u00f3 que se dict\u00f3 la conciliaci\u00f3n obligatoria. La medida entr\u00f3 en vigor desde la primera hora de hoy, por quince d\u00edas, y en la disposici\u00f3n se exhorta a las partes a superar sus diferencias.<\/p>\n<p>El instrumento fue impuesto por el subdirector nacional de Negociaci\u00f3n Colectiva de la cartera laboral, Adri\u00e1n Caneto, quien convoc\u00f3 a las partes para hoy a las 17:00 hs.\u00a0a una nueva negociaci\u00f3n.<\/p>\n<p>Sin embargo desde el Sindicato aseguraron por la noche que no fueron notificados sobre la conciliaci\u00f3n por lo que ratificaron la medida de fuerza.<\/p>\n<p>Durante el anuncio de la huelga, el secretario nacional de Prensa del gremio de los bancarios, Eduardo Berrozpe, asegur\u00f3 que \u00ablos bancos contin\u00faan burl\u00e1ndose de los trabajadores e incumpliendo la convenci\u00f3n colectiva\u00bb del sector.<\/p>\n<p>El dirigente gremial asever\u00f3 que, hasta ahora y luego de cuatro meses, \u00ablas negociaciones colectivas salariales y laborales con las c\u00e1maras empresarias han sido un rotundo fracaso\u00bb.<\/p>\n<p>\u00abLas c\u00e1maras provocaron el fracaso de las reuniones y contin\u00faan negando un acuerdo salarial justo, mientras ganaron en el ejercicio vencido el 49 por ciento m\u00e1s que en el anterior y dos veces y media m\u00e1s que en 2008\u00bb, afirm\u00f3 Berrozpe.<\/p>\n<p>El llamado a la huelga abarca a los bancos p\u00fablicos y privados durante toda la jornada laboral, en demanda de una mejora salarial que tenga en cuenta \u00abla rentabilidad de las entidades financieras y el incremento de los precios\u00bb, explic\u00f3.<\/p>\n<p>Del mismo modo, el plan de lucha contempla que desde las 09:00 hs.\u00a0de ma\u00f1ana se realice una \u00abmasiva movilizaci\u00f3n\u00bb en el microcentro porte\u00f1o, lo que afectar\u00e1 la atenci\u00f3n al p\u00fablico, se\u00f1al\u00f3 Berrozpe.<\/p>\n<p>\u00abLa oferta de la patronal est\u00e1 muy lejos de lo que exigen los trabajadores bancarios\u00bb, puntualiz\u00f3 el dirigente.<\/p>\n<p>El paro ser\u00e1 de 07:30 horas por turno, es decir, durante toda la jornada y, el ma\u00f1ana, se realizar\u00e1 una movilizaci\u00f3n nacional hacia la city metropolitana a partir de las 09:00 hs., para luego adherir al acto de la CGT en conmemoraci\u00f3n del D\u00eda del Trabajo.<\/p>\n","protected":false},"excerpt":{"rendered":"<p>La Asociaci\u00f3n Bancaria ratific\u00f3 el paro total de actividades para hoy en los bancos p\u00fablicos y privados de todo el pa\u00eds a pesar de que el Ministerio de Trabajo de la Naci\u00f3n dict\u00f3 la conciliaci\u00f3n obligatoria por quince d\u00edas. Seg\u00fan asever\u00f3 el vocero del gremio, Eduardo Berrozpe, desde el sindicato no fueron notificados \u201csobre ninguna&hellip;<\/p>\n","protected":false},"author":1,"featured_media":0,"comment_status":"open","ping_status":"open","sticky":false,"template":"","format":"standard","meta":{"footnotes":""},"categories":[16],"tags":[926,6675,137,3539,2107,3355],"class_list":["post-13881","post","type-post","status-publish","format-standard","hentry","category-gremiales","tag-acuerdo","tag-aumento-salarios","tag-bancarios","tag-conciliacion-obligatoria","tag-paritarias","tag-paro-nacional"],"_links":{"self":[{"href":"https:\/\/www.elsindical.com.ar\/notas\/wp-json\/wp\/v2\/posts\/13881","targetHints":{"allow":["GET"]}}],"collection":[{"href":"https:\/\/www.elsindical.com.ar\/notas\/wp-json\/wp\/v2\/posts"}],"about":[{"href":"https:\/\/www.elsindical.com.ar\/notas\/wp-json\/wp\/v2\/types\/post"}],"author":[{"embeddable":true,"href":"https:\/\/www.elsindical.com.ar\/notas\/wp-json\/wp\/v2\/users\/1"}],"replies":[{"embeddable":true,"href":"https:\/\/www.elsindical.com.ar\/notas\/wp-json\/wp\/v2\/comments?post=13881"}],"version-history":[{"count":1,"href":"https:\/\/www.elsindical.com.ar\/notas\/wp-json\/wp\/v2\/posts\/13881\/revisions"}],"predecessor-version":[{"id":13883,"href":"https:\/\/www.elsindical.com.ar\/notas\/wp-json\/wp\/v2\/posts\/13881\/revisions\/13883"}],"wp:attachment":[{"href":"https:\/\/www.elsindical.com.ar\/notas\/wp-json\/wp\/v2\/media?parent=13881"}],"wp:term":[{"taxonomy":"category","embeddable":true,"href":"https:\/\/www.elsindical.com.ar\/notas\/wp-json\/wp\/v2\/categories?post=13881"},{"taxonomy":"post_tag","embeddable":true,"href":"https:\/\/www.elsindical.com.ar\/notas\/wp-json\/wp\/v2\/tags?post=13881"}],"curies":[{"name":"wp","href":"https:\/\/api.w.org\/{rel}","templated":true}]}}