{"id":138762,"date":"2025-07-05T00:50:44","date_gmt":"2025-07-05T03:50:44","guid":{"rendered":"https:\/\/www.elsindical.com.ar\/notas\/?p=138762"},"modified":"2025-07-05T00:50:49","modified_gmt":"2025-07-05T03:50:49","slug":"la-catt-realizara-ollas-populares-solidarias-en-constitucion-el-proximo-9-de-julio","status":"publish","type":"post","link":"https:\/\/www.elsindical.com.ar\/notas\/la-catt-realizara-ollas-populares-solidarias-en-constitucion-el-proximo-9-de-julio\/","title":{"rendered":"La CATT realizar\u00e1 ollas populares solidarias en Constituci\u00f3n el pr\u00f3ximo 9 de Julio"},"content":{"rendered":"<div class=\"wp-block-image\">\n<figure class=\"aligncenter size-full is-resized\"><a href=\"https:\/\/www.elsindical.com.ar\/notas\/var\/www\/html\/notas\/wp-content\/uploads\/2025\/07\/dirigentes-CATT.jpeg\"><img loading=\"lazy\" decoding=\"async\" width=\"810\" height=\"791\" src=\"https:\/\/www.elsindical.com.ar\/notas\/var\/www\/html\/notas\/wp-content\/uploads\/2025\/07\/dirigentes-CATT.jpeg\" alt=\"\" class=\"wp-image-138763\" style=\"width:416px;height:auto\" srcset=\"https:\/\/www.elsindical.com.ar\/notas\/var\/www\/html\/notas\/wp-content\/uploads\/2025\/07\/dirigentes-CATT.jpeg 810w, https:\/\/www.elsindical.com.ar\/notas\/var\/www\/html\/notas\/wp-content\/uploads\/2025\/07\/dirigentes-CATT-300x293.jpeg 300w, https:\/\/www.elsindical.com.ar\/notas\/var\/www\/html\/notas\/wp-content\/uploads\/2025\/07\/dirigentes-CATT-768x750.jpeg 768w, https:\/\/www.elsindical.com.ar\/notas\/var\/www\/html\/notas\/wp-content\/uploads\/2025\/07\/dirigentes-CATT-50x50.jpeg 50w\" sizes=\"auto, (max-width: 810px) 100vw, 810px\" \/><\/a><\/figure>\n<\/div>\n\n\n<p><strong>La CATT realizar\u00e1 ollas populares solidarias en Constituci\u00f3n el pr\u00f3ximo 9 de Julio en el marco del <\/strong><strong>Frente multisectorial por \u201cla Soberan\u00eda, el Trabajo Digno y los Salarios Justos\u201d<\/strong><\/p>\n\n\n\n<p>El pr\u00f3ximo mi\u00e9rcoles 9 de Julio la Confederaci\u00f3n Argentina de Trabajadores del Transporte (CATT), liderada por Juan Carlos Schmid, llevar\u00e1 a cabo ollas populares solidarias en Plaza Constituci\u00f3n, en el marco del Frente multisectorial por \u201cla Soberan\u00eda, el Trabajo Digno y los Salarios Justos\u201d, donde repartir\u00e1n comida. Ser\u00e1 a partir de las 12 frente a la Iglesia Inmaculado Coraz\u00f3n de Mar\u00eda, en Constituci\u00f3n 1077, bajo la consigna de \u201cuna nueva Independencia Nacional donde reine en el pueblo el amor y la igualdad\u201d.<\/p>\n\n\n\n<p>De acuerdo a lo afirmado por la CATT en un documento firmado por Schmid y Juan Pablo Brey, Secretario de Prensa, \u201cla imposici\u00f3n de la barbarie econ\u00f3mica, como norte de la gesti\u00f3n nos conduce hacia un callej\u00f3n sin salida\u201d. Adem\u00e1s, calificaron que \u201cse ha instalado entre nosotros un proyecto salvaje y despiadado que amenaza con devorarse todo lo que pueda\u201d y que \u201cla infamia se impone como principio rector celebrando la crueldad contra los m\u00e1s humildes como si fuera una virtud\u201d.<\/p>\n\n\n\n<p>\u201cEste 9 de Julio nos tiene que hermanar en la sublevaci\u00f3n, en la solidaridad, no vamos a permanecer indiferentes si uno de los nuestros sufre\u201d, agregaron. \u201cNo podemos permanecer pasivos si nuestros pibes tienen hambre, si nuestros viejos son gaseados por exigir Justicia Social\u201d, cerraron.<\/p>\n\n\n\n<p>Cabe recordar que la CATT y el Frente por \u201cla Soberan\u00eda, el Trabajo Digno y los Salarios Justos\u201d se movilizaron el pasado 25 de junio al Ministerio de Desregulaci\u00f3n de Federico Sturzenegger como repudio a las medidas de desregulaci\u00f3n del Gobierno Nacional. La marcha cont\u00f3 con la adhesi\u00f3n de 150 organizaciones y la participaci\u00f3n de m\u00e1s de 20 mil personas.<\/p>\n\n\n\n<figure class=\"wp-block-image size-large\"><a href=\"https:\/\/www.elsindical.com.ar\/notas\/var\/www\/html\/notas\/wp-content\/uploads\/2025\/07\/movilizacion-CATT.jpeg\"><img loading=\"lazy\" decoding=\"async\" width=\"1024\" height=\"571\" src=\"https:\/\/www.elsindical.com.ar\/notas\/var\/www\/html\/notas\/wp-content\/uploads\/2025\/07\/movilizacion-CATT-1024x571.jpeg\" alt=\"\" class=\"wp-image-138764\" srcset=\"https:\/\/www.elsindical.com.ar\/notas\/var\/www\/html\/notas\/wp-content\/uploads\/2025\/07\/movilizacion-CATT-1024x571.jpeg 1024w, https:\/\/www.elsindical.com.ar\/notas\/var\/www\/html\/notas\/wp-content\/uploads\/2025\/07\/movilizacion-CATT-300x167.jpeg 300w, https:\/\/www.elsindical.com.ar\/notas\/var\/www\/html\/notas\/wp-content\/uploads\/2025\/07\/movilizacion-CATT-768x428.jpeg 768w, https:\/\/www.elsindical.com.ar\/notas\/var\/www\/html\/notas\/wp-content\/uploads\/2025\/07\/movilizacion-CATT-1536x856.jpeg 1536w, https:\/\/www.elsindical.com.ar\/notas\/var\/www\/html\/notas\/wp-content\/uploads\/2025\/07\/movilizacion-CATT.jpeg 1600w\" sizes=\"auto, (max-width: 1024px) 100vw, 1024px\" \/><\/a><\/figure>\n","protected":false},"excerpt":{"rendered":"<p>La CATT realizar\u00e1 ollas populares solidarias en Constituci\u00f3n el pr\u00f3ximo 9 de Julio en el marco del Frente multisectorial por \u201cla Soberan\u00eda, el Trabajo Digno y los Salarios Justos\u201d El pr\u00f3ximo mi\u00e9rcoles 9 de Julio la Confederaci\u00f3n Argentina de Trabajadores del Transporte (CATT), liderada por Juan Carlos Schmid, llevar\u00e1 a cabo ollas populares solidarias en&hellip;<\/p>\n","protected":false},"author":1,"featured_media":138763,"comment_status":"open","ping_status":"open","sticky":false,"template":"","format":"standard","meta":{"footnotes":""},"categories":[16],"tags":[22175,324,2450,45510,7558,22829,25482],"class_list":["post-138762","post","type-post","status-publish","format-standard","has-post-thumbnail","hentry","category-gremiales","tag-catt","tag-constitucion","tag-diario-el-sindical","tag-iglesia-inmaculado-corazon-de-maria","tag-juan-carlos-schmid","tag-juan-pablo-brey","tag-ollas-populares"],"_links":{"self":[{"href":"https:\/\/www.elsindical.com.ar\/notas\/wp-json\/wp\/v2\/posts\/138762","targetHints":{"allow":["GET"]}}],"collection":[{"href":"https:\/\/www.elsindical.com.ar\/notas\/wp-json\/wp\/v2\/posts"}],"about":[{"href":"https:\/\/www.elsindical.com.ar\/notas\/wp-json\/wp\/v2\/types\/post"}],"author":[{"embeddable":true,"href":"https:\/\/www.elsindical.com.ar\/notas\/wp-json\/wp\/v2\/users\/1"}],"replies":[{"embeddable":true,"href":"https:\/\/www.elsindical.com.ar\/notas\/wp-json\/wp\/v2\/comments?post=138762"}],"version-history":[{"count":1,"href":"https:\/\/www.elsindical.com.ar\/notas\/wp-json\/wp\/v2\/posts\/138762\/revisions"}],"predecessor-version":[{"id":138765,"href":"https:\/\/www.elsindical.com.ar\/notas\/wp-json\/wp\/v2\/posts\/138762\/revisions\/138765"}],"wp:featuredmedia":[{"embeddable":true,"href":"https:\/\/www.elsindical.com.ar\/notas\/wp-json\/wp\/v2\/media\/138763"}],"wp:attachment":[{"href":"https:\/\/www.elsindical.com.ar\/notas\/wp-json\/wp\/v2\/media?parent=138762"}],"wp:term":[{"taxonomy":"category","embeddable":true,"href":"https:\/\/www.elsindical.com.ar\/notas\/wp-json\/wp\/v2\/categories?post=138762"},{"taxonomy":"post_tag","embeddable":true,"href":"https:\/\/www.elsindical.com.ar\/notas\/wp-json\/wp\/v2\/tags?post=138762"}],"curies":[{"name":"wp","href":"https:\/\/api.w.org\/{rel}","templated":true}]}}