{"id":138758,"date":"2025-07-04T19:02:51","date_gmt":"2025-07-04T22:02:51","guid":{"rendered":"https:\/\/www.elsindical.com.ar\/notas\/?p=138758"},"modified":"2025-07-04T19:02:56","modified_gmt":"2025-07-04T22:02:56","slug":"compra-campeon-el-dolar-minorista-marco-un-record-tras-la-provocadora-frase-de-caputo","status":"publish","type":"post","link":"https:\/\/www.elsindical.com.ar\/notas\/compra-campeon-el-dolar-minorista-marco-un-record-tras-la-provocadora-frase-de-caputo\/","title":{"rendered":"\u201cCompr\u00e1, campe\u00f3n\u201d: El d\u00f3lar minorista marc\u00f3 un r\u00e9cord tras la provocadora frase de Caputo"},"content":{"rendered":"<div class=\"wp-block-image\">\n<figure class=\"aligncenter size-full\"><a href=\"https:\/\/www.elsindical.com.ar\/notas\/var\/www\/html\/notas\/wp-content\/uploads\/2021\/01\/dolares-compra-limite.jpg\"><img loading=\"lazy\" decoding=\"async\" width=\"678\" height=\"381\" src=\"https:\/\/www.elsindical.com.ar\/notas\/var\/www\/html\/notas\/wp-content\/uploads\/2021\/01\/dolares-compra-limite.jpg\" alt=\"\" class=\"wp-image-101434\" srcset=\"https:\/\/www.elsindical.com.ar\/notas\/var\/www\/html\/notas\/wp-content\/uploads\/2021\/01\/dolares-compra-limite.jpg 678w, https:\/\/www.elsindical.com.ar\/notas\/var\/www\/html\/notas\/wp-content\/uploads\/2021\/01\/dolares-compra-limite-300x169.jpg 300w, https:\/\/www.elsindical.com.ar\/notas\/var\/www\/html\/notas\/wp-content\/uploads\/2021\/01\/dolares-compra-limite-500x281.jpg 500w\" sizes=\"auto, (max-width: 678px) 100vw, 678px\" \/><\/a><\/figure>\n<\/div>\n\n\n<p>La divisa oficial trep\u00f3 $15 en un d\u00eda y ya acumula una suba del 20% en 2025. El d\u00f3lar blue se mantuvo en $1.230, por debajo del minorista.<\/p>\n\n\n\n<p><strong>El d\u00f3lar minorista subi\u00f3 $15 este viernes y se vendi\u00f3 a $1.260 en los bancos<\/strong>, marcando un nuevo r\u00e9cord nominal. En solo una semana, la divisa <strong>oficial acumul\u00f3 un aumento de $55,<\/strong> lo que equivale a un avance del 3,7%.<\/p>\n\n\n\n<p>En lo que va del a\u00f1o, el d\u00f3lar sube 20%, superando a la inflaci\u00f3n acumulada del mismo per\u00edodo.<\/p>\n\n\n\n<p>Por otro lado, el d\u00f3lar blue se mantuvo estable en $1.230, profundizando la inusual brecha negativa con el tipo de cambio oficial.<\/p>\n\n\n\n<p>El ministro de Econom\u00eda, Luis Caputo, quien el martes desafi\u00f3 a quienes alertaban sobre un atraso cambiario. \u201c<strong>Si te parece que est\u00e1 barato, compr\u00e1, campe\u00f3n<\/strong>\u201d, lanz\u00f3 el funcionario durante una exposici\u00f3n en la Universidad Austral, ante m\u00e1s de 600 ejecutivos del sector privado.<\/p>\n\n\n\n<p>La frase fue interpretada como una se\u00f1al pol\u00edtica y econ\u00f3mica en medio de las crecientes presiones por una correcci\u00f3n cambiaria. En ese contexto, operadores creen que el Banco Central <strong>permiti\u00f3 una aceleraci\u00f3n del crawling peg, el esquema de microdevaluaciones diarias que ven\u00eda anclado en torno al 2% mensual.<\/strong><\/p>\n\n\n\n<p>Con esta din\u00e1mica, el d\u00f3lar oficial volvi\u00f3 a superar al blue, un fen\u00f3meno at\u00edpico que refleja las tensiones entre la pol\u00edtica monetaria oficial y las expectativas del mercado.<\/p>\n","protected":false},"excerpt":{"rendered":"<p>La divisa oficial trep\u00f3 $15 en un d\u00eda y ya acumula una suba del 20% en 2025. El d\u00f3lar blue se mantuvo en $1.230, por debajo del minorista. El d\u00f3lar minorista subi\u00f3 $15 este viernes y se vendi\u00f3 a $1.260 en los bancos, marcando un nuevo r\u00e9cord nominal. En solo una semana, la divisa oficial&hellip;<\/p>\n","protected":false},"author":1,"featured_media":101434,"comment_status":"open","ping_status":"open","sticky":false,"template":"","format":"standard","meta":{"footnotes":""},"categories":[9],"tags":[2450,20071,22023,24979,45509,30149],"class_list":["post-138758","post","type-post","status-publish","format-standard","has-post-thumbnail","hentry","category-economia","tag-diario-el-sindical","tag-dolar-blue","tag-economia","tag-luis-caputo","tag-precio-dolar","tag-universidad-austral"],"_links":{"self":[{"href":"https:\/\/www.elsindical.com.ar\/notas\/wp-json\/wp\/v2\/posts\/138758","targetHints":{"allow":["GET"]}}],"collection":[{"href":"https:\/\/www.elsindical.com.ar\/notas\/wp-json\/wp\/v2\/posts"}],"about":[{"href":"https:\/\/www.elsindical.com.ar\/notas\/wp-json\/wp\/v2\/types\/post"}],"author":[{"embeddable":true,"href":"https:\/\/www.elsindical.com.ar\/notas\/wp-json\/wp\/v2\/users\/1"}],"replies":[{"embeddable":true,"href":"https:\/\/www.elsindical.com.ar\/notas\/wp-json\/wp\/v2\/comments?post=138758"}],"version-history":[{"count":1,"href":"https:\/\/www.elsindical.com.ar\/notas\/wp-json\/wp\/v2\/posts\/138758\/revisions"}],"predecessor-version":[{"id":138759,"href":"https:\/\/www.elsindical.com.ar\/notas\/wp-json\/wp\/v2\/posts\/138758\/revisions\/138759"}],"wp:featuredmedia":[{"embeddable":true,"href":"https:\/\/www.elsindical.com.ar\/notas\/wp-json\/wp\/v2\/media\/101434"}],"wp:attachment":[{"href":"https:\/\/www.elsindical.com.ar\/notas\/wp-json\/wp\/v2\/media?parent=138758"}],"wp:term":[{"taxonomy":"category","embeddable":true,"href":"https:\/\/www.elsindical.com.ar\/notas\/wp-json\/wp\/v2\/categories?post=138758"},{"taxonomy":"post_tag","embeddable":true,"href":"https:\/\/www.elsindical.com.ar\/notas\/wp-json\/wp\/v2\/tags?post=138758"}],"curies":[{"name":"wp","href":"https:\/\/api.w.org\/{rel}","templated":true}]}}