{"id":138736,"date":"2025-07-03T21:36:33","date_gmt":"2025-07-04T00:36:33","guid":{"rendered":"https:\/\/www.elsindical.com.ar\/notas\/?p=138736"},"modified":"2025-07-04T03:04:29","modified_gmt":"2025-07-04T06:04:29","slug":"lanus-violento-robo-a-un-delivery-la-inseguridad-imparable","status":"publish","type":"post","link":"https:\/\/www.elsindical.com.ar\/notas\/lanus-violento-robo-a-un-delivery-la-inseguridad-imparable\/","title":{"rendered":"Lan\u00fas: Violento robo a un delivery, la inseguridad  imparable"},"content":{"rendered":"<div class=\"wp-block-image\">\n<figure class=\"aligncenter size-full\"><a href=\"https:\/\/www.elsindical.com.ar\/notas\/var\/www\/html\/notas\/wp-content\/uploads\/2025\/07\/robo-a-delivery-Lanus.jpg\"><img loading=\"lazy\" decoding=\"async\" width=\"700\" height=\"455\" src=\"https:\/\/www.elsindical.com.ar\/notas\/var\/www\/html\/notas\/wp-content\/uploads\/2025\/07\/robo-a-delivery-Lanus.jpg\" alt=\"\" class=\"wp-image-138737\" srcset=\"https:\/\/www.elsindical.com.ar\/notas\/var\/www\/html\/notas\/wp-content\/uploads\/2025\/07\/robo-a-delivery-Lanus.jpg 700w, https:\/\/www.elsindical.com.ar\/notas\/var\/www\/html\/notas\/wp-content\/uploads\/2025\/07\/robo-a-delivery-Lanus-300x195.jpg 300w\" sizes=\"auto, (max-width: 700px) 100vw, 700px\" \/><\/a><\/figure>\n<\/div>\n\n\n<p>Dos delincuentes bajaron de un taxi, golpearon al delivery y le robaron la moto, pertenencias y hasta la mochila t\u00e9rmica.<\/p>\n\n\n\n<p>El repartidor estaba detenido arriba del rodado cuando los ladrones lo atacaron de sorpresa por la espalda. Intent\u00f3 salir corriendo, pero uno de los asaltantes lo persigui\u00f3 y le sac\u00f3 todas sus pertenencias. <\/p>\n\n\n\n<p>Un c\u00f3mplice los esperaba al volante de un taxi de CABA y escaparon. \u201cEl muchacho qued\u00f3 muy asustado\u201d, cont\u00f3 un vecino. El violento hecho ocurri\u00f3 en Carlos Gardel y Viglieri.<\/p>\n\n\n\n<p>Ya es insostenible para los vecinos vivir en estas condiciones, mientras el intendente Juli\u00e1n \u00c1lvarez sigue sin hacerse cargo de la inseguridad y los reclamos vecinales, sosteniendo en su cargo al ineficiente secretario de seguridad municipal Sebasti\u00e1n Castillo.<\/p>\n\n\n\n<figure class=\"wp-block-embed is-type-video is-provider-youtube wp-block-embed-youtube wp-embed-aspect-16-9 wp-has-aspect-ratio\"><div class=\"wp-block-embed__wrapper\">\n<iframe loading=\"lazy\" title=\"Lan\u00fas robo a  delivery, inseguridad imparable\" width=\"700\" height=\"394\" src=\"https:\/\/www.youtube.com\/embed\/2lB8xomC6Yg?feature=oembed\" frameborder=\"0\" allow=\"accelerometer; autoplay; clipboard-write; encrypted-media; gyroscope; picture-in-picture; web-share\" referrerpolicy=\"strict-origin-when-cross-origin\" allowfullscreen><\/iframe>\n<\/div><\/figure>\n","protected":false},"excerpt":{"rendered":"<p>Dos delincuentes bajaron de un taxi, golpearon al delivery y le robaron la moto, pertenencias y hasta la mochila t\u00e9rmica. El repartidor estaba detenido arriba del rodado cuando los ladrones lo atacaron de sorpresa por la espalda. Intent\u00f3 salir corriendo, pero uno de los asaltantes lo persigui\u00f3 y le sac\u00f3 todas sus pertenencias. Un c\u00f3mplice&hellip;<\/p>\n","protected":false},"author":1,"featured_media":138737,"comment_status":"open","ping_status":"open","sticky":false,"template":"","format":"standard","meta":{"footnotes":""},"categories":[22],"tags":[2098,2450,984,39958,209,45504,116,41983],"class_list":["post-138736","post","type-post","status-publish","format-standard","has-post-thumbnail","hentry","category-policiales","tag-delivery","tag-diario-el-sindical","tag-inseguridad","tag-julian-alvarez-2","tag-lanus","tag-reclamo-vecinal","tag-robo","tag-sebastian-castillo"],"_links":{"self":[{"href":"https:\/\/www.elsindical.com.ar\/notas\/wp-json\/wp\/v2\/posts\/138736","targetHints":{"allow":["GET"]}}],"collection":[{"href":"https:\/\/www.elsindical.com.ar\/notas\/wp-json\/wp\/v2\/posts"}],"about":[{"href":"https:\/\/www.elsindical.com.ar\/notas\/wp-json\/wp\/v2\/types\/post"}],"author":[{"embeddable":true,"href":"https:\/\/www.elsindical.com.ar\/notas\/wp-json\/wp\/v2\/users\/1"}],"replies":[{"embeddable":true,"href":"https:\/\/www.elsindical.com.ar\/notas\/wp-json\/wp\/v2\/comments?post=138736"}],"version-history":[{"count":2,"href":"https:\/\/www.elsindical.com.ar\/notas\/wp-json\/wp\/v2\/posts\/138736\/revisions"}],"predecessor-version":[{"id":138741,"href":"https:\/\/www.elsindical.com.ar\/notas\/wp-json\/wp\/v2\/posts\/138736\/revisions\/138741"}],"wp:featuredmedia":[{"embeddable":true,"href":"https:\/\/www.elsindical.com.ar\/notas\/wp-json\/wp\/v2\/media\/138737"}],"wp:attachment":[{"href":"https:\/\/www.elsindical.com.ar\/notas\/wp-json\/wp\/v2\/media?parent=138736"}],"wp:term":[{"taxonomy":"category","embeddable":true,"href":"https:\/\/www.elsindical.com.ar\/notas\/wp-json\/wp\/v2\/categories?post=138736"},{"taxonomy":"post_tag","embeddable":true,"href":"https:\/\/www.elsindical.com.ar\/notas\/wp-json\/wp\/v2\/tags?post=138736"}],"curies":[{"name":"wp","href":"https:\/\/api.w.org\/{rel}","templated":true}]}}