{"id":138733,"date":"2025-07-03T16:10:29","date_gmt":"2025-07-03T19:10:29","guid":{"rendered":"https:\/\/www.elsindical.com.ar\/notas\/?p=138733"},"modified":"2025-07-03T16:10:34","modified_gmt":"2025-07-03T19:10:34","slug":"cae-un-19-la-confianza-del-campo-sobre-el-futuro-del-sector-y-vuelve-a-encenderse-la-luz-de-alerta-en-las-inversiones","status":"publish","type":"post","link":"https:\/\/www.elsindical.com.ar\/notas\/cae-un-19-la-confianza-del-campo-sobre-el-futuro-del-sector-y-vuelve-a-encenderse-la-luz-de-alerta-en-las-inversiones\/","title":{"rendered":"Cae un 19% la confianza del campo sobre el futuro del sector y vuelve a encenderse la luz de alerta en las inversiones"},"content":{"rendered":"<div class=\"wp-block-image\">\n<figure class=\"aligncenter size-full\"><a href=\"https:\/\/www.elsindical.com.ar\/notas\/var\/www\/html\/notas\/wp-content\/uploads\/2025\/07\/Universidad-Austral-confianza-campo-mayo-2025.jpg\"><img loading=\"lazy\" decoding=\"async\" width=\"650\" height=\"338\" src=\"https:\/\/www.elsindical.com.ar\/notas\/var\/www\/html\/notas\/wp-content\/uploads\/2025\/07\/Universidad-Austral-confianza-campo-mayo-2025.jpg\" alt=\"\" class=\"wp-image-138734\" srcset=\"https:\/\/www.elsindical.com.ar\/notas\/var\/www\/html\/notas\/wp-content\/uploads\/2025\/07\/Universidad-Austral-confianza-campo-mayo-2025.jpg 650w, https:\/\/www.elsindical.com.ar\/notas\/var\/www\/html\/notas\/wp-content\/uploads\/2025\/07\/Universidad-Austral-confianza-campo-mayo-2025-300x156.jpg 300w\" sizes=\"auto, (max-width: 650px) 100vw, 650px\" \/><\/a><\/figure>\n<\/div>\n\n\n<figure class=\"wp-block-table\"><table class=\"has-fixed-layout\"><tbody><tr><td><em>En mayo-junio 2025, el Ag Barometer Austral registr\u00f3 una ca\u00edda del 5%, descendiendo de 137 a 130 puntos. La baja se explica principalmente por el deterioro del \u00cdndice de Condiciones Presentes, que pas\u00f3 de 100 a 94, ingresando en terreno negativo, especialmente por el retroceso en las Expectativas de Inversi\u00f3n, que cayeron de 82 a 75. Tambi\u00e9n se observ\u00f3 un descenso en el \u00cdndice de Expectativas Futuras, que pas\u00f3 de 163 a 151, arrastrado por la p\u00e9rdida de optimismo sobre el desempe\u00f1o del sector agropecuario en los pr\u00f3ximos 12 meses.<\/em><em>Aunque el indicador general se mantiene en valores positivos, ya son cuatro las mediciones consecutivas que muestran alzas y bajas, reflejando la incertidumbre que atraviesa al sector, influenciada tanto por factores pol\u00edticos y macroecon\u00f3micos como por elementos sectoriales espec\u00edficos. En este contexto, la gran mayor\u00eda de los productores consideraba que el 30 de junio finalizar\u00eda la baja parcial de retenciones, y un porcentaje reducido a\u00fan cree que podr\u00edan eliminarse luego de las elecciones legislativas de octubre.<\/em><\/td><\/tr><tr><td><a href=\"https:\/\/austral.us3.list-manage.com\/track\/click?u=efbc01da6c391663922e4f957&amp;id=c50106732c&amp;e=b884d43add\" target=\"_blank\" rel=\"noreferrer noopener\">Acceda al informe completo<\/a><\/td><\/tr><\/tbody><\/table><\/figure>\n","protected":false},"excerpt":{"rendered":"<p>En mayo-junio 2025, el Ag Barometer Austral registr\u00f3 una ca\u00edda del 5%, descendiendo de 137 a 130 puntos. La baja se explica principalmente por el deterioro del \u00cdndice de Condiciones Presentes, que pas\u00f3 de 100 a 94, ingresando en terreno negativo, especialmente por el retroceso en las Expectativas de Inversi\u00f3n, que cayeron de 82 a&hellip;<\/p>\n","protected":false},"author":1,"featured_media":138734,"comment_status":"open","ping_status":"open","sticky":false,"template":"","format":"standard","meta":{"footnotes":""},"categories":[9],"tags":[45502,45503,2450,22023,30149],"class_list":["post-138733","post","type-post","status-publish","format-standard","has-post-thumbnail","hentry","category-economia","tag-centro-de-agronegocios-y-alimentos","tag-confianza-delcampo","tag-diario-el-sindical","tag-economia","tag-universidad-austral"],"_links":{"self":[{"href":"https:\/\/www.elsindical.com.ar\/notas\/wp-json\/wp\/v2\/posts\/138733","targetHints":{"allow":["GET"]}}],"collection":[{"href":"https:\/\/www.elsindical.com.ar\/notas\/wp-json\/wp\/v2\/posts"}],"about":[{"href":"https:\/\/www.elsindical.com.ar\/notas\/wp-json\/wp\/v2\/types\/post"}],"author":[{"embeddable":true,"href":"https:\/\/www.elsindical.com.ar\/notas\/wp-json\/wp\/v2\/users\/1"}],"replies":[{"embeddable":true,"href":"https:\/\/www.elsindical.com.ar\/notas\/wp-json\/wp\/v2\/comments?post=138733"}],"version-history":[{"count":1,"href":"https:\/\/www.elsindical.com.ar\/notas\/wp-json\/wp\/v2\/posts\/138733\/revisions"}],"predecessor-version":[{"id":138735,"href":"https:\/\/www.elsindical.com.ar\/notas\/wp-json\/wp\/v2\/posts\/138733\/revisions\/138735"}],"wp:featuredmedia":[{"embeddable":true,"href":"https:\/\/www.elsindical.com.ar\/notas\/wp-json\/wp\/v2\/media\/138734"}],"wp:attachment":[{"href":"https:\/\/www.elsindical.com.ar\/notas\/wp-json\/wp\/v2\/media?parent=138733"}],"wp:term":[{"taxonomy":"category","embeddable":true,"href":"https:\/\/www.elsindical.com.ar\/notas\/wp-json\/wp\/v2\/categories?post=138733"},{"taxonomy":"post_tag","embeddable":true,"href":"https:\/\/www.elsindical.com.ar\/notas\/wp-json\/wp\/v2\/tags?post=138733"}],"curies":[{"name":"wp","href":"https:\/\/api.w.org\/{rel}","templated":true}]}}