{"id":138695,"date":"2025-07-01T11:38:52","date_gmt":"2025-07-01T14:38:52","guid":{"rendered":"https:\/\/www.elsindical.com.ar\/notas\/?p=138695"},"modified":"2025-07-01T11:38:58","modified_gmt":"2025-07-01T14:38:58","slug":"ypf-aumento-un-35-sus-combustibles","status":"publish","type":"post","link":"https:\/\/www.elsindical.com.ar\/notas\/ypf-aumento-un-35-sus-combustibles\/","title":{"rendered":"YPF aument\u00f3 un 3,5% sus combustibles"},"content":{"rendered":"\n<figure class=\"wp-block-image size-large\"><a href=\"https:\/\/www.elsindical.com.ar\/notas\/var\/www\/html\/notas\/wp-content\/uploads\/2018\/09\/YPF-carga-combustible.jpg\"><img loading=\"lazy\" decoding=\"async\" width=\"1024\" height=\"683\" src=\"https:\/\/www.elsindical.com.ar\/notas\/var\/www\/html\/notas\/wp-content\/uploads\/2018\/09\/YPF-carga-combustible-1024x683.jpg\" alt=\"\" class=\"wp-image-80950\" srcset=\"https:\/\/www.elsindical.com.ar\/notas\/var\/www\/html\/notas\/wp-content\/uploads\/2018\/09\/YPF-carga-combustible-1024x683.jpg 1024w, https:\/\/www.elsindical.com.ar\/notas\/var\/www\/html\/notas\/wp-content\/uploads\/2018\/09\/YPF-carga-combustible-300x200.jpg 300w, https:\/\/www.elsindical.com.ar\/notas\/var\/www\/html\/notas\/wp-content\/uploads\/2018\/09\/YPF-carga-combustible-768x512.jpg 768w, https:\/\/www.elsindical.com.ar\/notas\/var\/www\/html\/notas\/wp-content\/uploads\/2018\/09\/YPF-carga-combustible-450x300.jpg 450w, https:\/\/www.elsindical.com.ar\/notas\/var\/www\/html\/notas\/wp-content\/uploads\/2018\/09\/YPF-carga-combustible.jpg 1170w\" sizes=\"auto, (max-width: 1024px) 100vw, 1024px\" \/><\/a><\/figure>\n\n\n\n<p>Adem\u00e1s de la suba de precios, que lleva el litro de S\u00faper a 1.228 pesos, se implementa el descuento por cargar entre la medianoche y las 6 en YPF.<\/p>\n\n\n\n<p><strong>La&nbsp;petrolera&nbsp;YPF&nbsp;<\/strong>subi\u00f3&nbsp;3,5%&nbsp;sus combustibles, en paralelo a la implementaci\u00f3n del sistema de precios diferenciales en el turno noche.<\/p>\n\n\n\n<p>El ajuste de precios forma parte de&nbsp;\u201cuna <strong>actualizaci\u00f3n de precios que contempla una variaci\u00f3n promedio del 3,5%<\/strong>, tomando los par\u00e1metros ya conocidos como precio internacional del petr\u00f3leo, tipo de cambio, impuestos a los combustibles y precios de los biocombustibles\u201d, dijo la petrolera en un comunicado.<\/p>\n\n\n\n<p>Adem\u00e1s, YPF implementa en todas sus estaciones de servicio una&nbsp;<strong>nueva modalidad de precios diferenciados por ciclos de demanda diarios y regionales.<\/strong><\/p>\n\n\n\n<p>Este nuevo esquema, que busca ofrecer a los clientes una experiencia m\u00e1s flexible e innovadora, es posible gracias al cambio tecnol\u00f3gico que representa el nuevo&nbsp;Real Time Intelligence Center Comercial&nbsp;y la puesta en funcionamiento de los primeros <a href=\"https:\/\/www.inforegion.com.ar\/2025\/06\/27\/donde-conseguir-nafta-con-un-descuento-del-5\/\">cinco pilotos<\/a> de autodespacho que YPF lanz\u00f3 la semana pasada.<\/p>\n\n\n\n<p>Precios por litro de combustible en estaciones de servicio de YPF con la aplicaci\u00f3n del 3,5%, seg\u00fan los valores reflejados por el portal Surtidores en la Ciudad Aut\u00f3noma de Buenos Aires (CABA):<\/p>\n\n\n\n<p>La nafta <strong>S\u00faper se va a $1.228 el litro <\/strong>y la Premium llega a $1.454. El gasoil sale $1.233 y Euro, $1.423<\/p>\n\n\n\n<p>Asimismo, se implantar\u00e1 un <strong>precio diferencial en todas las estaciones de servicio del pa\u00eds durante la noche (0 a 6 AM) con descuento del 3 por ciento para pago mediante APP YPF<\/strong>.<\/p>\n\n\n\n<p>Por su parte, <strong>la modalidad de autodespacho se extender\u00e1&nbsp;a las 24 horas&nbsp;en aquellas estaciones de servicio habilitadas y tendr\u00e1 un beneficio adicional del 3 por ciento<\/strong>; llegando a un 6 por ciento de descuento durante la noche (3 por franja horaria y 3 por modalidad), abonando con la&nbsp;APP YPF.<\/p>\n","protected":false},"excerpt":{"rendered":"<p>Adem\u00e1s de la suba de precios, que lleva el litro de S\u00faper a 1.228 pesos, se implementa el descuento por cargar entre la medianoche y las 6 en YPF. La&nbsp;petrolera&nbsp;YPF&nbsp;subi\u00f3&nbsp;3,5%&nbsp;sus combustibles, en paralelo a la implementaci\u00f3n del sistema de precios diferenciales en el turno noche. El ajuste de precios forma parte de&nbsp;\u201cuna actualizaci\u00f3n de precios&hellip;<\/p>\n","protected":false},"author":1,"featured_media":80950,"comment_status":"open","ping_status":"open","sticky":false,"template":"","format":"standard","meta":{"footnotes":""},"categories":[9],"tags":[39318,2450,22023,621],"class_list":["post-138695","post","type-post","status-publish","format-standard","has-post-thumbnail","hentry","category-economia","tag-aumento-de-combustibles","tag-diario-el-sindical","tag-economia","tag-ypf"],"_links":{"self":[{"href":"https:\/\/www.elsindical.com.ar\/notas\/wp-json\/wp\/v2\/posts\/138695","targetHints":{"allow":["GET"]}}],"collection":[{"href":"https:\/\/www.elsindical.com.ar\/notas\/wp-json\/wp\/v2\/posts"}],"about":[{"href":"https:\/\/www.elsindical.com.ar\/notas\/wp-json\/wp\/v2\/types\/post"}],"author":[{"embeddable":true,"href":"https:\/\/www.elsindical.com.ar\/notas\/wp-json\/wp\/v2\/users\/1"}],"replies":[{"embeddable":true,"href":"https:\/\/www.elsindical.com.ar\/notas\/wp-json\/wp\/v2\/comments?post=138695"}],"version-history":[{"count":1,"href":"https:\/\/www.elsindical.com.ar\/notas\/wp-json\/wp\/v2\/posts\/138695\/revisions"}],"predecessor-version":[{"id":138696,"href":"https:\/\/www.elsindical.com.ar\/notas\/wp-json\/wp\/v2\/posts\/138695\/revisions\/138696"}],"wp:featuredmedia":[{"embeddable":true,"href":"https:\/\/www.elsindical.com.ar\/notas\/wp-json\/wp\/v2\/media\/80950"}],"wp:attachment":[{"href":"https:\/\/www.elsindical.com.ar\/notas\/wp-json\/wp\/v2\/media?parent=138695"}],"wp:term":[{"taxonomy":"category","embeddable":true,"href":"https:\/\/www.elsindical.com.ar\/notas\/wp-json\/wp\/v2\/categories?post=138695"},{"taxonomy":"post_tag","embeddable":true,"href":"https:\/\/www.elsindical.com.ar\/notas\/wp-json\/wp\/v2\/tags?post=138695"}],"curies":[{"name":"wp","href":"https:\/\/api.w.org\/{rel}","templated":true}]}}