{"id":138651,"date":"2025-06-29T19:56:27","date_gmt":"2025-06-29T22:56:27","guid":{"rendered":"https:\/\/www.elsindical.com.ar\/notas\/?p=138651"},"modified":"2025-06-29T19:56:33","modified_gmt":"2025-06-29T22:56:33","slug":"came-advirtio-que-el-consumo-sigue-en-caida-pese-a-las-promociones-y-las-cuotas","status":"publish","type":"post","link":"https:\/\/www.elsindical.com.ar\/notas\/came-advirtio-que-el-consumo-sigue-en-caida-pese-a-las-promociones-y-las-cuotas\/","title":{"rendered":"CAME advirti\u00f3 que el consumo sigue en ca\u00edda pese a las promociones y las cuotas"},"content":{"rendered":"<div class=\"wp-block-image\">\n<figure class=\"aligncenter size-full\"><a href=\"https:\/\/www.elsindical.com.ar\/notas\/var\/www\/html\/notas\/wp-content\/uploads\/2025\/06\/Ofertas-2025.jpg\"><img loading=\"lazy\" decoding=\"async\" width=\"500\" height=\"691\" src=\"https:\/\/www.elsindical.com.ar\/notas\/var\/www\/html\/notas\/wp-content\/uploads\/2025\/06\/Ofertas-2025.jpg\" alt=\"\" class=\"wp-image-138652\" srcset=\"https:\/\/www.elsindical.com.ar\/notas\/var\/www\/html\/notas\/wp-content\/uploads\/2025\/06\/Ofertas-2025.jpg 500w, https:\/\/www.elsindical.com.ar\/notas\/var\/www\/html\/notas\/wp-content\/uploads\/2025\/06\/Ofertas-2025-217x300.jpg 217w\" sizes=\"auto, (max-width: 500px) 100vw, 500px\" \/><\/a><\/figure>\n<\/div>\n\n\n<p>El secretario de prensa de la entidad, Salvador Femenia, asegur\u00f3 que el consumo no logra recuperarse y cuestion\u00f3 la pol\u00edtica impositiva del Gobierno. \u201cNo alcanza con rebajas si la gente no llega a fin de mes\u201d, sostuvo.<\/p>\n\n\n\n<p>El secretario de prensa de la <strong>Confederaci\u00f3n Argentina de la Mediana Empresa (CAME)<\/strong>, Salvador Femenia, alert\u00f3 este domingo que <strong>el consumo en Argentina contin\u00faa estancado<\/strong>, a pesar de las promociones, los planes de financiaci\u00f3n y los descuentos agresivos que ofrecen los comerciantes para sostener sus ventas.<\/p>\n\n\n\n<p>\u201cEl consumo no repunta despu\u00e9s del peque\u00f1o rebote que tuvimos hacia fin de 2024 y el primer trimestre de este a\u00f1o. <strong>Hemos registrado una ca\u00edda respecto a mayo del a\u00f1o pasado, que ya ven\u00eda con m\u00e1s de un 7% de baja. Es una ca\u00edda sobre otra ca\u00edda<\/strong>\u201d, afirm\u00f3 Femenia en di\u00e1logo con Rivadavia AM 630.<\/p>\n\n\n\n<p>El dirigente detall\u00f3 que los comercios ofrecen rebajas de hasta el 50% en productos de temporada y facilidades de pago en hasta 12 cuotas, pero que eso no es suficiente. \u201c<strong>La rentabilidad es muy reducida y cuesta mucho amortizar los costos fijos, que aumentaron por las actualizaciones de tarifas<\/strong>. La carga impositiva sigue siendo la misma, pero con m\u00e1rgenes mucho m\u00e1s chicos\u201d, explic\u00f3.<\/p>\n\n\n\n<p>Femenia tambi\u00e9n advirti\u00f3 sobre la p\u00e9rdida de poder adquisitivo de los consumidores. \u201c<strong>Hoy el 50% de las personas no llega a fin de mes. Eso es lo que est\u00e1 en el fondo de todo.<\/strong> No alcanza con ofrecer cuotas o rebajas si no hay plata en el bolsillo\u201d, se\u00f1al\u00f3.<\/p>\n\n\n\n<p>Por \u00faltimo, critic\u00f3 al Gobierno nacional por no haber avanzado con la prometida reforma tributaria. \u201c<strong>Desde que lleg\u00f3 Milei no se bajaron impuestos<\/strong>, al contrario: se sum\u00f3 el de Ganancias. El propio presidente hab\u00eda dicho que se iba a cortar un brazo si creaba un nuevo impuesto, y sin embargo lo hizo. Esta estructura impositiva encarece el precio final y profundiza la ca\u00edda del consumo\u201d, concluy\u00f3.<\/p>\n","protected":false},"excerpt":{"rendered":"<p>El secretario de prensa de la entidad, Salvador Femenia, asegur\u00f3 que el consumo no logra recuperarse y cuestion\u00f3 la pol\u00edtica impositiva del Gobierno. \u201cNo alcanza con rebajas si la gente no llega a fin de mes\u201d, sostuvo. El secretario de prensa de la Confederaci\u00f3n Argentina de la Mediana Empresa (CAME), Salvador Femenia, alert\u00f3 este domingo&hellip;<\/p>\n","protected":false},"author":1,"featured_media":138652,"comment_status":"open","ping_status":"open","sticky":false,"template":"","format":"standard","meta":{"footnotes":""},"categories":[9],"tags":[42550,7187,1706,2458,2450,22023,5733],"class_list":["post-138651","post","type-post","status-publish","format-standard","has-post-thumbnail","hentry","category-economia","tag-caida-de-ventas","tag-came","tag-consumo","tag-cuotas","tag-diario-el-sindical","tag-economia","tag-promociones"],"_links":{"self":[{"href":"https:\/\/www.elsindical.com.ar\/notas\/wp-json\/wp\/v2\/posts\/138651","targetHints":{"allow":["GET"]}}],"collection":[{"href":"https:\/\/www.elsindical.com.ar\/notas\/wp-json\/wp\/v2\/posts"}],"about":[{"href":"https:\/\/www.elsindical.com.ar\/notas\/wp-json\/wp\/v2\/types\/post"}],"author":[{"embeddable":true,"href":"https:\/\/www.elsindical.com.ar\/notas\/wp-json\/wp\/v2\/users\/1"}],"replies":[{"embeddable":true,"href":"https:\/\/www.elsindical.com.ar\/notas\/wp-json\/wp\/v2\/comments?post=138651"}],"version-history":[{"count":1,"href":"https:\/\/www.elsindical.com.ar\/notas\/wp-json\/wp\/v2\/posts\/138651\/revisions"}],"predecessor-version":[{"id":138653,"href":"https:\/\/www.elsindical.com.ar\/notas\/wp-json\/wp\/v2\/posts\/138651\/revisions\/138653"}],"wp:featuredmedia":[{"embeddable":true,"href":"https:\/\/www.elsindical.com.ar\/notas\/wp-json\/wp\/v2\/media\/138652"}],"wp:attachment":[{"href":"https:\/\/www.elsindical.com.ar\/notas\/wp-json\/wp\/v2\/media?parent=138651"}],"wp:term":[{"taxonomy":"category","embeddable":true,"href":"https:\/\/www.elsindical.com.ar\/notas\/wp-json\/wp\/v2\/categories?post=138651"},{"taxonomy":"post_tag","embeddable":true,"href":"https:\/\/www.elsindical.com.ar\/notas\/wp-json\/wp\/v2\/tags?post=138651"}],"curies":[{"name":"wp","href":"https:\/\/api.w.org\/{rel}","templated":true}]}}