{"id":138643,"date":"2025-06-29T17:05:19","date_gmt":"2025-06-29T20:05:19","guid":{"rendered":"https:\/\/www.elsindical.com.ar\/notas\/?p=138643"},"modified":"2025-06-29T17:30:06","modified_gmt":"2025-06-29T20:30:06","slug":"pinamar-sirenazo-n-68-justiciaporfausto-y-la-responsabilidad-de-martin-yeza","status":"publish","type":"post","link":"https:\/\/www.elsindical.com.ar\/notas\/pinamar-sirenazo-n-68-justiciaporfausto-y-la-responsabilidad-de-martin-yeza\/","title":{"rendered":"Pinamar: Sirenazo N\u00b0 68 #JusticiaporFausto y la responsabilidad de Mart\u00edn Yeza"},"content":{"rendered":"<div class=\"wp-block-image\">\n<figure class=\"aligncenter size-full is-resized\"><a href=\"https:\/\/www.elsindical.com.ar\/notas\/var\/www\/html\/notas\/wp-content\/uploads\/2025\/06\/sirenazo-68.jpg\"><img loading=\"lazy\" decoding=\"async\" width=\"518\" height=\"892\" src=\"https:\/\/www.elsindical.com.ar\/notas\/var\/www\/html\/notas\/wp-content\/uploads\/2025\/06\/sirenazo-68.jpg\" alt=\"\" class=\"wp-image-138644\" style=\"width:420px;height:auto\" srcset=\"https:\/\/www.elsindical.com.ar\/notas\/var\/www\/html\/notas\/wp-content\/uploads\/2025\/06\/sirenazo-68.jpg 518w, https:\/\/www.elsindical.com.ar\/notas\/var\/www\/html\/notas\/wp-content\/uploads\/2025\/06\/sirenazo-68-174x300.jpg 174w\" sizes=\"auto, (max-width: 518px) 100vw, 518px\" \/><\/a><\/figure>\n<\/div>\n\n\n<p>   Como todos los s\u00e1bados, Carina Zabala volvi\u00f3 a realizar el sirenazo frente a los edificios Positive Tower 3 &amp; 4,lugar en el que perdiera su vida, Fausto Maldonado y por el que se encuentran procesados varios involucrados en la construcci\u00f3n de los mismos, siendo los principales los empresarios Iv\u00e1n Renkine y Gustavo Gabriel Mari.<\/p>\n\n\n\n<p>Horas antes, Carina Zabala, hizo uso de la banca del vecino en el HCD de Pinamar, donde dej\u00f3 para los concejales una informe sobre el relevamiento de las obras que se encuentran en ejecuci\u00f3n en Pinamar y no cumplen con los m\u00ednimos requisitos de seguridad para los obreros de la construcci\u00f3n, de un n\u00famero importante de obras, a modo de ejemplo, el informe destaca solo 20.<\/p>\n\n\n\n<p>La presencia de Zabala gener\u00f3 que los medios locales vuelvan a ocuparse del tema a pesar de que todo parec\u00eda indicar que la vida de los obreros de la construcci\u00f3n y la corrupci\u00f3n de empresarios y funcionarios no eran un tema relevante, pero la lucha de una madre no se detiene y se empieza a aclarar el panorama.<\/p>\n\n\n\n<p>Tambi\u00e9n record\u00f3 Carina Zabala la responsabilidad del ex intendente y hoy diputado Mart\u00edn Yeza, quien era el intendente cuando ocurri\u00f3 la muerte d Fausto y era el m\u00e1ximo responsable de que el municipio no controlara las obras,<\/p>\n\n\n\n<figure class=\"wp-block-embed is-type-video is-provider-youtube wp-block-embed-youtube wp-embed-aspect-16-9 wp-has-aspect-ratio\"><div class=\"wp-block-embed__wrapper\">\n<iframe loading=\"lazy\" title=\"Pinamar sirenazo N\u00b0 68\" width=\"700\" height=\"394\" src=\"https:\/\/www.youtube.com\/embed\/3a2jF88RqNc?feature=oembed\" frameborder=\"0\" allow=\"accelerometer; autoplay; clipboard-write; encrypted-media; gyroscope; picture-in-picture; web-share\" referrerpolicy=\"strict-origin-when-cross-origin\" allowfullscreen><\/iframe>\n<\/div><\/figure>\n\n\n\n<p>Escribi\u00f3 en su muro:<\/p>\n\n\n\n<p>Martin Yeza , intendente de Pinamar (2015-2023) tiene varias muertes de obreros encima, la \u00faltima fue la de Fausto. En su mandato comenz\u00f3 la gran precarizaci\u00f3n laboral, la falta de controles. Yeza fue el \u00abfacilitador\u00bb para que empresarios construyeran Edificios en altura sin controles, y todo el arco pol\u00edtico se lo permiti\u00f3 !. Hoy es diputado nacional .Juan Ibarguren, fue su secretario de Hacienda, ahora su sucesor. Otro intendente que patea goles para el lado empresarial.<\/p>\n\n\n\n<figure class=\"wp-block-gallery has-nested-images columns-default is-cropped wp-block-gallery-1 is-layout-flex wp-block-gallery-is-layout-flex\">\n<figure class=\"wp-block-image size-large\"><a href=\"https:\/\/www.elsindical.com.ar\/notas\/var\/www\/html\/notas\/wp-content\/uploads\/2025\/06\/Martin-Yeza-por-Carina-1.jpg\"><img loading=\"lazy\" decoding=\"async\" width=\"646\" height=\"1024\" data-id=\"138645\" src=\"https:\/\/www.elsindical.com.ar\/notas\/var\/www\/html\/notas\/wp-content\/uploads\/2025\/06\/Martin-Yeza-por-Carina-1-646x1024.jpg\" alt=\"\" class=\"wp-image-138645\" srcset=\"https:\/\/www.elsindical.com.ar\/notas\/var\/www\/html\/notas\/wp-content\/uploads\/2025\/06\/Martin-Yeza-por-Carina-1-646x1024.jpg 646w, https:\/\/www.elsindical.com.ar\/notas\/var\/www\/html\/notas\/wp-content\/uploads\/2025\/06\/Martin-Yeza-por-Carina-1-189x300.jpg 189w, https:\/\/www.elsindical.com.ar\/notas\/var\/www\/html\/notas\/wp-content\/uploads\/2025\/06\/Martin-Yeza-por-Carina-1-768x1218.jpg 768w, https:\/\/www.elsindical.com.ar\/notas\/var\/www\/html\/notas\/wp-content\/uploads\/2025\/06\/Martin-Yeza-por-Carina-1-968x1536.jpg 968w, https:\/\/www.elsindical.com.ar\/notas\/var\/www\/html\/notas\/wp-content\/uploads\/2025\/06\/Martin-Yeza-por-Carina-1.jpg 1080w\" sizes=\"auto, (max-width: 646px) 100vw, 646px\" \/><\/a><\/figure>\n\n\n\n<figure class=\"wp-block-image size-large\"><a href=\"https:\/\/www.elsindical.com.ar\/notas\/var\/www\/html\/notas\/wp-content\/uploads\/2025\/06\/Martin-Yeza-por-Carina-2.jpg\"><img loading=\"lazy\" decoding=\"async\" width=\"581\" height=\"1024\" data-id=\"138647\" src=\"https:\/\/www.elsindical.com.ar\/notas\/var\/www\/html\/notas\/wp-content\/uploads\/2025\/06\/Martin-Yeza-por-Carina-2-581x1024.jpg\" alt=\"\" class=\"wp-image-138647\" srcset=\"https:\/\/www.elsindical.com.ar\/notas\/var\/www\/html\/notas\/wp-content\/uploads\/2025\/06\/Martin-Yeza-por-Carina-2-581x1024.jpg 581w, https:\/\/www.elsindical.com.ar\/notas\/var\/www\/html\/notas\/wp-content\/uploads\/2025\/06\/Martin-Yeza-por-Carina-2-170x300.jpg 170w, https:\/\/www.elsindical.com.ar\/notas\/var\/www\/html\/notas\/wp-content\/uploads\/2025\/06\/Martin-Yeza-por-Carina-2-768x1355.jpg 768w, https:\/\/www.elsindical.com.ar\/notas\/var\/www\/html\/notas\/wp-content\/uploads\/2025\/06\/Martin-Yeza-por-Carina-2-871x1536.jpg 871w, https:\/\/www.elsindical.com.ar\/notas\/var\/www\/html\/notas\/wp-content\/uploads\/2025\/06\/Martin-Yeza-por-Carina-2.jpg 1080w\" sizes=\"auto, (max-width: 581px) 100vw, 581px\" \/><\/a><\/figure>\n\n\n\n<figure class=\"wp-block-image size-large\"><a href=\"https:\/\/www.elsindical.com.ar\/notas\/var\/www\/html\/notas\/wp-content\/uploads\/2025\/06\/accidente-Fausto.jpg\"><img loading=\"lazy\" decoding=\"async\" width=\"611\" height=\"1024\" data-id=\"138646\" src=\"https:\/\/www.elsindical.com.ar\/notas\/var\/www\/html\/notas\/wp-content\/uploads\/2025\/06\/accidente-Fausto-611x1024.jpg\" alt=\"\" class=\"wp-image-138646\" srcset=\"https:\/\/www.elsindical.com.ar\/notas\/var\/www\/html\/notas\/wp-content\/uploads\/2025\/06\/accidente-Fausto-611x1024.jpg 611w, https:\/\/www.elsindical.com.ar\/notas\/var\/www\/html\/notas\/wp-content\/uploads\/2025\/06\/accidente-Fausto-179x300.jpg 179w, https:\/\/www.elsindical.com.ar\/notas\/var\/www\/html\/notas\/wp-content\/uploads\/2025\/06\/accidente-Fausto-768x1286.jpg 768w, https:\/\/www.elsindical.com.ar\/notas\/var\/www\/html\/notas\/wp-content\/uploads\/2025\/06\/accidente-Fausto-917x1536.jpg 917w, https:\/\/www.elsindical.com.ar\/notas\/var\/www\/html\/notas\/wp-content\/uploads\/2025\/06\/accidente-Fausto.jpg 1080w\" sizes=\"auto, (max-width: 611px) 100vw, 611px\" \/><\/a><\/figure>\n<\/figure>\n\n\n\n<p><\/p>\n","protected":false},"excerpt":{"rendered":"<p>Como todos los s\u00e1bados, Carina Zabala volvi\u00f3 a realizar el sirenazo frente a los edificios Positive Tower 3 &amp; 4,lugar en el que perdiera su vida, Fausto Maldonado y por el que se encuentran procesados varios involucrados en la construcci\u00f3n de los mismos, siendo los principales los empresarios Iv\u00e1n Renkine y Gustavo Gabriel Mari. Horas&hellip;<\/p>\n","protected":false},"author":1,"featured_media":138644,"comment_status":"open","ping_status":"open","sticky":false,"template":"","format":"standard","meta":{"footnotes":""},"categories":[25],"tags":[44666,44665,44736,45462,44667,44811,23966,1516,1228],"class_list":["post-138643","post","type-post","status-publish","format-standard","has-post-thumbnail","hentry","category-sociedad","tag-carina-zabala","tag-fausto-maldonado","tag-gustavo-gabriel-mari","tag-hcd-pinamar","tag-ivan-renkine","tag-juan-manuel-ibarguren","tag-martin-yeza","tag-pinamar","tag-uocra"],"_links":{"self":[{"href":"https:\/\/www.elsindical.com.ar\/notas\/wp-json\/wp\/v2\/posts\/138643","targetHints":{"allow":["GET"]}}],"collection":[{"href":"https:\/\/www.elsindical.com.ar\/notas\/wp-json\/wp\/v2\/posts"}],"about":[{"href":"https:\/\/www.elsindical.com.ar\/notas\/wp-json\/wp\/v2\/types\/post"}],"author":[{"embeddable":true,"href":"https:\/\/www.elsindical.com.ar\/notas\/wp-json\/wp\/v2\/users\/1"}],"replies":[{"embeddable":true,"href":"https:\/\/www.elsindical.com.ar\/notas\/wp-json\/wp\/v2\/comments?post=138643"}],"version-history":[{"count":3,"href":"https:\/\/www.elsindical.com.ar\/notas\/wp-json\/wp\/v2\/posts\/138643\/revisions"}],"predecessor-version":[{"id":138650,"href":"https:\/\/www.elsindical.com.ar\/notas\/wp-json\/wp\/v2\/posts\/138643\/revisions\/138650"}],"wp:featuredmedia":[{"embeddable":true,"href":"https:\/\/www.elsindical.com.ar\/notas\/wp-json\/wp\/v2\/media\/138644"}],"wp:attachment":[{"href":"https:\/\/www.elsindical.com.ar\/notas\/wp-json\/wp\/v2\/media?parent=138643"}],"wp:term":[{"taxonomy":"category","embeddable":true,"href":"https:\/\/www.elsindical.com.ar\/notas\/wp-json\/wp\/v2\/categories?post=138643"},{"taxonomy":"post_tag","embeddable":true,"href":"https:\/\/www.elsindical.com.ar\/notas\/wp-json\/wp\/v2\/tags?post=138643"}],"curies":[{"name":"wp","href":"https:\/\/api.w.org\/{rel}","templated":true}]}}