{"id":138625,"date":"2025-06-28T17:57:05","date_gmt":"2025-06-28T20:57:05","guid":{"rendered":"https:\/\/www.elsindical.com.ar\/notas\/?p=138625"},"modified":"2025-06-28T17:57:11","modified_gmt":"2025-06-28T20:57:11","slug":"tribunales-de-trabajo-al-limite-la-advertencia-de-la-ajb","status":"publish","type":"post","link":"https:\/\/www.elsindical.com.ar\/notas\/tribunales-de-trabajo-al-limite-la-advertencia-de-la-ajb\/","title":{"rendered":"Tribunales de Trabajo al l\u00edmite, la advertencia de la AJB"},"content":{"rendered":"<div class=\"wp-block-image\">\n<figure class=\"aligncenter size-full is-resized\"><a href=\"https:\/\/www.elsindical.com.ar\/notas\/var\/www\/html\/notas\/wp-content\/uploads\/2022\/01\/sede-AJB.jpg\"><img loading=\"lazy\" decoding=\"async\" width=\"507\" height=\"285\" src=\"https:\/\/www.elsindical.com.ar\/notas\/var\/www\/html\/notas\/wp-content\/uploads\/2022\/01\/sede-AJB.jpg\" alt=\"\" class=\"wp-image-110610\" style=\"width:629px;height:auto\" srcset=\"https:\/\/www.elsindical.com.ar\/notas\/var\/www\/html\/notas\/wp-content\/uploads\/2022\/01\/sede-AJB.jpg 507w, https:\/\/www.elsindical.com.ar\/notas\/var\/www\/html\/notas\/wp-content\/uploads\/2022\/01\/sede-AJB-300x169.jpg 300w, https:\/\/www.elsindical.com.ar\/notas\/var\/www\/html\/notas\/wp-content\/uploads\/2022\/01\/sede-AJB-500x281.jpg 500w, https:\/\/www.elsindical.com.ar\/notas\/var\/www\/html\/notas\/wp-content\/uploads\/2022\/01\/sede-AJB-460x260.jpg 460w\" sizes=\"auto, (max-width: 507px) 100vw, 507px\" \/><\/a><\/figure>\n<\/div>\n\n\n<p>Desde la AJB renovaron el pedido para \u00abla inmediata cobertura de vacantes, la habilitaci\u00f3n de los tribunales creados por ley que a\u00fan no est\u00e1n funcionando, y una reestructuraci\u00f3n integral\u00bb.<\/p>\n\n\n\n<p>El Centro de Investigaci\u00f3n y Formaci\u00f3n de la Asociaci\u00f3n Judicial Bonaerense (CIyF-AJB) dio a conocer un nuevo informe sobre el <strong>estado de situaci\u00f3n de los Tribunales de Trabajo de la provincia de Buenos Aires<\/strong> entre 2003 y 2024. \u201cCarga r\u00e9cord, vacantes sin cubrir y juicios m\u00e1s largo\u201d, se\u00f1alaron desde la AJB.<\/p>\n\n\n\n<p>\u201cEl estudio confirma una realidad alarmante: <strong>mientras la cantidad de causas iniciadas no deja de crecer, el personal asignado y los cargos judiciales cubiertos no acompa\u00f1an ese crecimiento<\/strong>, profundizando una crisis estructural en el fuero laboral\u201d, se\u00f1ala.<\/p>\n\n\n\n<h2 class=\"wp-block-heading\">M\u00e1s causas<\/h2>\n\n\n\n<p>Seg\u00fan el relevamiento, <strong>2024 fue el a\u00f1o con mayor cantidad de causas iniciadas<\/strong> seg\u00fan las comparaciones con los estudios de los \u00faltimos a\u00f1os. El incremento fue del 3,4% respecto a 2023, del 86,4% frente a 2020 y del 68,2% si se compara con 2015.<\/p>\n\n\n\n<p>En t\u00e9rminos de trabajo por dependencia, el promedio de causas por tribunal aument\u00f3 un 207% desde 2003. Sin embargo, ese incremento no se vio acompa\u00f1ado por una incorporaci\u00f3n equivalente de personal.<\/p>\n\n\n\n<p>En el mismo per\u00edodo, las causas iniciadas aumentaron un 256%, pero la planta de personal apenas creci\u00f3 un 30%.<\/p>\n\n\n\n<h2 class=\"wp-block-heading\">Falta de personal<\/h2>\n\n\n\n<p>Adem\u00e1s, <strong>el 70% de los tribunales de trabajo est\u00e1 incompleto<\/strong>: hay 71 cargos de jueces\/as vacantes, lo que representa el 32,4% del total de magistraturas previstas. Solo 22 de los 73 tribunales existentes cuentan con el plantel completo de jueces.<\/p>\n\n\n\n<p>Entre los departamentos judiciales m\u00e1s afectados se encuentra Moreno-General Rodr\u00edguez y San Isidro, sede Pilar donde el promedio de causas duplica al provincial. Ambas departamentales cuentan con un \u00fanico Tribunal de Trabajo desde su creaci\u00f3n en 2011 y 2013. En el caso de Moreno-General Rodr\u00edguez hay un tribunal m\u00e1s por habilitar, pero en el caso de Pilar no est\u00e1 previsto.<\/p>\n\n\n\n<p><strong>En 2024, Lomas de Zamora, La Plata, San Mart\u00edn, Mercedes, San Nicol\u00e1s, San Isidro, Quilmes y Z\u00e1rate-Campana se encontraban por encima de la media en las causas iniciadas por tribunal<\/strong>. En Moreno, adem\u00e1s, cada trabajador\/a judicial gestion\u00f3 en 2024 m\u00e1s del doble de causas por agente que el promedio provincial, que fue de 84; seguido por Lomas de Zamora, San Mart\u00edn y Quilmes.<\/p>\n\n\n\n<p><strong>\u201cEsta sobrecarga se sostiene en muchos casos sin cobertura de vacantes ni incorporaci\u00f3n de personal, y se refleja en situaciones concretas como jubilaciones sin reemplazo o traslados sin reposici\u00f3n\u201d<\/strong>, se\u00f1ala. El informe menciona que en San Mart\u00edn, por ejemplo, las causas aumentaron un 248% entre 2015 y 2024, pero el personal se redujo un 7%. En Olavarr\u00eda, la planta se achic\u00f3 un 25% en el mismo lapso, con un aumento del 34% en causas.<\/p>\n\n\n\n<p>A fines de mayo de 2025, el Senado de la provincia de Buenos Aires cubri\u00f3 16 cargos vacantes, quedando pendientes de cobertura 55 cargos m\u00e1s. S\u00f3lo 29 de los 73 tribunales existentes cuentan con el plantel completo.<\/p>\n\n\n\n<h2 class=\"wp-block-heading\">Plazos m\u00e1s largos<\/h2>\n\n\n\n<p>El informe tambi\u00e9n analiza los modos de resoluci\u00f3n y la duraci\u00f3n de los procesos. Menos del 22% de los juicios se resuelven con sentencia. Predominan la conciliaci\u00f3n y la transacci\u00f3n, aunque la primera viene en baja desde 2017, pasando del 71% al 46% del total. En cambio, las transacciones crecieron del 4% al 19%, acerc\u00e1ndose al nivel de las sentencias.<\/p>\n\n\n\n<p>En cuanto a los <strong>plazos<\/strong>, los juicios con homologaci\u00f3n tardan en promedio 208 d\u00edas, mientras que los juicios con sentencia alcanzan los 706 d\u00edas. En algunos departamentos como La Plata o San Isidro, estos plazos superan los 950 d\u00edas.<\/p>\n\n\n\n<h2 class=\"wp-block-heading\">El reclamo de la AJB<\/h2>\n\n\n\n<p>\u201cEste informe vuelve a poner en evidencia algo que venimos denunciando hace a\u00f1os: el colapso del fuero laboral <strong>no es una situaci\u00f3n coyuntural, es estructural<\/strong>. No se puede sostener el normal funcionamiento con un crecimiento exponencial de causas y con tribunales incompletos o sin personal. La falta de inversi\u00f3n y de cobertura de cargos es una forma silenciosa de deteriorar el acceso a la justicia\u201d, se\u00f1al\u00f3 Hugo Russo, secretario general de la AJB.<\/p>\n\n\n\n<p>Desde la AJB renovaron el pedido para \u201cla <strong>inmediata cobertura de vacantes, la habilitaci\u00f3n de los tribunales creados por ley que a\u00fan no est\u00e1n funcionando, y una reestructuraci\u00f3n integral<\/strong> que priorice las condiciones de trabajo y garantice el acceso a la justicia\u201d.<\/p>\n","protected":false},"excerpt":{"rendered":"<p>Desde la AJB renovaron el pedido para \u00abla inmediata cobertura de vacantes, la habilitaci\u00f3n de los tribunales creados por ley que a\u00fan no est\u00e1n funcionando, y una reestructuraci\u00f3n integral\u00bb. El Centro de Investigaci\u00f3n y Formaci\u00f3n de la Asociaci\u00f3n Judicial Bonaerense (CIyF-AJB) dio a conocer un nuevo informe sobre el estado de situaci\u00f3n de los Tribunales&hellip;<\/p>\n","protected":false},"author":1,"featured_media":110610,"comment_status":"open","ping_status":"open","sticky":false,"template":"","format":"standard","meta":{"footnotes":""},"categories":[20],"tags":[4626,2450,45466],"class_list":["post-138625","post","type-post","status-publish","format-standard","has-post-thumbnail","hentry","category-judiciales","tag-ajb","tag-diario-el-sindical","tag-tribunales-de-trabajo"],"_links":{"self":[{"href":"https:\/\/www.elsindical.com.ar\/notas\/wp-json\/wp\/v2\/posts\/138625","targetHints":{"allow":["GET"]}}],"collection":[{"href":"https:\/\/www.elsindical.com.ar\/notas\/wp-json\/wp\/v2\/posts"}],"about":[{"href":"https:\/\/www.elsindical.com.ar\/notas\/wp-json\/wp\/v2\/types\/post"}],"author":[{"embeddable":true,"href":"https:\/\/www.elsindical.com.ar\/notas\/wp-json\/wp\/v2\/users\/1"}],"replies":[{"embeddable":true,"href":"https:\/\/www.elsindical.com.ar\/notas\/wp-json\/wp\/v2\/comments?post=138625"}],"version-history":[{"count":1,"href":"https:\/\/www.elsindical.com.ar\/notas\/wp-json\/wp\/v2\/posts\/138625\/revisions"}],"predecessor-version":[{"id":138626,"href":"https:\/\/www.elsindical.com.ar\/notas\/wp-json\/wp\/v2\/posts\/138625\/revisions\/138626"}],"wp:featuredmedia":[{"embeddable":true,"href":"https:\/\/www.elsindical.com.ar\/notas\/wp-json\/wp\/v2\/media\/110610"}],"wp:attachment":[{"href":"https:\/\/www.elsindical.com.ar\/notas\/wp-json\/wp\/v2\/media?parent=138625"}],"wp:term":[{"taxonomy":"category","embeddable":true,"href":"https:\/\/www.elsindical.com.ar\/notas\/wp-json\/wp\/v2\/categories?post=138625"},{"taxonomy":"post_tag","embeddable":true,"href":"https:\/\/www.elsindical.com.ar\/notas\/wp-json\/wp\/v2\/tags?post=138625"}],"curies":[{"name":"wp","href":"https:\/\/api.w.org\/{rel}","templated":true}]}}