{"id":138599,"date":"2025-06-27T01:14:23","date_gmt":"2025-06-27T04:14:23","guid":{"rendered":"https:\/\/www.elsindical.com.ar\/notas\/?p=138599"},"modified":"2025-06-27T01:14:42","modified_gmt":"2025-06-27T04:14:42","slug":"israelies-demandan-al-gobierno-por-fallos-en-su-sistema-de-indemnizaciones-y-reparacion-de-danos","status":"publish","type":"post","link":"https:\/\/www.elsindical.com.ar\/notas\/israelies-demandan-al-gobierno-por-fallos-en-su-sistema-de-indemnizaciones-y-reparacion-de-danos\/","title":{"rendered":"Israel\u00edes demandan al Gobierno por fallos en su sistema de indemnizaciones y reparaci\u00f3n de da\u00f1os"},"content":{"rendered":"<div class=\"wp-block-image\">\n<figure class=\"aligncenter size-full\"><a href=\"https:\/\/www.elsindical.com.ar\/notas\/var\/www\/html\/notas\/wp-content\/uploads\/2025\/06\/aeropuerto-de-Ben-Gurion.jpg\"><img loading=\"lazy\" decoding=\"async\" width=\"700\" height=\"499\" src=\"https:\/\/www.elsindical.com.ar\/notas\/var\/www\/html\/notas\/wp-content\/uploads\/2025\/06\/aeropuerto-de-Ben-Gurion.jpg\" alt=\"\" class=\"wp-image-138600\" srcset=\"https:\/\/www.elsindical.com.ar\/notas\/var\/www\/html\/notas\/wp-content\/uploads\/2025\/06\/aeropuerto-de-Ben-Gurion.jpg 700w, https:\/\/www.elsindical.com.ar\/notas\/var\/www\/html\/notas\/wp-content\/uploads\/2025\/06\/aeropuerto-de-Ben-Gurion-300x214.jpg 300w\" sizes=\"auto, (max-width: 700px) 100vw, 700px\" \/><\/a><\/figure>\n<\/div>\n\n\n<p>Miles de ciudadanos israel\u00edes exigen a su gobierno indemnizaciones por da\u00f1os y p\u00e9rdidas, dentro de una presi\u00f3n ciudadana que va en aumento.<\/p>\n\n\n\n<p>Israel se enfrenta a una<strong> avalancha sin precedentes de demandas de ciudadanos israel\u00edes por da\u00f1os materiales tras la reciente escalada militar con Ir\u00e1n<\/strong>. Seg\u00fan la Autoridad Tributaria israel\u00ed, hasta 50 mil reclamaciones podr\u00edan llegar a los tribunales en los pr\u00f3ximos meses, <strong>poniendo en jaque el sistema estatal de indemnizaciones y desatando un debate interno<\/strong> sobre la transparencia y sostenibilidad del fondo p\u00fablico destinado a cubrir los estragos de la guerra.<\/p>\n\n\n\n<p>n apenas dos semanas desde el final de la operaci\u00f3n iran\u00ed \u201cPromesa Veraz 3\u201d, <strong>cerca de 40 mil ciudadanos israel\u00edes han solicitado compensaciones por p\u00e9rdidas causadas por los misiles lanzados hacia distintas regiones del pa\u00eds<\/strong>. El n\u00famero, lejos de estabilizarse, crece cada d\u00eda, alimentando el malestar entre los afectados por la lentitud de los pagos y la falta de claridad sobre los criterios de evaluaci\u00f3n.<\/p>\n\n\n\n<p><strong>Crisis presupuestaria y reclamos ciudadanos<\/strong><\/p>\n\n\n\n<p>Hasta ahora, <strong>el Estado israel\u00ed ha desembolsado<\/strong> unos 2.500 millones de shekels (aproximadamente 680 millones de d\u00f3lares), pero las proyecciones oficiales indican que<strong> la cifra podr\u00eda duplicarse<\/strong>. Amir Dahan, director del Departamento de Compensaciones, advirti\u00f3 que los reclamos acumulados ya superan los 6 mil millones de shekels, lo que tensiona los l\u00edmites del fondo nacional de compensaciones, dotado originalmente con 9.500 millones.<\/p>\n\n\n\n<p>\u201c<strong>El volumen de solicitudes es abrumador<\/strong> y la presi\u00f3n sobre el sistema es enorme\u201d, declar\u00f3 Dahan al diario Maariv israel\u00ed. Adem\u00e1s de los hogares y comercios afectados, las p\u00e9rdidas m\u00e1s cuantiosas corresponden a infraestructuras estrat\u00e9gicas como el Instituto Weizmann y la refiner\u00eda Bazan.<\/p>\n\n\n\n<p>En el caso del Instituto Weizmann, al menos 25 edificios resultaron gravemente da\u00f1ados y se estima que deber\u00e1n ser demolidos por completo. En la refiner\u00eda Bazan, l<strong>as p\u00e9rdidas tambi\u00e9n se calculan en miles de millones, afectando el suministro energ\u00e9tico y el tejido industrial del pa\u00eds.<\/strong><\/p>\n\n\n\n<p><strong>Falta de claridad legal y creciente descontento<\/strong><\/p>\n\n\n\n<p>A las dificultades presupuestarias se suma un vac\u00edo legal que ha sido objeto de cr\u00edticas por parte de juristas, parlamentarios y ciudadanos.<\/p>\n\n\n\n<p><strong>Muchos afectados denuncian ambig\u00fcedad en los procesos de evaluaci\u00f3n, falta de personal para gestionar los casos, y criterios desiguales que dejan fuera a familias en situaci\u00f3n de vulnerabilidad, hecho que demuestra que los ciudadanos israel\u00edes son v\u00edctimas tambi\u00e9n de la pol\u00edtica de guerra que tiene el Gobierno de Benjamin Netanyahu.<\/strong><\/p>\n\n\n\n<p>El conflicto con Ir\u00e1n, aunque breve, fue el m\u00e1s intenso enfrentamiento directo entre ambos pa\u00edses en d\u00e9cadas, marcando un <strong>punto de inflexi\u00f3n en la pol\u00edtica de defensa israel\u00ed.<\/strong> El uso de misiles bal\u00edsticos de largo alcance por parte de Teher\u00e1n evidenci\u00f3<strong> fallos en la infraestructura civil y abri\u00f3 nuevas preguntas sobre la capacidad del Estado para proteger a su poblaci\u00f3n.<\/strong><\/p>\n\n\n\n<p>Mientras el gobierno intenta calmar las aguas y evitar una crisis pol\u00edtica interna, <strong>la presi\u00f3n social sigue en aumento<\/strong>. Asociaciones de damnificados, expertos fiscales y medios de comunicaci\u00f3n coinciden en que la respuesta institucional ha sido insuficiente ante el nivel de destrucci\u00f3n y las expectativas de reparaci\u00f3n.<\/p>\n\n\n<div class=\"wp-block-image\">\n<figure class=\"aligncenter size-full is-resized\"><a href=\"https:\/\/www.elsindical.com.ar\/notas\/var\/www\/html\/notas\/wp-content\/uploads\/2025\/06\/demandas-colonos-isarelies.jpg\"><img loading=\"lazy\" decoding=\"async\" width=\"500\" height=\"625\" src=\"https:\/\/www.elsindical.com.ar\/notas\/var\/www\/html\/notas\/wp-content\/uploads\/2025\/06\/demandas-colonos-isarelies.jpg\" alt=\"\" class=\"wp-image-138601\" style=\"width:572px;height:auto\" srcset=\"https:\/\/www.elsindical.com.ar\/notas\/var\/www\/html\/notas\/wp-content\/uploads\/2025\/06\/demandas-colonos-isarelies.jpg 500w, https:\/\/www.elsindical.com.ar\/notas\/var\/www\/html\/notas\/wp-content\/uploads\/2025\/06\/demandas-colonos-isarelies-240x300.jpg 240w\" sizes=\"auto, (max-width: 500px) 100vw, 500px\" \/><\/a><\/figure>\n<\/div>","protected":false},"excerpt":{"rendered":"<p>Miles de ciudadanos israel\u00edes exigen a su gobierno indemnizaciones por da\u00f1os y p\u00e9rdidas, dentro de una presi\u00f3n ciudadana que va en aumento. Israel se enfrenta a una avalancha sin precedentes de demandas de ciudadanos israel\u00edes por da\u00f1os materiales tras la reciente escalada militar con Ir\u00e1n. Seg\u00fan la Autoridad Tributaria israel\u00ed, hasta 50 mil reclamaciones podr\u00edan&hellip;<\/p>\n","protected":false},"author":1,"featured_media":138600,"comment_status":"open","ping_status":"open","sticky":false,"template":"","format":"standard","meta":{"footnotes":""},"categories":[18],"tags":[45453,45454,3769,2450,12171,4465,3528],"class_list":["post-138599","post","type-post","status-publish","format-standard","has-post-thumbnail","hentry","category-internacionales","tag-compensaciones","tag-daos","tag-demandas","tag-diario-el-sindical","tag-guerra","tag-iran","tag-israel"],"_links":{"self":[{"href":"https:\/\/www.elsindical.com.ar\/notas\/wp-json\/wp\/v2\/posts\/138599","targetHints":{"allow":["GET"]}}],"collection":[{"href":"https:\/\/www.elsindical.com.ar\/notas\/wp-json\/wp\/v2\/posts"}],"about":[{"href":"https:\/\/www.elsindical.com.ar\/notas\/wp-json\/wp\/v2\/types\/post"}],"author":[{"embeddable":true,"href":"https:\/\/www.elsindical.com.ar\/notas\/wp-json\/wp\/v2\/users\/1"}],"replies":[{"embeddable":true,"href":"https:\/\/www.elsindical.com.ar\/notas\/wp-json\/wp\/v2\/comments?post=138599"}],"version-history":[{"count":1,"href":"https:\/\/www.elsindical.com.ar\/notas\/wp-json\/wp\/v2\/posts\/138599\/revisions"}],"predecessor-version":[{"id":138602,"href":"https:\/\/www.elsindical.com.ar\/notas\/wp-json\/wp\/v2\/posts\/138599\/revisions\/138602"}],"wp:featuredmedia":[{"embeddable":true,"href":"https:\/\/www.elsindical.com.ar\/notas\/wp-json\/wp\/v2\/media\/138600"}],"wp:attachment":[{"href":"https:\/\/www.elsindical.com.ar\/notas\/wp-json\/wp\/v2\/media?parent=138599"}],"wp:term":[{"taxonomy":"category","embeddable":true,"href":"https:\/\/www.elsindical.com.ar\/notas\/wp-json\/wp\/v2\/categories?post=138599"},{"taxonomy":"post_tag","embeddable":true,"href":"https:\/\/www.elsindical.com.ar\/notas\/wp-json\/wp\/v2\/tags?post=138599"}],"curies":[{"name":"wp","href":"https:\/\/api.w.org\/{rel}","templated":true}]}}