{"id":138572,"date":"2025-06-25T12:10:10","date_gmt":"2025-06-25T15:10:10","guid":{"rendered":"https:\/\/www.elsindical.com.ar\/notas\/?p=138572"},"modified":"2025-06-25T12:10:15","modified_gmt":"2025-06-25T15:10:15","slug":"la-mision-del-fmi-audita-el-programa-clave-para-definir-el-giro-de-us2000-millones","status":"publish","type":"post","link":"https:\/\/www.elsindical.com.ar\/notas\/la-mision-del-fmi-audita-el-programa-clave-para-definir-el-giro-de-us2000-millones\/","title":{"rendered":"La misi\u00f3n del FMI audita el programa, clave para definir el giro de US$2000 millones"},"content":{"rendered":"\n<figure class=\"wp-block-image size-large\"><a href=\"https:\/\/www.elsindical.com.ar\/notas\/var\/www\/html\/notas\/wp-content\/uploads\/2022\/10\/FMI-sede.jpg\"><img loading=\"lazy\" decoding=\"async\" width=\"1024\" height=\"573\" src=\"https:\/\/www.elsindical.com.ar\/notas\/var\/www\/html\/notas\/wp-content\/uploads\/2022\/10\/FMI-sede-1024x573.jpg\" alt=\"\" class=\"wp-image-117235\" srcset=\"https:\/\/www.elsindical.com.ar\/notas\/var\/www\/html\/notas\/wp-content\/uploads\/2022\/10\/FMI-sede-1024x573.jpg 1024w, https:\/\/www.elsindical.com.ar\/notas\/var\/www\/html\/notas\/wp-content\/uploads\/2022\/10\/FMI-sede-300x168.jpg 300w, https:\/\/www.elsindical.com.ar\/notas\/var\/www\/html\/notas\/wp-content\/uploads\/2022\/10\/FMI-sede-768x430.jpg 768w, https:\/\/www.elsindical.com.ar\/notas\/var\/www\/html\/notas\/wp-content\/uploads\/2022\/10\/FMI-sede-500x280.jpg 500w, https:\/\/www.elsindical.com.ar\/notas\/var\/www\/html\/notas\/wp-content\/uploads\/2022\/10\/FMI-sede.jpg 1120w\" sizes=\"auto, (max-width: 1024px) 100vw, 1024px\" \/><\/a><\/figure>\n\n\n\n<p>La misi\u00f3n t\u00e9cnica del FMI, encabezada por Bikas Joshi, eval\u00faa las metas del programa. Argentina no logr\u00f3 cumplir la meta acordada respecto a reservas.<\/p>\n\n\n\n<p><strong>El Fondo Monetario Internacional (FMI)\u00a0desembarc\u00f3 en la Argentina con la llegada de la misi\u00f3n t\u00e9cnica, encabezada por Bikas Joshi<\/strong>, en el marco de la primera instancia en la que auditar\u00e1 el nuevo programa en curso.<\/p>\n\n\n\n<p>La comitiva es liderada por Joshi, que se desempe\u00f1a como jefe de misi\u00f3n para la Argentina en el Departamento del Hemisferio Occidental. <strong>El objetivo de la misi\u00f3n es&nbsp;\u201cevaluar el avance en los objetivos, las metas del programa y tambi\u00e9n para discutir los objetivos de la agenda de cara al futuro\u201d<\/strong>.<\/p>\n\n\n\n<p>En un principio, la fecha pautada para llevar a cabo la primera evaluaci\u00f3n formal del programa firmado en abril pasado era el 15 de junio, pero <strong>la administraci\u00f3n de Javier Milei logr\u00f3 demorarla unos d\u00edas<\/strong> para intentar conseguir un mayor incremento en las reservas del Banco Central, que le permita acercarse a la meta fijada.<\/p>\n\n\n\n<p><strong>El acuerdo estipul\u00f3 como&nbsp;objetivo sumar US$4.400 millones&nbsp;a las arcas de la autoridad monetaria para el 13 de junio<\/strong>, buscando que las Reservas Internacionales Netas (RIN) lleguen a US$-500 millones desde la zona de US$-4.900 millones en la que se encontraban al 31 de marzo \u00faltimo.<\/p>\n\n\n\n<p><strong>A pesar de contar con un mayor plazo, el Gobierno no logr\u00f3 cumplir la meta acordada, por lo que ser\u00e1 una de los aspectos centrales a considerar por el organismo<\/strong> a la hora de elaborar su informe cuando culmine su visita por el pa\u00eds.&nbsp;<\/p>\n\n\n\n<p><strong>Con la evaluaci\u00f3n elaborada, el board del FMI deber\u00e1 decidir si aprueba la revisi\u00f3n y gira al pa\u00eds US$2000 millones.<\/strong><\/p>\n","protected":false},"excerpt":{"rendered":"<p>La misi\u00f3n t\u00e9cnica del FMI, encabezada por Bikas Joshi, eval\u00faa las metas del programa. Argentina no logr\u00f3 cumplir la meta acordada respecto a reservas. El Fondo Monetario Internacional (FMI)\u00a0desembarc\u00f3 en la Argentina con la llegada de la misi\u00f3n t\u00e9cnica, encabezada por Bikas Joshi, en el marco de la primera instancia en la que auditar\u00e1 el&hellip;<\/p>\n","protected":false},"author":1,"featured_media":117235,"comment_status":"open","ping_status":"open","sticky":false,"template":"","format":"standard","meta":{"footnotes":""},"categories":[9],"tags":[45445,2450,6925,761,28812,45446],"class_list":["post-138572","post","type-post","status-publish","format-standard","has-post-thumbnail","hentry","category-economia","tag-bikas-joshi","tag-diario-el-sindical","tag-fmi","tag-gobierno-nacional","tag-javier-milei","tag-mision-tecnica"],"_links":{"self":[{"href":"https:\/\/www.elsindical.com.ar\/notas\/wp-json\/wp\/v2\/posts\/138572","targetHints":{"allow":["GET"]}}],"collection":[{"href":"https:\/\/www.elsindical.com.ar\/notas\/wp-json\/wp\/v2\/posts"}],"about":[{"href":"https:\/\/www.elsindical.com.ar\/notas\/wp-json\/wp\/v2\/types\/post"}],"author":[{"embeddable":true,"href":"https:\/\/www.elsindical.com.ar\/notas\/wp-json\/wp\/v2\/users\/1"}],"replies":[{"embeddable":true,"href":"https:\/\/www.elsindical.com.ar\/notas\/wp-json\/wp\/v2\/comments?post=138572"}],"version-history":[{"count":1,"href":"https:\/\/www.elsindical.com.ar\/notas\/wp-json\/wp\/v2\/posts\/138572\/revisions"}],"predecessor-version":[{"id":138573,"href":"https:\/\/www.elsindical.com.ar\/notas\/wp-json\/wp\/v2\/posts\/138572\/revisions\/138573"}],"wp:featuredmedia":[{"embeddable":true,"href":"https:\/\/www.elsindical.com.ar\/notas\/wp-json\/wp\/v2\/media\/117235"}],"wp:attachment":[{"href":"https:\/\/www.elsindical.com.ar\/notas\/wp-json\/wp\/v2\/media?parent=138572"}],"wp:term":[{"taxonomy":"category","embeddable":true,"href":"https:\/\/www.elsindical.com.ar\/notas\/wp-json\/wp\/v2\/categories?post=138572"},{"taxonomy":"post_tag","embeddable":true,"href":"https:\/\/www.elsindical.com.ar\/notas\/wp-json\/wp\/v2\/tags?post=138572"}],"curies":[{"name":"wp","href":"https:\/\/api.w.org\/{rel}","templated":true}]}}