{"id":138546,"date":"2025-06-23T18:35:10","date_gmt":"2025-06-23T21:35:10","guid":{"rendered":"https:\/\/www.elsindical.com.ar\/notas\/?p=138546"},"modified":"2025-06-23T18:40:15","modified_gmt":"2025-06-23T21:40:15","slug":"colon-piden-la-captura-del-hijo-del-diputado-libertario-pablo-ansaloni-por-una-brutal-golpiza-en-patota-a-un-menor-de-edad","status":"publish","type":"post","link":"https:\/\/www.elsindical.com.ar\/notas\/colon-piden-la-captura-del-hijo-del-diputado-libertario-pablo-ansaloni-por-una-brutal-golpiza-en-patota-a-un-menor-de-edad\/","title":{"rendered":"Col\u00f3n: Piden la captura del hijo del diputado libertario Pablo Ansaloni por una brutal golpiza en patota a un menor de edad"},"content":{"rendered":"\n<figure class=\"wp-block-image size-large\"><a href=\"https:\/\/www.elsindical.com.ar\/notas\/var\/www\/html\/notas\/wp-content\/uploads\/2025\/06\/Gino-y-Pablo-Ansaloni-con-Milei.jpg\"><img loading=\"lazy\" decoding=\"async\" width=\"1024\" height=\"584\" src=\"https:\/\/www.elsindical.com.ar\/notas\/var\/www\/html\/notas\/wp-content\/uploads\/2025\/06\/Gino-y-Pablo-Ansaloni-con-Milei-1024x584.jpg\" alt=\"\" class=\"wp-image-138547\" srcset=\"https:\/\/www.elsindical.com.ar\/notas\/var\/www\/html\/notas\/wp-content\/uploads\/2025\/06\/Gino-y-Pablo-Ansaloni-con-Milei-1024x584.jpg 1024w, https:\/\/www.elsindical.com.ar\/notas\/var\/www\/html\/notas\/wp-content\/uploads\/2025\/06\/Gino-y-Pablo-Ansaloni-con-Milei-300x171.jpg 300w, https:\/\/www.elsindical.com.ar\/notas\/var\/www\/html\/notas\/wp-content\/uploads\/2025\/06\/Gino-y-Pablo-Ansaloni-con-Milei-768x438.jpg 768w, https:\/\/www.elsindical.com.ar\/notas\/var\/www\/html\/notas\/wp-content\/uploads\/2025\/06\/Gino-y-Pablo-Ansaloni-con-Milei-220x126.jpg 220w, https:\/\/www.elsindical.com.ar\/notas\/var\/www\/html\/notas\/wp-content\/uploads\/2025\/06\/Gino-y-Pablo-Ansaloni-con-Milei.jpg 1255w\" sizes=\"auto, (max-width: 1024px) 100vw, 1024px\" \/><\/a><\/figure>\n\n\n\n<p>La Justicia bonaerense emiti\u00f3 un pedido de <strong>captura por tentativa de homicidio<\/strong> contra <strong>Gino Ansaloni,<\/strong> hijo del legislador oficialista <strong>Pablo Ansaloni. <\/strong>Est\u00e1 acusado de <strong>golpear salvajemente a un menor en la ciudad bonaerense de Col\u00f3n<\/strong>, junto a otros dos j\u00f3venes.<\/p>\n\n\n\n<p>La <strong>brutal golpiza en patota<\/strong> ocurri\u00f3 durante la madrugada del 15 de junio a la salida del boliche \u201cEl Porte\u00f1o\u201d. Seg\u00fan la denuncia, la v\u00edctima \u2014<strong>Guido Ruiz<\/strong>, un joven de 17 a\u00f1os\u2014 fue atacada por tres sujetos tras una discusi\u00f3n dentro del local bailable. El joven sufri\u00f3 la <strong>p\u00e9rdida de dos dientes, fractura de mand\u00edbula, golpes en todo el cuerpo, y permanece internado<\/strong> con heridas graves.<\/p>\n\n\n\n<p>De acuerdo a la fiscal <strong>Magdalena Brandt<\/strong>, los agresores fueron identificados como <strong>Gino Ansaloni<\/strong> (19 a\u00f1os), <strong>\u201cNacho\u201d Ejmani<\/strong> y <strong>Maximiliano Mart\u00ednez<\/strong>.<\/p>\n\n\n\n<p>La calificaci\u00f3n legal que recae sobre ellos es <strong>tentativa de homicidio<\/strong>, basada en la contundencia del ataque, la cantidad de agresores, y el estado de indefensi\u00f3n de la v\u00edctima.<\/p>\n\n\n\n<p>\u201cLa violencia empleada, el n\u00famero de atacantes, la elecci\u00f3n de zonas vitales para agredir y el estado de indefensi\u00f3n de la v\u00edctima permiten sostener el dolo eventual\u201d, se\u00f1alaron desde la fiscal\u00eda.<\/p>\n\n\n\n<p>La agresi\u00f3n fue registrada por c\u00e1maras de seguridad de la zona y ser\u00e1 clave en la investigaci\u00f3n judicial que lleva adelante la <strong>UFI y Juzgado N\u00b0 2 de Col\u00f3n<\/strong>. Seg\u00fan el relato de la hermana del joven, <strong>Guadalupe<\/strong>, su hermano rog\u00f3 que dejaran de golpearlo, pero la patota continu\u00f3 atac\u00e1ndolo.<\/p>\n\n\n\n<p>La gravedad del caso provoc\u00f3 conmoci\u00f3n en la localidad y gener\u00f3 repudio por la supuesta <strong>protecci\u00f3n pol\u00edtica<\/strong> de la que podr\u00eda gozar uno de los implicados por ser <strong>hijo del diputado nacional de La Libertad Avanza, Pablo Ansaloni.<\/strong><\/p>\n\n\n\n<p>Mientras los <strong>abogados defensores<\/strong> presentaron recursos para evitar las detenciones, la fiscal\u00eda mantiene el pedido de captura activo. Se espera que en las pr\u00f3ximas horas haya avances en la causa, mientras el joven herido contin\u00faa bajo observaci\u00f3n m\u00e9dica.<\/p>\n\n\n\n<figure class=\"wp-block-video\"><video height=\"384\" style=\"aspect-ratio: 848 \/ 384;\" width=\"848\" controls src=\"https:\/\/www.elsindical.com.ar\/notas\/var\/www\/html\/notas\/wp-content\/uploads\/2025\/06\/Colon-golpiza-a-menor-de-edad-por-Gino-Ansoloni.mp4\"><\/video><\/figure>\n","protected":false},"excerpt":{"rendered":"<p>La Justicia bonaerense emiti\u00f3 un pedido de captura por tentativa de homicidio contra Gino Ansaloni, hijo del legislador oficialista Pablo Ansaloni. Est\u00e1 acusado de golpear salvajemente a un menor en la ciudad bonaerense de Col\u00f3n, junto a otros dos j\u00f3venes. La brutal golpiza en patota ocurri\u00f3 durante la madrugada del 15 de junio a la&hellip;<\/p>\n","protected":false},"author":1,"featured_media":138547,"comment_status":"open","ping_status":"open","sticky":false,"template":"","format":"standard","meta":{"footnotes":""},"categories":[22],"tags":[45433,4170,2450,45432,28812,9980,34850,22665],"class_list":["post-138546","post","type-post","status-publish","format-standard","has-post-thumbnail","hentry","category-policiales","tag-ataque-en-patota","tag-colon","tag-diario-el-sindical","tag-gino-ansaloni","tag-javier-milei","tag-menor-de-edad","tag-pablo-ansaloni","tag-tentativa-de-homicidio"],"_links":{"self":[{"href":"https:\/\/www.elsindical.com.ar\/notas\/wp-json\/wp\/v2\/posts\/138546","targetHints":{"allow":["GET"]}}],"collection":[{"href":"https:\/\/www.elsindical.com.ar\/notas\/wp-json\/wp\/v2\/posts"}],"about":[{"href":"https:\/\/www.elsindical.com.ar\/notas\/wp-json\/wp\/v2\/types\/post"}],"author":[{"embeddable":true,"href":"https:\/\/www.elsindical.com.ar\/notas\/wp-json\/wp\/v2\/users\/1"}],"replies":[{"embeddable":true,"href":"https:\/\/www.elsindical.com.ar\/notas\/wp-json\/wp\/v2\/comments?post=138546"}],"version-history":[{"count":2,"href":"https:\/\/www.elsindical.com.ar\/notas\/wp-json\/wp\/v2\/posts\/138546\/revisions"}],"predecessor-version":[{"id":138550,"href":"https:\/\/www.elsindical.com.ar\/notas\/wp-json\/wp\/v2\/posts\/138546\/revisions\/138550"}],"wp:featuredmedia":[{"embeddable":true,"href":"https:\/\/www.elsindical.com.ar\/notas\/wp-json\/wp\/v2\/media\/138547"}],"wp:attachment":[{"href":"https:\/\/www.elsindical.com.ar\/notas\/wp-json\/wp\/v2\/media?parent=138546"}],"wp:term":[{"taxonomy":"category","embeddable":true,"href":"https:\/\/www.elsindical.com.ar\/notas\/wp-json\/wp\/v2\/categories?post=138546"},{"taxonomy":"post_tag","embeddable":true,"href":"https:\/\/www.elsindical.com.ar\/notas\/wp-json\/wp\/v2\/tags?post=138546"}],"curies":[{"name":"wp","href":"https:\/\/api.w.org\/{rel}","templated":true}]}}