{"id":138539,"date":"2025-06-23T15:05:40","date_gmt":"2025-06-23T18:05:40","guid":{"rendered":"https:\/\/www.elsindical.com.ar\/notas\/?p=138539"},"modified":"2025-06-23T15:05:47","modified_gmt":"2025-06-23T18:05:47","slug":"francos-sobre-el-reclamo-de-los-gobernadores-los-numeros-no-cierran","status":"publish","type":"post","link":"https:\/\/www.elsindical.com.ar\/notas\/francos-sobre-el-reclamo-de-los-gobernadores-los-numeros-no-cierran\/","title":{"rendered":"Francos sobre el reclamo de los gobernadores: \u201cLos n\u00fameros no cierran\u201d"},"content":{"rendered":"<div class=\"wp-block-image\">\n<figure class=\"aligncenter size-large is-resized\"><a href=\"https:\/\/www.elsindical.com.ar\/notas\/var\/www\/html\/notas\/wp-content\/uploads\/2024\/04\/Guillermo-Francos-sonrisa.jpeg\"><img loading=\"lazy\" decoding=\"async\" width=\"1024\" height=\"896\" src=\"https:\/\/www.elsindical.com.ar\/notas\/var\/www\/html\/notas\/wp-content\/uploads\/2024\/04\/Guillermo-Francos-sonrisa-1024x896.jpeg\" alt=\"\" class=\"wp-image-129793\" style=\"width:643px;height:auto\" srcset=\"https:\/\/www.elsindical.com.ar\/notas\/var\/www\/html\/notas\/wp-content\/uploads\/2024\/04\/Guillermo-Francos-sonrisa-1024x896.jpeg 1024w, https:\/\/www.elsindical.com.ar\/notas\/var\/www\/html\/notas\/wp-content\/uploads\/2024\/04\/Guillermo-Francos-sonrisa-300x263.jpeg 300w, https:\/\/www.elsindical.com.ar\/notas\/var\/www\/html\/notas\/wp-content\/uploads\/2024\/04\/Guillermo-Francos-sonrisa-768x672.jpeg 768w, https:\/\/www.elsindical.com.ar\/notas\/var\/www\/html\/notas\/wp-content\/uploads\/2024\/04\/Guillermo-Francos-sonrisa-343x300.jpeg 343w, https:\/\/www.elsindical.com.ar\/notas\/var\/www\/html\/notas\/wp-content\/uploads\/2024\/04\/Guillermo-Francos-sonrisa.jpeg 1200w\" sizes=\"auto, (max-width: 1024px) 100vw, 1024px\" \/><\/a><\/figure>\n<\/div>\n\n\n<p>Gobernadores esperan una respuesta de Guillermo Francos al reclamo por la distribuci\u00f3n de los aportes del tesoro nacional.<\/p>\n\n\n\n<p>El jefe de Gabinete,&nbsp;<strong>Guillermo Francos<\/strong>, advirti\u00f3 a los gobernadores que el Poder Ejecutivo tiene \u201cactitud positiva\u201d para encarar las problem\u00e1ticas que les manifiestan, pero remarc\u00f3 que \u201clos n\u00fameros no cierran\u201d.&nbsp;<\/p>\n\n\n\n<p><strong>\u201cNosotros siempre tenemos una actitud positiva, lo que no da a veces son los n\u00fameros<\/strong>. Trataremos de ver c\u00f3mo llegamos\u201d, anticip\u00f3 en declaraciones a Cadena 3, y sum\u00f3:&nbsp;\u201cHay gobernadores que dicen que han hecho ajustes y otros que no dicen nada\u201d.<\/p>\n\n\n\n<p>Asimismo, <strong>Francos revel\u00f3 que el vicejefe de Gabinete del Interior,&nbsp;Lisandro Catal\u00e1n, y el secretario de Hacienda,&nbsp;Carlos Guberman,&nbsp;se reunir\u00e1n hoy para alcanzar un entendimiento.&nbsp;<\/strong><\/p>\n\n\n\n<p>Mientras tanto, los\u00a0gobernadores de distintos espacios pol\u00edticos se re\u00fanen en el Consejo General de Inversiones (CFI), a la espera de la respuesta del jefe de Gabinete.<\/p>\n\n\n\n<p>D\u00edas atr\u00e1s, una delegaci\u00f3n de mandatarios provinciales visit\u00f3 Casa Rosada y elev\u00f3 los reclamos al titular de ministros que se comprometi\u00f3 a estudiar los n\u00fameros para&nbsp;<strong>rediscutir la distribuci\u00f3n de los aportes del tesoro nacional (ATN) e incrementar la coparticipaci\u00f3n del impuesto a los combustibles.<\/strong><\/p>\n\n\n\n<p><strong>El nuevo intercambio se adem\u00e1s en las v\u00edsperas de la primera reuni\u00f3n formal de&nbsp;Consejo de Mayo<\/strong>, donde ser\u00e1n representados por el gobernador de Mendoza,<strong>&nbsp;Alfredo Cornejo,<\/strong>&nbsp;el martes a las 9 en Sal\u00f3n de los Escudos de Balcarce 50.&nbsp;<\/p>\n","protected":false},"excerpt":{"rendered":"<p>Gobernadores esperan una respuesta de Guillermo Francos al reclamo por la distribuci\u00f3n de los aportes del tesoro nacional. El jefe de Gabinete,&nbsp;Guillermo Francos, advirti\u00f3 a los gobernadores que el Poder Ejecutivo tiene \u201cactitud positiva\u201d para encarar las problem\u00e1ticas que les manifiestan, pero remarc\u00f3 que \u201clos n\u00fameros no cierran\u201d.&nbsp; \u201cNosotros siempre tenemos una actitud positiva, lo&hellip;<\/p>\n","protected":false},"author":1,"featured_media":129793,"comment_status":"open","ping_status":"open","sticky":false,"template":"","format":"standard","meta":{"footnotes":""},"categories":[9,13],"tags":[43341,2450,22023,761,41702,28812,45429],"class_list":["post-138539","post","type-post","status-publish","format-standard","has-post-thumbnail","hentry","category-economia","category-politica","tag-politica-3","tag-diario-el-sindical","tag-economia","tag-gobierno-nacional","tag-guillermo-francos","tag-javier-milei","tag-reclamo-de-gobernadores"],"_links":{"self":[{"href":"https:\/\/www.elsindical.com.ar\/notas\/wp-json\/wp\/v2\/posts\/138539","targetHints":{"allow":["GET"]}}],"collection":[{"href":"https:\/\/www.elsindical.com.ar\/notas\/wp-json\/wp\/v2\/posts"}],"about":[{"href":"https:\/\/www.elsindical.com.ar\/notas\/wp-json\/wp\/v2\/types\/post"}],"author":[{"embeddable":true,"href":"https:\/\/www.elsindical.com.ar\/notas\/wp-json\/wp\/v2\/users\/1"}],"replies":[{"embeddable":true,"href":"https:\/\/www.elsindical.com.ar\/notas\/wp-json\/wp\/v2\/comments?post=138539"}],"version-history":[{"count":1,"href":"https:\/\/www.elsindical.com.ar\/notas\/wp-json\/wp\/v2\/posts\/138539\/revisions"}],"predecessor-version":[{"id":138540,"href":"https:\/\/www.elsindical.com.ar\/notas\/wp-json\/wp\/v2\/posts\/138539\/revisions\/138540"}],"wp:featuredmedia":[{"embeddable":true,"href":"https:\/\/www.elsindical.com.ar\/notas\/wp-json\/wp\/v2\/media\/129793"}],"wp:attachment":[{"href":"https:\/\/www.elsindical.com.ar\/notas\/wp-json\/wp\/v2\/media?parent=138539"}],"wp:term":[{"taxonomy":"category","embeddable":true,"href":"https:\/\/www.elsindical.com.ar\/notas\/wp-json\/wp\/v2\/categories?post=138539"},{"taxonomy":"post_tag","embeddable":true,"href":"https:\/\/www.elsindical.com.ar\/notas\/wp-json\/wp\/v2\/tags?post=138539"}],"curies":[{"name":"wp","href":"https:\/\/api.w.org\/{rel}","templated":true}]}}