{"id":138528,"date":"2025-06-22T17:29:03","date_gmt":"2025-06-22T20:29:03","guid":{"rendered":"https:\/\/www.elsindical.com.ar\/notas\/?p=138528"},"modified":"2025-06-22T17:29:08","modified_gmt":"2025-06-22T20:29:08","slug":"milei-convoco-al-consejo-de-mayo-para-avanzar-con-la-reforma-laboral","status":"publish","type":"post","link":"https:\/\/www.elsindical.com.ar\/notas\/milei-convoco-al-consejo-de-mayo-para-avanzar-con-la-reforma-laboral\/","title":{"rendered":"Milei convoc\u00f3 al Consejo de Mayo para avanzar con la reforma laboral"},"content":{"rendered":"<div class=\"wp-block-image\">\n<figure class=\"aligncenter size-full\"><a href=\"https:\/\/www.elsindical.com.ar\/notas\/var\/www\/html\/notas\/wp-content\/uploads\/2025\/06\/Consejo-de-Mayo-Javier-Milei.jpg\"><img loading=\"lazy\" decoding=\"async\" width=\"761\" height=\"494\" src=\"https:\/\/www.elsindical.com.ar\/notas\/var\/www\/html\/notas\/wp-content\/uploads\/2025\/06\/Consejo-de-Mayo-Javier-Milei.jpg\" alt=\"\" class=\"wp-image-138529\" srcset=\"https:\/\/www.elsindical.com.ar\/notas\/var\/www\/html\/notas\/wp-content\/uploads\/2025\/06\/Consejo-de-Mayo-Javier-Milei.jpg 761w, https:\/\/www.elsindical.com.ar\/notas\/var\/www\/html\/notas\/wp-content\/uploads\/2025\/06\/Consejo-de-Mayo-Javier-Milei-300x195.jpg 300w\" sizes=\"auto, (max-width: 761px) 100vw, 761px\" \/><\/a><\/figure>\n<\/div>\n\n\n<p>La Casa Rosada fij\u00f3 la primera reuni\u00f3n del Consejo de Mayo para este martes 24 de junio, con el objetivo de debatir uno de los puntos clave del Pacto de Mayo: la modernizaci\u00f3n de la legislaci\u00f3n laboral.<\/p>\n\n\n\n<p>Tras la puesta en marcha del <strong>Consejo de Mayo<\/strong> a principios de mes, el Gobierno nacional confirm\u00f3 el primer encuentro oficial para <strong>este martes 24<\/strong> de junio. La cita ser\u00e1 en la Casa Rosada y estar\u00e1 liderada por el jefe de Gabinete y presidente del Consejo, Guillermo Francos. El eje central ser\u00e1 <strong>la nueva reforma laboral, planteada en el Pacto de Mayo.<\/strong><\/p>\n\n\n\n<p>Uno de los temas principales que se abordar\u00e1n ser\u00e1 <strong>la reforma laboral planteada en el Pacto de Mayo<\/strong>, orientada a promover el <strong>empleo formal.<\/strong> La reuni\u00f3n servir\u00e1 como instancia para definir los lineamientos y prioridades de esta transformaci\u00f3n.<\/p>\n\n\n\n<p>En ese marco, el Gobierno avanz\u00f3 en paralelo con una medida concreta: <strong>la Comisi\u00f3n Nacional de Valores (CNV) reglament\u00f3 el nuevo Sistema de Cese Laboral<\/strong>, un mecanismo alternativo a las tradicionales indemnizaciones por despido.<\/p>\n\n\n\n<p>Este <strong>permitir\u00e1 que empleadores y trabajadores reemplacen el sistema indemnizatorio <\/strong>actual previsto en el art\u00edculo 245 de la Ley de Contrato de Trabajo<strong>,<\/strong> utilizando <strong>Fondos Comunes de Inversi\u00f3n (FCI) o Fideicomisos Financieros (FF)<\/strong>. Esta opci\u00f3n deber\u00e1 ser establecida a trav\u00e9s de convenios colectivos.<\/p>\n\n\n\n<h3 class=\"wp-block-heading\"><strong>Principales caracter\u00edsticas del nuevo sistema:<\/strong><\/h3>\n\n\n\n<ul class=\"wp-block-list\">\n<li>Los fondos pueden definirse por trabajador, empresa o sector.<\/li>\n\n\n\n<li>Las partes acuerdan libremente cu\u00e1nto y con qu\u00e9 frecuencia se aporta.<\/li>\n\n\n\n<li>El fondo ser\u00e1 inembargable.<\/li>\n\n\n\n<li>S\u00f3lo podr\u00e1 nutrirse con aportes de empleadores y\/o trabajadores.<\/li>\n\n\n\n<li>En caso de aportes empresariales, las cuotapartes estar\u00e1n cedidas a los trabajadores bajo condici\u00f3n suspensiva.<\/li>\n<\/ul>\n\n\n\n<p>Tanto los FCI como los FF contar\u00e1n con flexibilidad para definir objetivos de inversi\u00f3n, sin necesidad de publicar prospectos en la web de la CNV. Adem\u00e1s, se permite la emisi\u00f3n de valores adicionales y la incorporaci\u00f3n de nuevos fiduciantes.<\/p>\n\n\n\n<p>Desde el Ejecutivo aseguraron que esta herramienta fue pensada <strong>para que empleadores y empleados acuerden previamente c\u00f3mo cubrir los costos ante una futura desvinculaci\u00f3n<\/strong>, en un contexto de modernizaci\u00f3n del mercado laboral.<\/p>\n\n\n\n<h3 class=\"wp-block-heading\"><strong>\u00bfQui\u00e9nes integran el Consejo de Mayo?<\/strong><\/h3>\n\n\n\n<p>El Consejo de Mayo est\u00e1 presidido por <strong>Guillermo Francos<\/strong> y conformado por seis consejeros, designados directamente mediante decreto ante la falta de propuestas de los sectores involucrados. Ellos son:<\/p>\n\n\n\n<ul class=\"wp-block-list\">\n<li><strong>Federico Sturzenegger<\/strong>, ministro de Desregulaci\u00f3n y Transformaci\u00f3n del Estado (por el Poder Ejecutivo).<\/li>\n\n\n\n<li>Alfredo Cornejo, gobernador de Mendoza (en representaci\u00f3n de las provincias firmantes y CABA).<\/li>\n\n\n\n<li>Carolina Losada, senadora nacional por Santa Fe (por el Senado).<\/li>\n\n\n\n<li>Cristian Ritondo, diputado nacional por Buenos Aires (por Diputados).<\/li>\n\n\n\n<li>Gerardo Mart\u00ednez, secretario general de UOCRA (por las organizaciones sindicales).<\/li>\n\n\n\n<li>Mart\u00edn Rappallini, presidente de la UIA (por las entidades empresariales).<\/li>\n<\/ul>\n\n\n\n<p>Ninguno de los integrantes percibir\u00e1 honorarios ni remuneraci\u00f3n, seg\u00fan lo establecido en el decreto de creaci\u00f3n del Consejo.<\/p>\n\n\n\n<h3 class=\"wp-block-heading\"><strong>\u00bfQui\u00e9nes no adhirieron al Pacto de Mayo?<\/strong><\/h3>\n\n\n\n<p>Cinco gobernadores rechazaron la iniciativa y no participan del Consejo:<\/p>\n\n\n\n<ul class=\"wp-block-list\">\n<li>Axel Kicillof (Buenos Aires)<\/li>\n\n\n\n<li>Gildo Insfr\u00e1n (Formosa)<\/li>\n\n\n\n<li>Ricardo Quintela (La Rioja)<\/li>\n\n\n\n<li>Sergio Ziliotto (La Pampa)<\/li>\n\n\n\n<li>Gustavo Melella (Tierra del Fuego)<\/li>\n<\/ul>\n\n\n\n<h2 class=\"wp-block-heading\"><strong>Los 10 puntos del Pacto de Mayo<\/strong><\/h2>\n\n\n\n<p>El Pacto impulsado por el presidente Javier Milei contiene los siguientes compromisos:<\/p>\n\n\n\n<ol class=\"wp-block-list\">\n<li>Defensa de la propiedad privada.<\/li>\n\n\n\n<li>Equilibrio fiscal como prioridad.<\/li>\n\n\n\n<li>Reducci\u00f3n del gasto p\u00fablico al 25% del PBI.<\/li>\n\n\n\n<li>Educaci\u00f3n moderna, inclusiva y sin abandono escolar.<\/li>\n\n\n\n<li>Reforma tributaria que alivie la presi\u00f3n impositiva.<\/li>\n\n\n\n<li>Nueva ley de coparticipaci\u00f3n federal.<\/li>\n\n\n\n<li>Explotaci\u00f3n de recursos naturales como motor de desarrollo.<\/li>\n\n\n\n<li>Reforma laboral para fomentar el trabajo formal.<\/li>\n\n\n\n<li>Cambios previsionales que sostengan el sistema.<\/li>\n\n\n\n<li>Apertura al comercio internacional.<\/li>\n<\/ol>\n","protected":false},"excerpt":{"rendered":"<p>La Casa Rosada fij\u00f3 la primera reuni\u00f3n del Consejo de Mayo para este martes 24 de junio, con el objetivo de debatir uno de los puntos clave del Pacto de Mayo: la modernizaci\u00f3n de la legislaci\u00f3n laboral. Tras la puesta en marcha del Consejo de Mayo a principios de mes, el Gobierno nacional confirm\u00f3 el&hellip;<\/p>\n","protected":false},"author":1,"featured_media":138529,"comment_status":"open","ping_status":"open","sticky":false,"template":"","format":"standard","meta":{"footnotes":""},"categories":[9,13],"tags":[43341,43364,2450,22023,28812,27276],"class_list":["post-138528","post","type-post","status-publish","format-standard","has-post-thumbnail","hentry","category-economia","category-politica","tag-politica-3","tag-consejo-de-mayo","tag-diario-el-sindical","tag-economia","tag-javier-milei","tag-reforma-laboral"],"_links":{"self":[{"href":"https:\/\/www.elsindical.com.ar\/notas\/wp-json\/wp\/v2\/posts\/138528","targetHints":{"allow":["GET"]}}],"collection":[{"href":"https:\/\/www.elsindical.com.ar\/notas\/wp-json\/wp\/v2\/posts"}],"about":[{"href":"https:\/\/www.elsindical.com.ar\/notas\/wp-json\/wp\/v2\/types\/post"}],"author":[{"embeddable":true,"href":"https:\/\/www.elsindical.com.ar\/notas\/wp-json\/wp\/v2\/users\/1"}],"replies":[{"embeddable":true,"href":"https:\/\/www.elsindical.com.ar\/notas\/wp-json\/wp\/v2\/comments?post=138528"}],"version-history":[{"count":1,"href":"https:\/\/www.elsindical.com.ar\/notas\/wp-json\/wp\/v2\/posts\/138528\/revisions"}],"predecessor-version":[{"id":138530,"href":"https:\/\/www.elsindical.com.ar\/notas\/wp-json\/wp\/v2\/posts\/138528\/revisions\/138530"}],"wp:featuredmedia":[{"embeddable":true,"href":"https:\/\/www.elsindical.com.ar\/notas\/wp-json\/wp\/v2\/media\/138529"}],"wp:attachment":[{"href":"https:\/\/www.elsindical.com.ar\/notas\/wp-json\/wp\/v2\/media?parent=138528"}],"wp:term":[{"taxonomy":"category","embeddable":true,"href":"https:\/\/www.elsindical.com.ar\/notas\/wp-json\/wp\/v2\/categories?post=138528"},{"taxonomy":"post_tag","embeddable":true,"href":"https:\/\/www.elsindical.com.ar\/notas\/wp-json\/wp\/v2\/tags?post=138528"}],"curies":[{"name":"wp","href":"https:\/\/api.w.org\/{rel}","templated":true}]}}