{"id":138472,"date":"2025-06-18T19:04:37","date_gmt":"2025-06-18T22:04:37","guid":{"rendered":"https:\/\/www.elsindical.com.ar\/notas\/?p=138472"},"modified":"2025-06-18T19:04:50","modified_gmt":"2025-06-18T22:04:50","slug":"lanus-vecinos-en-alerta-por-una-banda-de-motochorros-que-roban-con-total-impunidad","status":"publish","type":"post","link":"https:\/\/www.elsindical.com.ar\/notas\/lanus-vecinos-en-alerta-por-una-banda-de-motochorros-que-roban-con-total-impunidad\/","title":{"rendered":"Lan\u00fas: Vecinos en alerta por una banda de motochorros que roban con total impunidad"},"content":{"rendered":"\n<figure class=\"wp-block-image size-full\"><a href=\"https:\/\/www.elsindical.com.ar\/notas\/var\/www\/html\/notas\/wp-content\/uploads\/2025\/06\/Lagos-al-800-Lanus.jpg\"><img loading=\"lazy\" decoding=\"async\" width=\"700\" height=\"386\" src=\"https:\/\/www.elsindical.com.ar\/notas\/var\/www\/html\/notas\/wp-content\/uploads\/2025\/06\/Lagos-al-800-Lanus.jpg\" alt=\"\" class=\"wp-image-138473\" srcset=\"https:\/\/www.elsindical.com.ar\/notas\/var\/www\/html\/notas\/wp-content\/uploads\/2025\/06\/Lagos-al-800-Lanus.jpg 700w, https:\/\/www.elsindical.com.ar\/notas\/var\/www\/html\/notas\/wp-content\/uploads\/2025\/06\/Lagos-al-800-Lanus-300x165.jpg 300w\" sizes=\"auto, (max-width: 700px) 100vw, 700px\" \/><\/a><\/figure>\n\n\n\n<p>   Una banda de al menos 7delincuentes, que circulan en 3 y hasta 4 motos, roban a los vecinos de Lan\u00fas en la modalidad conocida como \u00abmotochorros\u00bb. los que no dudan en ejercer violencia a sus v\u00edctimas, por las redes sociales los vecinos comentan su preocupaci\u00f3n por la inacci\u00f3n policial y municipal.<\/p>\n\n\n\n<p>A pesar delas marchas, reclamos y denuncias contra el secretario de seguridad municipal Sebasti\u00e1n Castillo que solo es sostenido por el impresentable intendente Juli\u00e1n \u00c1lvarez, que dicen sostiene al funcionario por su militancia y por compartir juntos algunas actividades que algunos definen como vicio.<\/p>\n\n\n\n<p>Hasta el momento se conocen 4 robos en inmediaciones de Gerli Oeste y llama la atenci\u00f3n de los vecinos que no sean detectados por las c\u00e1maras de seguridad del Centro de Monitoreo o la polic\u00eda, ya que se movilizan en manada.<\/p>\n\n\n\n<p><\/p>\n","protected":false},"excerpt":{"rendered":"<p>Una banda de al menos 7delincuentes, que circulan en 3 y hasta 4 motos, roban a los vecinos de Lan\u00fas en la modalidad conocida como \u00abmotochorros\u00bb. los que no dudan en ejercer violencia a sus v\u00edctimas, por las redes sociales los vecinos comentan su preocupaci\u00f3n por la inacci\u00f3n policial y municipal. A pesar delas marchas,&hellip;<\/p>\n","protected":false},"author":1,"featured_media":138473,"comment_status":"open","ping_status":"open","sticky":false,"template":"","format":"standard","meta":{"footnotes":""},"categories":[6,22],"tags":[22020,2450,984,39958,209,308,41983,986],"class_list":["post-138472","post","type-post","status-publish","format-standard","has-post-thumbnail","hentry","category-denuncias","category-policiales","tag-denuncias","tag-diario-el-sindical","tag-inseguridad","tag-julian-alvarez-2","tag-lanus","tag-motochorros","tag-sebastian-castillo","tag-vecinos"],"_links":{"self":[{"href":"https:\/\/www.elsindical.com.ar\/notas\/wp-json\/wp\/v2\/posts\/138472","targetHints":{"allow":["GET"]}}],"collection":[{"href":"https:\/\/www.elsindical.com.ar\/notas\/wp-json\/wp\/v2\/posts"}],"about":[{"href":"https:\/\/www.elsindical.com.ar\/notas\/wp-json\/wp\/v2\/types\/post"}],"author":[{"embeddable":true,"href":"https:\/\/www.elsindical.com.ar\/notas\/wp-json\/wp\/v2\/users\/1"}],"replies":[{"embeddable":true,"href":"https:\/\/www.elsindical.com.ar\/notas\/wp-json\/wp\/v2\/comments?post=138472"}],"version-history":[{"count":1,"href":"https:\/\/www.elsindical.com.ar\/notas\/wp-json\/wp\/v2\/posts\/138472\/revisions"}],"predecessor-version":[{"id":138474,"href":"https:\/\/www.elsindical.com.ar\/notas\/wp-json\/wp\/v2\/posts\/138472\/revisions\/138474"}],"wp:featuredmedia":[{"embeddable":true,"href":"https:\/\/www.elsindical.com.ar\/notas\/wp-json\/wp\/v2\/media\/138473"}],"wp:attachment":[{"href":"https:\/\/www.elsindical.com.ar\/notas\/wp-json\/wp\/v2\/media?parent=138472"}],"wp:term":[{"taxonomy":"category","embeddable":true,"href":"https:\/\/www.elsindical.com.ar\/notas\/wp-json\/wp\/v2\/categories?post=138472"},{"taxonomy":"post_tag","embeddable":true,"href":"https:\/\/www.elsindical.com.ar\/notas\/wp-json\/wp\/v2\/tags?post=138472"}],"curies":[{"name":"wp","href":"https:\/\/api.w.org\/{rel}","templated":true}]}}