{"id":13845,"date":"2011-04-26T19:11:24","date_gmt":"2011-04-26T22:11:24","guid":{"rendered":"http:\/\/www.elsindical.com.ar\/notas\/?p=13845"},"modified":"2011-04-26T19:11:24","modified_gmt":"2011-04-26T22:11:24","slug":"ezeizadetuvieron-a-un-jefe-narco-colombiano-que-tenia-pedido-de-captura-de-eeuu","status":"publish","type":"post","link":"https:\/\/www.elsindical.com.ar\/notas\/ezeizadetuvieron-a-un-jefe-narco-colombiano-que-tenia-pedido-de-captura-de-eeuu\/","title":{"rendered":"Ezeiza:Detuvieron a un jefe narco colombiano que ten\u00eda pedido de captura de EEUU"},"content":{"rendered":"<p style=\"text-align: justify;\"><em><a href=\"http:\/\/www.elsindical.com.ar\/notas\/var\/www\/html\/notas\/wp-content\/uploads\/2011\/04\/Ignacio-Alvarez-Meyendorff.jpg\"><img loading=\"lazy\" decoding=\"async\" class=\"alignleft size-medium wp-image-13846\" title=\"Ignacio-Alvarez-Meyendorff\" src=\"http:\/\/www.elsindical.com.ar\/notas\/var\/www\/html\/notas\/wp-content\/uploads\/2011\/04\/Ignacio-Alvarez-Meyendorff-300x224.jpg\" alt=\"\" width=\"300\" height=\"224\" srcset=\"https:\/\/www.elsindical.com.ar\/notas\/var\/www\/html\/notas\/wp-content\/uploads\/2011\/04\/Ignacio-Alvarez-Meyendorff-300x224.jpg 300w, https:\/\/www.elsindical.com.ar\/notas\/var\/www\/html\/notas\/wp-content\/uploads\/2011\/04\/Ignacio-Alvarez-Meyendorff.jpg 443w\" sizes=\"auto, (max-width: 300px) 100vw, 300px\" \/><\/a>Se trata de <strong>Ignacio Alvarez Meyendorff, <\/strong>uno de los l\u00edderes del <strong>Cartel del Norte del Valle.<\/strong> Era buscado por un tribunal norteamericano y\u00a0lo<strong> apresaron el domingo en Ezeiza.<\/strong><\/em><\/p>\n<p style=\"text-align: justify;\">Un narco colombiano que tiene pedido de captura de un fiscal norteamericano acusado de haber participado en el tr\u00e1fico <strong>de ocho toneladas de coca\u00edna a ese pa\u00eds fue detenido en el aeropuerto internacional de Ezeiza cuando arrib\u00f3 en un vuelo comercial.<\/strong><\/p>\n<p style=\"text-align: justify;\">El subsecretario de Delitos Complejos del Ministerio de Seguridad de la Naci\u00f3n, Miguel Robles, confirm\u00f3\u00a0<strong>que se trata de Ignacio Alvarez Meyendorff, de 50 a\u00f1os, quien fue apresado por personal de la Polic\u00eda de Seguridad Aeroportuaria (PSA) por orden del juez federal 2 de Lomas de Zamora, Carlos Ferreyro Pella.<\/p>\n<p>La investigaci\u00f3n fue llevada a cabo por la\u00a0Oficina de Investigaciones del Departamento de Seguridad Nacional (DHS).<\/strong><\/p>\n<p style=\"text-align: justify;\"><strong>Desde la embajada norteamericana aseguraron que el delincuente detenido es uno de los narcotraficantes m\u00e1s importantes que operaban en todo el continente<\/strong>. Los investigadores no descartan que el acusado mantuviese tanto <strong>emprendimientos en la Argentina como v\u00ednculos con el narcotraficante colombiano Agust\u00edn \u00abDon Lucho\u00bb Caicedo<\/strong>, detenido tambi\u00e9n en el pa\u00eds por la misma agencia.<\/p>\n<p style=\"text-align: justify;\">La sospecha, seg\u00fan las investigaciones que se llevan a cabo en\u00a0los\u00a0Estados Unidos, es que Alvarez Meyendorff integra el <strong>\u00abCartel del Norte del Valle\u00bb, una de las organizaciones dedicadas<\/strong> al tr\u00e1fico de drogas m\u00e1s grandes de Colombia.<\/p>\n<p style=\"text-align: justify;\"><strong>Tambi\u00e9n conocido como \u00abNacho\u00bb, \u00abEl Viejo\u00bb o \u00abGran Hermano\u00bb, Alvarez Meyendorff est\u00e1 acusado en los Estados Unidos de ser \u00abtestaferro\u00bb de ese c\u00e1rtel colombiano y enfrenta causas por \u00ablavado de dinero\u00bb por una suma millonaria, explicaron los investigadores argentinos. <\/strong>Adem\u00e1s, se cree que el apresado fue <strong>\u00abel cerebro y organizador log\u00edstico\u00bb<\/strong> del tr\u00e1fico de drogas a los Estados Unidos mediante la utilizaci\u00f3n de submarinos.<\/p>\n<p style=\"text-align: justify;\"><strong>\u00abEstaba siendo buscado por las agencias internacionales <\/strong><strong>antidrogas tras un pedido de captura internacional firmado por un fiscal de Nueva York que investiga el tr\u00e1fico de ocho toneladas de coca\u00edna a Estados Unidos\u00bb,<\/strong> dijo Robles.<\/p>\n<p style=\"text-align: justify;\"><strong>La detenci\u00f3n fue concretada el pasado domingo cuando Alvarez Meyendorff arrib\u00f3 al pa\u00eds en un vuelo de la empresa LAN procedente de Tahit\u00ed. <\/strong><\/p>\n<p style=\"text-align: justify;\"><strong><\/strong>Al momento de la captura, los efectivos de la PSA secuestraron el equipaje de mano del detenido. Este qued\u00f3 a disposici\u00f3n del juez Ferreyro Pella y actualmente se encuentra alojado en una dependencia del Servicio Penitenciario Federal.<\/p>\n","protected":false},"excerpt":{"rendered":"<p>Se trata de Ignacio Alvarez Meyendorff, uno de los l\u00edderes del Cartel del Norte del Valle. Era buscado por un tribunal norteamericano y\u00a0lo apresaron el domingo en Ezeiza. Un narco colombiano que tiene pedido de captura de un fiscal norteamericano acusado de haber participado en el tr\u00e1fico de ocho toneladas de coca\u00edna a ese pa\u00eds&hellip;<\/p>\n","protected":false},"author":1,"featured_media":0,"comment_status":"open","ping_status":"open","sticky":false,"template":"","format":"standard","meta":{"footnotes":""},"categories":[22],"tags":[6663,91,141,661,6662,4432,6661],"class_list":["post-13845","post","type-post","status-publish","format-standard","hentry","category-policiales","tag-cartel-del-norte-del-valle","tag-detenido","tag-eeuu","tag-ezeiza","tag-ignacio-alvarez-meyendorff","tag-narco","tag-pedido-de-captura-internacional"],"_links":{"self":[{"href":"https:\/\/www.elsindical.com.ar\/notas\/wp-json\/wp\/v2\/posts\/13845","targetHints":{"allow":["GET"]}}],"collection":[{"href":"https:\/\/www.elsindical.com.ar\/notas\/wp-json\/wp\/v2\/posts"}],"about":[{"href":"https:\/\/www.elsindical.com.ar\/notas\/wp-json\/wp\/v2\/types\/post"}],"author":[{"embeddable":true,"href":"https:\/\/www.elsindical.com.ar\/notas\/wp-json\/wp\/v2\/users\/1"}],"replies":[{"embeddable":true,"href":"https:\/\/www.elsindical.com.ar\/notas\/wp-json\/wp\/v2\/comments?post=13845"}],"version-history":[{"count":1,"href":"https:\/\/www.elsindical.com.ar\/notas\/wp-json\/wp\/v2\/posts\/13845\/revisions"}],"predecessor-version":[{"id":13847,"href":"https:\/\/www.elsindical.com.ar\/notas\/wp-json\/wp\/v2\/posts\/13845\/revisions\/13847"}],"wp:attachment":[{"href":"https:\/\/www.elsindical.com.ar\/notas\/wp-json\/wp\/v2\/media?parent=13845"}],"wp:term":[{"taxonomy":"category","embeddable":true,"href":"https:\/\/www.elsindical.com.ar\/notas\/wp-json\/wp\/v2\/categories?post=13845"},{"taxonomy":"post_tag","embeddable":true,"href":"https:\/\/www.elsindical.com.ar\/notas\/wp-json\/wp\/v2\/tags?post=13845"}],"curies":[{"name":"wp","href":"https:\/\/api.w.org\/{rel}","templated":true}]}}