{"id":138429,"date":"2025-06-15T10:06:21","date_gmt":"2025-06-15T13:06:21","guid":{"rendered":"https:\/\/www.elsindical.com.ar\/notas\/?p=138429"},"modified":"2025-06-15T10:06:26","modified_gmt":"2025-06-15T13:06:26","slug":"efemerides-del-dia-15-de-junio-12","status":"publish","type":"post","link":"https:\/\/www.elsindical.com.ar\/notas\/efemerides-del-dia-15-de-junio-12\/","title":{"rendered":"EFEM\u00c9RIDES: DEL D\u00cdA 15 DE JUNIO"},"content":{"rendered":"\n<p>D\u00eda Mundial de Toma de Conciencia de Abuso y Maltrato en la Vejez<\/p>\n\n\n\n<p>\u2013 D\u00eda del Libro (en Argentina)<\/p>\n\n\n\n<p>\u2013 D\u00eda del Bioqu\u00edmico (en Argentina)<\/p>\n\n\n\n<p>1215 \u2013 El rey John firma la Magna Carta en Runnymede, Inglaterra.<\/p>\n\n\n\n<p>1219 \u2013 El Rey Valdemar al frente de los daneses consolida la independencia de Dinamarca.<\/p>\n\n\n\n<p>1389 \u2013 Batalla de Kosovo, los turcos vencen a los bosnios y los serbios.<\/p>\n\n\n\n<p>1502 \u2013 Se lleva a cabo el descubrimiento de la isla Dominica por Col\u00f3n durante su cuarto y \u00faltimo viaje a Am\u00e9rica.<\/p>\n\n\n\n<p>1520 \u2013 La Bula Exsurge Domine condena a Mart\u00edn Lutero.<\/p>\n\n\n\n<p>1594 \u2013 Nace Nicol\u00e1s Poussin, pintor franc\u00e9s.<\/p>\n\n\n\n<p>1667 \u2013 El m\u00e9dico Jean-Baptiste Denys realiza en Francia la primera transfusi\u00f3n de sangre en un ser humano.<\/p>\n\n\n\n<p>1775 \u2013 George Washington es nombrado comandante en jefe de las tropas de la Uni\u00f3n que luchan contra Inglaterra.<\/p>\n\n\n\n<p>1813 \u2013 Sim\u00f3n Bol\u00edvar promulga en Trujillo (Venezuela) el decreto de \u00abguerra a muerte\u00bb a los espa\u00f1oles y a sus colaboradores.<\/p>\n\n\n\n<p>1814 \u2013 El Ej\u00e9rcito de Bol\u00edvar es derrotado por las tropas espa\u00f1olas en la batalla de la Puerta (Venezuela).<\/p>\n\n\n\n<p>1838 \u2013 Batalla del Palmar (Uruguay), en la que Fructuoso Rivera se hace con el poder, derrocando al presidente Manuel Oribe.<\/p>\n\n\n\n<p>1838 \u2013 Muere el Brig. Gral. Estanislao L\u00f3pez, caudillo federal y gobernador de Santa Fe.<\/p>\n\n\n\n<p>1843 \u2013 Nace Edward Grieg, compositor noruego.<\/p>\n\n\n\n<p>1844 \u2013 Charles Goodyear patenta la vulcanizaci\u00f3n del caucho.<\/p>\n\n\n\n<p>1844 \u2013 Nace Eduardo Wilde, m\u00e9dico y escritor boliviano, escritor de la Generaci\u00f3n del \u201980.<\/p>\n\n\n\n<p>1846 \u2013 Estados Unidos e Inglaterra firman el tratado de Oreg\u00f3n, por el que se reparten este territorio.<\/p>\n\n\n\n<p>1866 \u2013 Prusia ataca a Austria.<\/p>\n\n\n\n<p>1869 \u2013 John Wesley Hyatt patenta el celuloide.<\/p>\n\n\n\n<p>1878 \u2013 Primer intento de \u00abpel\u00edcula\u00bb (realizada con 12 c\u00e1maras, cada una tomando una fotograf\u00eda).<\/p>\n\n\n\n<p>1889 \u2013 Jos\u00e9 Zorrilla es coronado poeta en el Carmen de los M\u00e1rtires de Granada.<\/p>\n\n\n\n<p>1904 \u2013 Mueren 1.021 personas al incendiarse en la bah\u00eda de Nueva York el barco de pasajeros \u00abGeneral Slocum\u00bb.<\/p>\n\n\n\n<p>1907 \u2013 Se realiza la II Conferencia de Paz de La Haya.<\/p>\n\n\n\n<p>1916 \u2013 Nace Horacio Salg\u00e1n, m\u00fasico, arreglador y compositor de tango.<\/p>\n\n\n\n<p>1920 \u2013 Nace Alberto Sordi, actor italiano de cine.<\/p>\n\n\n\n<p>1924 \u2013 La Ford fabrica el auto n\u00famero 10 millones.<\/p>\n\n\n\n<p>1924 \u2013 Se publica \u00ab20 poemas de amor y una canci\u00f3n desesperada\u00bb, de Pablo Neruda.<\/p>\n\n\n\n<p>1926 \u2013 Nace Leopoldo Galtieri, ex presidente de facto de Argentina.<\/p>\n\n\n\n<p>1927 \u2013 Nace Hugo Pratt, autor de comics italiano.<\/p>\n\n\n\n<p>1932 \u2013 Estalla la guerra del Chaco, conflicto fronterizo entre Bolivia y Paraguay, al ocupar el mayor boliviano Oscar Moscoso el fort\u00edn paraguayo Carlos Antonio L\u00f3pez.<\/p>\n\n\n\n<p>1940 \u2013 Nace Rodolfo Oscar Rabanal, escritor y periodista argentino.<\/p>\n\n\n\n<p>1943 \u2013 Nace Johnny Hallyday, cantante y actor franc\u00e9s.<\/p>\n\n\n\n<p>1944 \u2013 Los Marines desembarcan en Saip\u00e1n.<\/p>\n\n\n\n<p>1946 \u2013 Nace Evangelina Salazar, actriz argentina.<\/p>\n\n\n\n<p>1954 \u2013 James Belushi, actor estadounidense.<\/p>\n\n\n\n<p>1960 \u2013 Jos\u00e9 Mar\u00eda Velasco Ibarra es elegido presidente de Ecuador por cuarta vez.<\/p>\n\n\n\n<p>1962 \u2013 Nace Luis Otero, periodista argentino.<\/p>\n\n\n\n<p>1963 \u2013 Nace Helen Hunt, actriz estadounidense.<\/p>\n\n\n\n<p>1964 \u2013 Nace Courteney Cox, actriz estadounidense.<\/p>\n\n\n\n<p>1970 \u2013 Nace Gloria Carr\u00e1, actriz argentina.<\/p>\n\n\n\n<p>1973 \u2013 Nace Bruno Stagnaro, cineasta argentino.<\/p>\n\n\n\n<p>1973 \u2013 Nace Neil Patrick Harris, actor estadounidense.<\/p>\n\n\n\n<p>1977 \u2013 Los espa\u00f1oles votan despu\u00e9s de 41 a\u00f1os: triunfan los centristas.<\/p>\n\n\n\n<p>1978 \u2013 El rey Hussein de Jordania contrae matrimonio por cuarta vez con la estadounidense de origen oriental Lisa Halaby.<\/p>\n\n\n\n<p>1984 \u2013 Grandes inundaciones en Colombia, debidas a lluvias incesantes, que causaron gran n\u00famero de muertos y desaparecidos, as\u00ed como cuantiosas p\u00e9rdidas materiales.<\/p>\n\n\n\n<p>1990 \u2013 Muere Luis Vidales, poeta colombiano, Premio Lenin.<\/p>\n\n\n\n<p>1991 \u2013 Tr\u00e1gica erupci\u00f3n del volc\u00e1n Pinatubo, en Filipinas.<\/p>\n\n\n\n<p>1994 \u2013 Israel y El Vaticano establecen relaciones diplom\u00e1ticas.<\/p>\n\n\n\n<p>1995 \u2013 Muere John Atanasoff, matem\u00e1tico y f\u00edsico estadounidense, inventor del primer ordenador.<\/p>\n\n\n\n<p>1996 \u2013 Muere Ella Fitzgerald, cantante estadounidense.<\/p>\n\n\n\n<p>2002 \u2013 Muere Choi Hong Hi, general surcoreano y difusor del taekwondo (n. 1918).<\/p>\n\n\n\n<p>2003 \u2013 El equipo de b\u00e1squetbol San Antonio Spurs, junto con Emanuel Gin\u00f3bili se consagra como el mejor equipo de la temporada de la NBA.<\/p>\n\n\n\n<p>2003 \u2013 Israel inicia los preparativos para entregar zonas de la Franja de Gaza a los palestinos.<\/p>\n\n\n\n<p>2008 \u2013 Muere Stan Winston, artista y cineasta estadounidense, ganador de cuatro premios Oscar.<\/p>\n\n\n\n<p>2008 \u2013 Entra en vigor una Constituci\u00f3n en Kosovo, que otorga a la exprovincia serbia competencias propias de un Estado.<\/p>\n\n\n\n<p>2013 \u2013 En Argentina, desciende por primera vez en la historia el Club Atl\u00e9tico Independiente a la Primera B Nacional.<\/p>\n\n\n\n<p>2013 \u2013 Muere Jos\u00e9 Froil\u00e1n Gonz\u00e1lez, piloto de automovilismo argentino.<\/p>\n\n\n\n<p>2019 \u2013 Muere Franco Zeffirelli, director de cine, dise\u00f1ador y productor de \u00f3peras, teatro, cine y televisi\u00f3n italiano.<\/p>\n","protected":false},"excerpt":{"rendered":"<p>D\u00eda Mundial de Toma de Conciencia de Abuso y Maltrato en la Vejez \u2013 D\u00eda del Libro (en Argentina) \u2013 D\u00eda del Bioqu\u00edmico (en Argentina) 1215 \u2013 El rey John firma la Magna Carta en Runnymede, Inglaterra. 1219 \u2013 El Rey Valdemar al frente de los daneses consolida la independencia de Dinamarca. 1389 \u2013 Batalla&hellip;<\/p>\n","protected":false},"author":1,"featured_media":0,"comment_status":"open","ping_status":"open","sticky":false,"template":"","format":"standard","meta":{"footnotes":""},"categories":[14],"tags":[2450,22026],"class_list":["post-138429","post","type-post","status-publish","format-standard","hentry","category-efemerides","tag-diario-el-sindical","tag-efemerides"],"_links":{"self":[{"href":"https:\/\/www.elsindical.com.ar\/notas\/wp-json\/wp\/v2\/posts\/138429","targetHints":{"allow":["GET"]}}],"collection":[{"href":"https:\/\/www.elsindical.com.ar\/notas\/wp-json\/wp\/v2\/posts"}],"about":[{"href":"https:\/\/www.elsindical.com.ar\/notas\/wp-json\/wp\/v2\/types\/post"}],"author":[{"embeddable":true,"href":"https:\/\/www.elsindical.com.ar\/notas\/wp-json\/wp\/v2\/users\/1"}],"replies":[{"embeddable":true,"href":"https:\/\/www.elsindical.com.ar\/notas\/wp-json\/wp\/v2\/comments?post=138429"}],"version-history":[{"count":1,"href":"https:\/\/www.elsindical.com.ar\/notas\/wp-json\/wp\/v2\/posts\/138429\/revisions"}],"predecessor-version":[{"id":138430,"href":"https:\/\/www.elsindical.com.ar\/notas\/wp-json\/wp\/v2\/posts\/138429\/revisions\/138430"}],"wp:attachment":[{"href":"https:\/\/www.elsindical.com.ar\/notas\/wp-json\/wp\/v2\/media?parent=138429"}],"wp:term":[{"taxonomy":"category","embeddable":true,"href":"https:\/\/www.elsindical.com.ar\/notas\/wp-json\/wp\/v2\/categories?post=138429"},{"taxonomy":"post_tag","embeddable":true,"href":"https:\/\/www.elsindical.com.ar\/notas\/wp-json\/wp\/v2\/tags?post=138429"}],"curies":[{"name":"wp","href":"https:\/\/api.w.org\/{rel}","templated":true}]}}