{"id":138425,"date":"2025-06-14T19:20:33","date_gmt":"2025-06-14T22:20:33","guid":{"rendered":"https:\/\/www.elsindical.com.ar\/notas\/?p=138425"},"modified":"2025-06-14T19:36:26","modified_gmt":"2025-06-14T22:36:26","slug":"lemoine-critico-la-falta-de-controles-en-la-frontera-de-formosa-y-paraguay-apuntando-a-la-mala-gestion-de-patricia-bullrich","status":"publish","type":"post","link":"https:\/\/www.elsindical.com.ar\/notas\/lemoine-critico-la-falta-de-controles-en-la-frontera-de-formosa-y-paraguay-apuntando-a-la-mala-gestion-de-patricia-bullrich\/","title":{"rendered":"Lemoine critic\u00f3 la falta de controles en la frontera de Formosa y Paraguay apuntando a la mala gesti\u00f3n de Patricia Bullrich"},"content":{"rendered":"\n<figure class=\"wp-block-image size-large\"><a href=\"https:\/\/www.elsindical.com.ar\/notas\/var\/www\/html\/notas\/wp-content\/uploads\/2025\/06\/Lemoine-frintera-con-Paraguay.jpg\"><img loading=\"lazy\" decoding=\"async\" width=\"1024\" height=\"576\" src=\"https:\/\/www.elsindical.com.ar\/notas\/var\/www\/html\/notas\/wp-content\/uploads\/2025\/06\/Lemoine-frintera-con-Paraguay-1024x576.jpg\" alt=\"\" class=\"wp-image-138426\" srcset=\"https:\/\/www.elsindical.com.ar\/notas\/var\/www\/html\/notas\/wp-content\/uploads\/2025\/06\/Lemoine-frintera-con-Paraguay-1024x576.jpg 1024w, https:\/\/www.elsindical.com.ar\/notas\/var\/www\/html\/notas\/wp-content\/uploads\/2025\/06\/Lemoine-frintera-con-Paraguay-300x169.jpg 300w, https:\/\/www.elsindical.com.ar\/notas\/var\/www\/html\/notas\/wp-content\/uploads\/2025\/06\/Lemoine-frintera-con-Paraguay-768x432.jpg 768w, https:\/\/www.elsindical.com.ar\/notas\/var\/www\/html\/notas\/wp-content\/uploads\/2025\/06\/Lemoine-frintera-con-Paraguay-460x260.jpg 460w, https:\/\/www.elsindical.com.ar\/notas\/var\/www\/html\/notas\/wp-content\/uploads\/2025\/06\/Lemoine-frintera-con-Paraguay.jpg 1200w\" sizes=\"auto, (max-width: 1024px) 100vw, 1024px\" \/><\/a><\/figure>\n\n\n\n<p>   La diputada nacional de LLA, Lilia Lemoine, de paseo por la provincia de Formosa, intent\u00f3 criticar al gobernador, mostrando en un video la falta de controles en la frontera, pero su critica termin\u00f3 siendo una critica a Patricia Bullrich ministra de seguridad de la Naci\u00f3n y responsable de la Gendarmer\u00eda Nacional.<\/p>\n\n\n\n<p>Desde una pasarela fronteriza, Lemoine asegur\u00f3: <em>\u201cEstoy en una pasarela en Formosa: de ese lado es Formosa, de ese lado es Paraguay. Cualquier terrorista puede cruzar\u201d<\/em>. Luego agreg\u00f3 que por esa v\u00eda <em>\u201cpasan chicos, gente con carretillas y balseros\u201d<\/em>, sin ning\u00fan tipo de control. El video no tard\u00f3 en viralizarse.<\/p>\n\n\n\n<p>Aunque la intenci\u00f3n de Lemoine era poner en jaque al gobernador <strong>Gildo Insfr\u00e1n<\/strong>, la exposici\u00f3n improvisada puso sobre la mesa otra discusi\u00f3n: \u00bfqui\u00e9n controla las fronteras argentinas? La respuesta es clara: el Gobierno Nacional, y m\u00e1s precisamente <strong>la cartera de Seguridad<\/strong>. As\u00ed, <strong>el legislador termin\u00f3 cuestionando \u2014quiz\u00e1s sin querer\u2014 la gesti\u00f3n de Bullrich<\/strong>, generando un nuevo foco de pol\u00e9mica dentro del oficialismo.<\/p>\n\n\n\n<figure class=\"wp-block-embed is-type-video is-provider-youtube wp-block-embed-youtube wp-embed-aspect-16-9 wp-has-aspect-ratio\"><div class=\"wp-block-embed__wrapper\">\n<iframe loading=\"lazy\" title=\"Lila Lemoine termin\u00f3 ensuciando a Patricia Bullrich\" width=\"700\" height=\"394\" src=\"https:\/\/www.youtube.com\/embed\/jess_W2uQk0?feature=oembed\" frameborder=\"0\" allow=\"accelerometer; autoplay; clipboard-write; encrypted-media; gyroscope; picture-in-picture; web-share\" referrerpolicy=\"strict-origin-when-cross-origin\" allowfullscreen><\/iframe>\n<\/div><\/figure>\n","protected":false},"excerpt":{"rendered":"<p>La diputada nacional de LLA, Lilia Lemoine, de paseo por la provincia de Formosa, intent\u00f3 criticar al gobernador, mostrando en un video la falta de controles en la frontera, pero su critica termin\u00f3 siendo una critica a Patricia Bullrich ministra de seguridad de la Naci\u00f3n y responsable de la Gendarmer\u00eda Nacional. Desde una pasarela fronteriza,&hellip;<\/p>\n","protected":false},"author":1,"featured_media":138426,"comment_status":"open","ping_status":"open","sticky":false,"template":"","format":"standard","meta":{"footnotes":""},"categories":[13],"tags":[2450,4031,6373,1429,34482,28812,40899,40628,4032,1241,39554],"class_list":["post-138425","post","type-post","status-publish","format-standard","has-post-thumbnail","hentry","category-politica","tag-diario-el-sindical","tag-formosa","tag-frontera","tag-gendarmeria-nacional","tag-gobernador-gildo-insfran","tag-javier-milei","tag-lilia-lemoine","tag-lla","tag-paraguay","tag-patricia-bullrich","tag-video-viral"],"_links":{"self":[{"href":"https:\/\/www.elsindical.com.ar\/notas\/wp-json\/wp\/v2\/posts\/138425","targetHints":{"allow":["GET"]}}],"collection":[{"href":"https:\/\/www.elsindical.com.ar\/notas\/wp-json\/wp\/v2\/posts"}],"about":[{"href":"https:\/\/www.elsindical.com.ar\/notas\/wp-json\/wp\/v2\/types\/post"}],"author":[{"embeddable":true,"href":"https:\/\/www.elsindical.com.ar\/notas\/wp-json\/wp\/v2\/users\/1"}],"replies":[{"embeddable":true,"href":"https:\/\/www.elsindical.com.ar\/notas\/wp-json\/wp\/v2\/comments?post=138425"}],"version-history":[{"count":2,"href":"https:\/\/www.elsindical.com.ar\/notas\/wp-json\/wp\/v2\/posts\/138425\/revisions"}],"predecessor-version":[{"id":138428,"href":"https:\/\/www.elsindical.com.ar\/notas\/wp-json\/wp\/v2\/posts\/138425\/revisions\/138428"}],"wp:featuredmedia":[{"embeddable":true,"href":"https:\/\/www.elsindical.com.ar\/notas\/wp-json\/wp\/v2\/media\/138426"}],"wp:attachment":[{"href":"https:\/\/www.elsindical.com.ar\/notas\/wp-json\/wp\/v2\/media?parent=138425"}],"wp:term":[{"taxonomy":"category","embeddable":true,"href":"https:\/\/www.elsindical.com.ar\/notas\/wp-json\/wp\/v2\/categories?post=138425"},{"taxonomy":"post_tag","embeddable":true,"href":"https:\/\/www.elsindical.com.ar\/notas\/wp-json\/wp\/v2\/tags?post=138425"}],"curies":[{"name":"wp","href":"https:\/\/api.w.org\/{rel}","templated":true}]}}