{"id":138419,"date":"2025-06-14T11:26:08","date_gmt":"2025-06-14T14:26:08","guid":{"rendered":"https:\/\/www.elsindical.com.ar\/notas\/?p=138419"},"modified":"2025-06-14T11:26:14","modified_gmt":"2025-06-14T14:26:14","slug":"paro-y-cese-de-actividades-para-acompanar-a-cristina","status":"publish","type":"post","link":"https:\/\/www.elsindical.com.ar\/notas\/paro-y-cese-de-actividades-para-acompanar-a-cristina\/","title":{"rendered":"Paro y cese de actividades para acompa\u00f1ar a Cristina"},"content":{"rendered":"<div class=\"wp-block-image\">\n<figure class=\"aligncenter size-large\"><a href=\"https:\/\/www.elsindical.com.ar\/notas\/var\/www\/html\/notas\/wp-content\/uploads\/2025\/06\/movilizacion-de-ATE-2025.jpg\"><img loading=\"lazy\" decoding=\"async\" width=\"1024\" height=\"576\" src=\"https:\/\/www.elsindical.com.ar\/notas\/var\/www\/html\/notas\/wp-content\/uploads\/2025\/06\/movilizacion-de-ATE-2025-1024x576.jpg\" alt=\"\" class=\"wp-image-138420\" srcset=\"https:\/\/www.elsindical.com.ar\/notas\/var\/www\/html\/notas\/wp-content\/uploads\/2025\/06\/movilizacion-de-ATE-2025-1024x576.jpg 1024w, https:\/\/www.elsindical.com.ar\/notas\/var\/www\/html\/notas\/wp-content\/uploads\/2025\/06\/movilizacion-de-ATE-2025-300x169.jpg 300w, https:\/\/www.elsindical.com.ar\/notas\/var\/www\/html\/notas\/wp-content\/uploads\/2025\/06\/movilizacion-de-ATE-2025-768x432.jpg 768w, https:\/\/www.elsindical.com.ar\/notas\/var\/www\/html\/notas\/wp-content\/uploads\/2025\/06\/movilizacion-de-ATE-2025-460x260.jpg 460w, https:\/\/www.elsindical.com.ar\/notas\/var\/www\/html\/notas\/wp-content\/uploads\/2025\/06\/movilizacion-de-ATE-2025.jpg 1200w\" sizes=\"auto, (max-width: 1024px) 100vw, 1024px\" \/><\/a><\/figure>\n<\/div>\n\n\n<p>ATE anunci\u00f3 un paro y las dos CTA convocaron a un cese de tareas para acompa\u00f1ar a Cristina Fern\u00e1ndez de Kirchner a Comodoro Py.<\/p>\n\n\n\n<p><strong>La Asociaci\u00f3n de Trabajadores del Estado (ATE)\u00a0dispuso un\u00a0paro de 24 horas\u00a0el pr\u00f3ximo mi\u00e9rcoles para acompa\u00f1ar a Cristina Fern\u00e1ndez de Kirchner a los\u00a0Tribunales de Comodoro Py<\/strong>,\u00a0luego de que la\u00a0Corte Suprema\u00a0ratificara su condena por la causa\u00a0Vialidad.<\/p>\n\n\n\n<p><strong>A su vez, los sindicatos de las dos vertientes de la\u00a0CTA\u00a0anunciaron que cesar\u00e1n actividades ese mi\u00e9rcoles para sumarse a la marcha que prepara el\u00a0PJ<\/strong>.<\/p>\n\n\n\n<p><strong>\u201cTenemos que ir a la huelga y movilizarnos para frenar a una&nbsp;casta judicial&nbsp;que, respondiendo a intereses econ\u00f3micos de minor\u00edas con privilegios en nuestro pa\u00eds, ha decidido terminar con la democracia\u201d<\/strong>, sostuvo el secretario general del gremio de estatales,&nbsp;<strong>Rodolfo Aguiar<\/strong>, en su cuenta de X.<\/p>\n\n\n\n<p>Al respecto, dijo que no se puede \u201cpermitir que una&nbsp;Corte usurpada&nbsp;tenga la facultad de proscribir dirigentes pol\u00edticos en la Argentina\u201d.<\/p>\n\n\n\n<p><strong>\u201cEn este momento, no solo es la resoluci\u00f3n de la Corte la que rompe la paz social, sino tambi\u00e9n un&nbsp;Gobierno nacional&nbsp;que ha perdido toda legitimidad. No podemos seguir tolerando a un Presidente que act\u00fae al margen de la ley y contra la&nbsp;Constituci\u00f3n Nacional<\/strong>\u201c, agreg\u00f3.<\/p>\n\n\n\n<p>Otros gremios, como FATUN (docentes universitarios), convocaron a acompa\u00f1ar a Cristina pero no convoc\u00f3 a una medida de fuerza. Se espera que con el correr de las horas, m\u00e1s sindicatos se sumen a la movilizaci\u00f3n del mi\u00e9rcoles.<\/p>\n","protected":false},"excerpt":{"rendered":"<p>ATE anunci\u00f3 un paro y las dos CTA convocaron a un cese de tareas para acompa\u00f1ar a Cristina Fern\u00e1ndez de Kirchner a Comodoro Py. La Asociaci\u00f3n de Trabajadores del Estado (ATE)\u00a0dispuso un\u00a0paro de 24 horas\u00a0el pr\u00f3ximo mi\u00e9rcoles para acompa\u00f1ar a Cristina Fern\u00e1ndez de Kirchner a los\u00a0Tribunales de Comodoro Py,\u00a0luego de que la\u00a0Corte Suprema\u00a0ratificara su condena&hellip;<\/p>\n","protected":false},"author":1,"featured_media":138420,"comment_status":"open","ping_status":"open","sticky":false,"template":"","format":"standard","meta":{"footnotes":""},"categories":[16],"tags":[290,5045,1205,184,2450,29474,1067],"class_list":["post-138419","post","type-post","status-publish","format-standard","has-post-thumbnail","hentry","category-gremiales","tag-ate","tag-comodoro-py","tag-cristina-fernandez-de-kirchner","tag-cta","tag-diario-el-sindical","tag-paro-y-movilizacion","tag-pj"],"_links":{"self":[{"href":"https:\/\/www.elsindical.com.ar\/notas\/wp-json\/wp\/v2\/posts\/138419","targetHints":{"allow":["GET"]}}],"collection":[{"href":"https:\/\/www.elsindical.com.ar\/notas\/wp-json\/wp\/v2\/posts"}],"about":[{"href":"https:\/\/www.elsindical.com.ar\/notas\/wp-json\/wp\/v2\/types\/post"}],"author":[{"embeddable":true,"href":"https:\/\/www.elsindical.com.ar\/notas\/wp-json\/wp\/v2\/users\/1"}],"replies":[{"embeddable":true,"href":"https:\/\/www.elsindical.com.ar\/notas\/wp-json\/wp\/v2\/comments?post=138419"}],"version-history":[{"count":1,"href":"https:\/\/www.elsindical.com.ar\/notas\/wp-json\/wp\/v2\/posts\/138419\/revisions"}],"predecessor-version":[{"id":138421,"href":"https:\/\/www.elsindical.com.ar\/notas\/wp-json\/wp\/v2\/posts\/138419\/revisions\/138421"}],"wp:featuredmedia":[{"embeddable":true,"href":"https:\/\/www.elsindical.com.ar\/notas\/wp-json\/wp\/v2\/media\/138420"}],"wp:attachment":[{"href":"https:\/\/www.elsindical.com.ar\/notas\/wp-json\/wp\/v2\/media?parent=138419"}],"wp:term":[{"taxonomy":"category","embeddable":true,"href":"https:\/\/www.elsindical.com.ar\/notas\/wp-json\/wp\/v2\/categories?post=138419"},{"taxonomy":"post_tag","embeddable":true,"href":"https:\/\/www.elsindical.com.ar\/notas\/wp-json\/wp\/v2\/tags?post=138419"}],"curies":[{"name":"wp","href":"https:\/\/api.w.org\/{rel}","templated":true}]}}