{"id":13841,"date":"2011-04-26T19:02:49","date_gmt":"2011-04-26T22:02:49","guid":{"rendered":"http:\/\/www.elsindical.com.ar\/notas\/?p=13841"},"modified":"2011-04-26T19:02:49","modified_gmt":"2011-04-26T22:02:49","slug":"zaffaroni-elogio-a-garre-y-tildo-a-la-policia-de-corrupta-y-golpista","status":"publish","type":"post","link":"https:\/\/www.elsindical.com.ar\/notas\/zaffaroni-elogio-a-garre-y-tildo-a-la-policia-de-corrupta-y-golpista\/","title":{"rendered":"Zaffaroni elogi\u00f3 a Garr\u00e9 y tild\u00f3 a la Polic\u00eda de \u00abcorrupta\u00bb y \u00abgolpista\u00bb"},"content":{"rendered":"<p style=\"text-align: justify;\"><em><a href=\"http:\/\/www.elsindical.com.ar\/notas\/var\/www\/html\/notas\/wp-content\/uploads\/2011\/04\/Juez-Eugenio-Zaffaroni.jpg\"><img loading=\"lazy\" decoding=\"async\" class=\"alignleft size-medium wp-image-13842\" title=\"Juez-Eugenio-Zaffaroni\" src=\"http:\/\/www.elsindical.com.ar\/notas\/var\/www\/html\/notas\/wp-content\/uploads\/2011\/04\/Juez-Eugenio-Zaffaroni-300x221.jpg\" alt=\"\" width=\"300\" height=\"221\" srcset=\"https:\/\/www.elsindical.com.ar\/notas\/var\/www\/html\/notas\/wp-content\/uploads\/2011\/04\/Juez-Eugenio-Zaffaroni-300x221.jpg 300w, https:\/\/www.elsindical.com.ar\/notas\/var\/www\/html\/notas\/wp-content\/uploads\/2011\/04\/Juez-Eugenio-Zaffaroni.jpg 325w\" sizes=\"auto, (max-width: 300px) 100vw, 300px\" \/><\/a>El juez de la Corte dijo que la funcionaria \u00abresolvi\u00f3 una deuda de la democracia\u00bb. Sin embargo, carg\u00f3 con todo contra las fuerzas de seguridad.<\/em><\/p>\n<p style=\"text-align: justify;\">El juez de la Corte Suprema\u00a0m\u00e1s cercano al kirchnerismo, Eugenio Zaffaroni, elogi\u00f3 la gesti\u00f3n de <strong>Nilda Garr\u00e9<\/strong> al frente del Ministerio de Seguridad, pero critic\u00f3 la \u00ab<strong>corrupci\u00f3n<\/strong>\u00ab, la \u00abtendencia a dar golpes de Estado\u00bb y de <strong>\u00abfinanciar a los caudillos locales<\/strong>\u00bb que hoy tiene la Polic\u00eda.<\/p>\n<p style=\"text-align: justify;\">\u00a0<\/p>\n<p style=\"text-align: justify;\">Seg\u00fan el magistrado, \u201cpor fin estamos tratando de resolver una deuda que ten\u00edamos desde el &#8217;83: <strong>no hab\u00edamos redefinido nuestro modelo de Polic\u00eda\u00bb<\/strong>, afirm\u00f3 en alusi\u00f3n a la funcionaria K.<\/p>\n<p style=\"text-align: justify;\">\u00a0<\/p>\n<p style=\"text-align: justify;\">A una semana de presentar su nuevo libro,\u00a0 el ministro del M\u00e1ximo Tribunal advirti\u00f3 sobre la<em> <\/em><strong>\u00abcorrupci\u00f3n insistucional<\/strong>\u00bb de la Polic\u00eda, sin especificar si hablaba de la Federal o la Bonaerense.<\/p>\n<p style=\"text-align: justify;\">\u00a0<\/p>\n<p style=\"text-align: justify;\">\u201cLa corrupci\u00f3n de la instituci\u00f3n policial <strong>no tiene que ver con los bajos sueldos<\/strong>. Yo la llamo <strong>\u00e1mbito de recaudaci\u00f3n aut\u00f3noma<\/strong>. Esto lo toler\u00f3 la estructura pol\u00edtica, cambi\u00f3 recaudaci\u00f3n aut\u00f3noma por condiciones de gobernabilidad, que funciona desde el 1800&#8243;, explic\u00f3 el alto magistrado.<\/p>\n<p style=\"text-align: justify;\">Entrevistado por Ernesto Tenembaum en <em>Radio Mitre<\/em>, Zaffaroni tambi\u00e9n denunci\u00f3 que \u201cel \u00e1mbito de recaudaci\u00f3n aut\u00f3noma de la Polic\u00eda <strong>financia el caudillismo local<\/strong> y eso <strong>corrompe los partidos pol\u00edticos<\/strong> desde su base\u201d.<\/p>\n<p style=\"text-align: justify;\">Eso no fue todo. El juez de la Corte insisti\u00f3 en que \u201cdentro de la Polic\u00eda <strong>suceden fabricaci\u00f3n de delitos<\/strong>, se manda gente en <strong>zona liberada<\/strong> para fabricar el delito, esas cosas existen y las vemos\u201d. Es m\u00e1s, Zaffaroni opin\u00f3 que \u201choy<strong> los golpes de Estado tienden a darlos la Polic\u00eda<\/strong>\u201d, como ocurri\u00f3 en Ecuador.<\/p>\n<p style=\"text-align: justify;\">Sobre el demorado saneamiento del Riachuelo, Zaffaroni asegur\u00f3 que \u201cno estamos del todo conformes, estamos preparando una nueva audiencia. <strong>Ahora queremos respuestas puntuales<\/strong>. Estamos pensando en hacer una inspecci\u00f3n ocular por v\u00eda a\u00e9rea y terrestre\u201d, agreg\u00f3. El llamada apunta a la ACUMAR, la Naci\u00f3n, la Provincia y la Ciudad, los corresponsables de la limpieza del contaminado r\u00edo.<\/p>\n<p style=\"text-align: justify;\">El ministro de la Corte presentar\u00e1 el 1\u00ba de mayo en la Feria del Libro su nueva obra <em>La palabra de los muertos. Conferencia de Criminolog\u00eda cautelar<\/em>. Seg\u00fan adelant\u00f3, en la obra \u00abse destaca lo que la criminolog\u00eda olvid\u00f3: el genocidio, que lo produce el propio sistema\u00bb. El pr\u00f3logo fue escrito por el poeta <strong>Juan Gelman<\/strong> y la contratapa por el escritor uruguayo <strong>Eduardo Galeano.<\/strong><\/p>\n","protected":false},"excerpt":{"rendered":"<p>El juez de la Corte dijo que la funcionaria \u00abresolvi\u00f3 una deuda de la democracia\u00bb. Sin embargo, carg\u00f3 con todo contra las fuerzas de seguridad. El juez de la Corte Suprema\u00a0m\u00e1s cercano al kirchnerismo, Eugenio Zaffaroni, elogi\u00f3 la gesti\u00f3n de Nilda Garr\u00e9 al frente del Ministerio de Seguridad, pero critic\u00f3 la \u00abcorrupci\u00f3n\u00ab, la \u00abtendencia a&hellip;<\/p>\n","protected":false},"author":1,"featured_media":0,"comment_status":"open","ping_status":"open","sticky":false,"template":"","format":"standard","meta":{"footnotes":""},"categories":[13],"tags":[6659,733,6660,189,5660,502],"class_list":["post-13841","post","type-post","status-publish","format-standard","hentry","category-politica","tag-corrupta","tag-corte-suprema","tag-golpista","tag-juez","tag-ministro-de-seguridad-nilda-garre","tag-policia-federal-argentina"],"_links":{"self":[{"href":"https:\/\/www.elsindical.com.ar\/notas\/wp-json\/wp\/v2\/posts\/13841","targetHints":{"allow":["GET"]}}],"collection":[{"href":"https:\/\/www.elsindical.com.ar\/notas\/wp-json\/wp\/v2\/posts"}],"about":[{"href":"https:\/\/www.elsindical.com.ar\/notas\/wp-json\/wp\/v2\/types\/post"}],"author":[{"embeddable":true,"href":"https:\/\/www.elsindical.com.ar\/notas\/wp-json\/wp\/v2\/users\/1"}],"replies":[{"embeddable":true,"href":"https:\/\/www.elsindical.com.ar\/notas\/wp-json\/wp\/v2\/comments?post=13841"}],"version-history":[{"count":2,"href":"https:\/\/www.elsindical.com.ar\/notas\/wp-json\/wp\/v2\/posts\/13841\/revisions"}],"predecessor-version":[{"id":13844,"href":"https:\/\/www.elsindical.com.ar\/notas\/wp-json\/wp\/v2\/posts\/13841\/revisions\/13844"}],"wp:attachment":[{"href":"https:\/\/www.elsindical.com.ar\/notas\/wp-json\/wp\/v2\/media?parent=13841"}],"wp:term":[{"taxonomy":"category","embeddable":true,"href":"https:\/\/www.elsindical.com.ar\/notas\/wp-json\/wp\/v2\/categories?post=13841"},{"taxonomy":"post_tag","embeddable":true,"href":"https:\/\/www.elsindical.com.ar\/notas\/wp-json\/wp\/v2\/tags?post=13841"}],"curies":[{"name":"wp","href":"https:\/\/api.w.org\/{rel}","templated":true}]}}