{"id":138391,"date":"2025-06-12T16:07:58","date_gmt":"2025-06-12T19:07:58","guid":{"rendered":"https:\/\/www.elsindical.com.ar\/notas\/?p=138391"},"modified":"2025-06-12T16:08:03","modified_gmt":"2025-06-12T19:08:03","slug":"felicitas-alvites-la-toretto-se-burla-de-la-justicia-y-la-familia-de-su-victima","status":"publish","type":"post","link":"https:\/\/www.elsindical.com.ar\/notas\/felicitas-alvites-la-toretto-se-burla-de-la-justicia-y-la-familia-de-su-victima\/","title":{"rendered":"Felicitas Alvites \u00abla Toretto\u00bb se burla de la justicia y la familia de su v\u00edctima"},"content":{"rendered":"<div class=\"wp-block-image\">\n<figure class=\"aligncenter size-full\"><a href=\"https:\/\/www.elsindical.com.ar\/notas\/var\/www\/html\/notas\/wp-content\/uploads\/2025\/06\/Felicitas-Alvite-asesina.jpg\"><img loading=\"lazy\" decoding=\"async\" width=\"700\" height=\"350\" src=\"https:\/\/www.elsindical.com.ar\/notas\/var\/www\/html\/notas\/wp-content\/uploads\/2025\/06\/Felicitas-Alvite-asesina.jpg\" alt=\"\" class=\"wp-image-138392\" srcset=\"https:\/\/www.elsindical.com.ar\/notas\/var\/www\/html\/notas\/wp-content\/uploads\/2025\/06\/Felicitas-Alvite-asesina.jpg 700w, https:\/\/www.elsindical.com.ar\/notas\/var\/www\/html\/notas\/wp-content\/uploads\/2025\/06\/Felicitas-Alvite-asesina-300x150.jpg 300w\" sizes=\"auto, (max-width: 700px) 100vw, 700px\" \/><\/a><\/figure>\n<\/div>\n\n\n<p>La Toretto volvi\u00f3 a aparecer en las redes sociales despu\u00e9s de ser beneficiada con prisi\u00f3n domiciliario. La influencer mostr\u00f3 su cambio de look y la familia de Walter Armand estall\u00f3 con indignaci\u00f3n.<\/p>\n\n\n\n<p>A pocos meses de que <strong>Felicitas Alvite, <\/strong>mejor conocida como<strong> \u201cLa Toretto\u201d<\/strong> <strong>haya recibido el beneficio de prisi\u00f3n domiciliaria,<\/strong> la influencer <strong>reabri\u00f3 su cuneta de Instagram y mostr\u00f3 un cambio de look.<\/strong> <strong>La familia de Walter Armand, el hombre que atropell\u00f3 y mat\u00f3, <\/strong>sali\u00f3 a mostrar su <strong>indignaci\u00f3n<\/strong> en las redes sociales.<\/p>\n\n\n\n<p>El incidente ocurri\u00f3 en <strong>abril de 2024: \u201cLa Toretto\u201d fue acusada de matar a un motociclista con dolo eventual tras correr una picada en La Plata.<\/strong> Un a\u00f1o despu\u00e9s, en <strong>abril de 2025,<\/strong> la joven fue <strong>beneficiada de libertad condicional, <\/strong>lo que implica la prisi\u00f3n domiciliaria. De esta manera,<strong> Felicitas Alvite<\/strong> pudo volver a vivir son su familia, desatando la furia de aquellos que duelan a <strong>Walter Armand.<\/strong><\/p>\n\n\n\n<h2 class=\"wp-block-heading\"><strong>Qu\u00e9 dijo la familia de la v\u00edctima de el regreso de La Toretto a las redes sociales<\/strong><\/h2>\n\n\n\n<p>Los familiares de <strong>Walter Armand no dudaron en demostrar su indignaci\u00f3n<\/strong> frente a la impunidad de<strong> \u201cLa Toretto\u201d. <\/strong>\u201cAbri\u00f3 devuelta su Instagram. Pasemos todos a dejarle un saludo y <strong>que no se olvide la mier*** que es\u201d,<\/strong> expresaron a trav\u00e9s de un perfil de <em>Instagram<\/em> abierto en <strong>2024 <\/strong>con el prop\u00f3sito de <strong>pedir justicia.<\/strong><\/p>\n\n\n\n<p>\u201cElla<strong> devuelta<\/strong> <strong>como si nada en su casa con sus amigos y familiares<\/strong>, mientras que <strong>Walter est\u00e1 en un cementerio<\/strong>. No te sorprendas si te la cruzas en City Bell\u00bb, agregaron. Las declaraciones se publicaron en distintas historias de <em>Instagram,<\/em> en las que mostraban el perfil de la acusada, quien<strong> luc\u00eda un nuevo color de pelo.<\/strong><\/p>\n\n\n\n<h2 class=\"wp-block-heading\"><strong>El descargo de los familiares de Walter Armand por la reaparici\u00f3n de La Toretto<\/strong><\/h2>\n\n\n\n<p>Luego de un breve mensaje en sus historias, la cuenta <strong>@justiciaxwalter <\/strong>comparti\u00f3 una publicaci\u00f3n con la cara de <strong>Felicitas Alvite<\/strong> en la portada. \u201cDespu\u00e9s de un a\u00f1o, <strong>Felicitas Alvite volvi\u00f3 a su casa con su familia y amigos,<\/strong> cambi\u00f3 de look, abri\u00f3 <em>Instagram <\/em>devuelta\u201d, comenz\u00f3 el descargo.<\/p>\n\n\n\n<p><strong>\u201cNo tiene el m\u00e1s m\u00ednimo de remordimiento<\/strong>, mientras Walter est\u00e1 en un cementerio,<strong> su familia muerta en vida<\/strong>. \u201cNo nos olvidemos nunca de esta <strong>cara de la<\/strong> <strong>asesina al volante<\/strong>. La justicia es lenta, pero <strong>no nos vamos a quedar con los brazos cruzados<\/strong>. Te lo vamos a recordar cada d\u00eda de tu vida lo que hiciste\u201d, cerr\u00f3<strong> la familia de Walter Armand.<\/strong><\/p>\n","protected":false},"excerpt":{"rendered":"<p>La Toretto volvi\u00f3 a aparecer en las redes sociales despu\u00e9s de ser beneficiada con prisi\u00f3n domiciliario. La influencer mostr\u00f3 su cambio de look y la familia de Walter Armand estall\u00f3 con indignaci\u00f3n. A pocos meses de que Felicitas Alvite, mejor conocida como \u201cLa Toretto\u201d haya recibido el beneficio de prisi\u00f3n domiciliaria, la influencer reabri\u00f3 su&hellip;<\/p>\n","protected":false},"author":1,"featured_media":138392,"comment_status":"open","ping_status":"open","sticky":false,"template":"","format":"standard","meta":{"footnotes":""},"categories":[6],"tags":[2999,377,2450,42711,2329,239,44373,2605,45392],"class_list":["post-138391","post","type-post","status-publish","format-standard","has-post-thumbnail","hentry","category-denuncias","tag-arresto-domiciliario","tag-city-bell","tag-diario-el-sindical","tag-felicitas-alvite","tag-homicidio","tag-la-plata","tag-la-toretto","tag-redes-sociales","tag-walter-armand"],"_links":{"self":[{"href":"https:\/\/www.elsindical.com.ar\/notas\/wp-json\/wp\/v2\/posts\/138391","targetHints":{"allow":["GET"]}}],"collection":[{"href":"https:\/\/www.elsindical.com.ar\/notas\/wp-json\/wp\/v2\/posts"}],"about":[{"href":"https:\/\/www.elsindical.com.ar\/notas\/wp-json\/wp\/v2\/types\/post"}],"author":[{"embeddable":true,"href":"https:\/\/www.elsindical.com.ar\/notas\/wp-json\/wp\/v2\/users\/1"}],"replies":[{"embeddable":true,"href":"https:\/\/www.elsindical.com.ar\/notas\/wp-json\/wp\/v2\/comments?post=138391"}],"version-history":[{"count":1,"href":"https:\/\/www.elsindical.com.ar\/notas\/wp-json\/wp\/v2\/posts\/138391\/revisions"}],"predecessor-version":[{"id":138393,"href":"https:\/\/www.elsindical.com.ar\/notas\/wp-json\/wp\/v2\/posts\/138391\/revisions\/138393"}],"wp:featuredmedia":[{"embeddable":true,"href":"https:\/\/www.elsindical.com.ar\/notas\/wp-json\/wp\/v2\/media\/138392"}],"wp:attachment":[{"href":"https:\/\/www.elsindical.com.ar\/notas\/wp-json\/wp\/v2\/media?parent=138391"}],"wp:term":[{"taxonomy":"category","embeddable":true,"href":"https:\/\/www.elsindical.com.ar\/notas\/wp-json\/wp\/v2\/categories?post=138391"},{"taxonomy":"post_tag","embeddable":true,"href":"https:\/\/www.elsindical.com.ar\/notas\/wp-json\/wp\/v2\/tags?post=138391"}],"curies":[{"name":"wp","href":"https:\/\/api.w.org\/{rel}","templated":true}]}}