{"id":138336,"date":"2025-06-09T02:05:27","date_gmt":"2025-06-09T05:05:27","guid":{"rendered":"https:\/\/www.elsindical.com.ar\/notas\/?p=138336"},"modified":"2025-06-09T02:53:17","modified_gmt":"2025-06-09T05:53:17","slug":"alejandra-sobrado-nueva-denuncia-a-una-jueza-que-ahora-reconoce-que-no-sabe-lo-que-firma","status":"publish","type":"post","link":"https:\/\/www.elsindical.com.ar\/notas\/alejandra-sobrado-nueva-denuncia-a-una-jueza-que-ahora-reconoce-que-no-sabe-lo-que-firma\/","title":{"rendered":"Alejandra Sobrado, nueva denuncia a una Jueza que ahora reconoce que no sabe lo que firma"},"content":{"rendered":"<div class=\"wp-block-image\">\n<figure class=\"aligncenter size-full is-resized\"><a href=\"https:\/\/www.elsindical.com.ar\/notas\/var\/www\/html\/notas\/wp-content\/uploads\/2025\/06\/Jueza-Sobrado-no-sabe-lo-que-firma.jpg\"><img loading=\"lazy\" decoding=\"async\" width=\"700\" height=\"363\" src=\"https:\/\/www.elsindical.com.ar\/notas\/var\/www\/html\/notas\/wp-content\/uploads\/2025\/06\/Jueza-Sobrado-no-sabe-lo-que-firma.jpg\" alt=\"\" class=\"wp-image-138337\" style=\"width:754px;height:auto\" srcset=\"https:\/\/www.elsindical.com.ar\/notas\/var\/www\/html\/notas\/wp-content\/uploads\/2025\/06\/Jueza-Sobrado-no-sabe-lo-que-firma.jpg 700w, https:\/\/www.elsindical.com.ar\/notas\/var\/www\/html\/notas\/wp-content\/uploads\/2025\/06\/Jueza-Sobrado-no-sabe-lo-que-firma-300x156.jpg 300w\" sizes=\"auto, (max-width: 700px) 100vw, 700px\" \/><\/a><\/figure>\n<\/div>\n\n\n<p>   La Jueza de <strong>Familia del Juzgado N\u00b0 2 del Departamento Judicial de Avellaneda-Lan\u00fas<\/strong>, <strong>Alejandra Sobrado<\/strong>, a vuelto a ser denunciado por un justiciable, al que en una audiencia le reconoci\u00f3 entre otras cosas <strong>QUE NO SABE LO QUE FIRMA<\/strong>.<\/p>\n\n\n\n<p>Si bien por sus pol\u00e9micos fallos es m\u00e1s que evidente que o no sabe lo que firma o tiene una incapacidad manifiesta para ejercer la magistratura o ambas cosas, pero m\u00e1s grave que la conducta de Sobrado como jueza, es la posici\u00f3n de los responsables de la Oficina de <strong>Control Disciplinario de la Corte Bonaerense<\/strong>, a cargo de la Subsecretaria  <strong>Nora Claudia Farina<\/strong>, que por experiencia personal de seguir varios casos con denuncias a magistrados y empleados judiciales, avala conductas que adem\u00e1s del reproche administrativo interno, merecen una investigaci\u00f3n judicial.<\/p>\n\n\n\n<p>En el caso de Sobrado no solo su labor judicial merec\u00eda haber sido de m\u00ednima observada, sino tambi\u00e9n la composici\u00f3n de su juzgado con nombramientos de funcionarios y empleados puestos a dedo, algunos sin la idoneidad requerida para el cargo y otros por manifiestas incompatibilidades pero de eso me voy a extender en otra oportunidad.<\/p>\n\n\n\n<p>El derecho, en todas sus ramas debe dar certeza, algo distinto a todo lo que hoy perciben la mayor\u00eda de los ciudadanos y que en les encuestar ubican al Poder Judicial como una de las instituciones que la poblaci\u00f3n percibe m\u00e1s corruptas.<\/p>\n\n\n\n<p>La nueva denuncia contra la Jueza Alejandra Sobrado, realizada por <strong>Rom\u00e1n Rodr\u00edguez<\/strong> llego a la T<strong>V P\u00fablica<\/strong> en el programa <strong>\u00abLas dos caras de la justicia\u00bb<\/strong>.<\/p>\n\n\n\n<p>Una vez m\u00e1s el tiempo y los hechos confirman, que cuando advert\u00ed que Alejandra Sobrado no honraba la magistratura, no estaba equivocado ni haciendo una apreciaci\u00f3n subjetiva, en el medio cientos de fallos de esta jueza han perjudicado familias, da\u00f1ado v\u00ednculo y perjudicado a ni\u00f1os, tambi\u00e9n para los que quieran buscar, van a encontrar que fue mencionada como responsable de no haber actuado con profesionalidad en el caso del nieto que mat\u00f3 a su abuelo e intent\u00f3 enterrarlo en el fondo de la vivienda.<\/p>\n\n\n\n<p><strong>Dami\u00e1n Rodrigo<\/strong> <strong>Tello<\/strong> un tatuador, de 35 a\u00f1os con presencia en redes sociales, mat\u00f3 a su tutor y abuelo materno <strong>Antonio Carrano <\/strong>de 84 a\u00f1os.  La familia luego del crimen denunciaron que no lograron la internaci\u00f3n del asesino por parte del Juzgado de Familia a cargo de Sobrado y a pesar de la inestabilidad mental manifiesta en las publicaciones en redes sociales de Tello nadie hizo nada para evitar el homicidio.<\/p>\n\n\n\n<figure class=\"wp-block-embed is-type-video is-provider-youtube wp-block-embed-youtube wp-embed-aspect-16-9 wp-has-aspect-ratio\"><div class=\"wp-block-embed__wrapper\">\n<iframe loading=\"lazy\" title=\"A\u00f1ejandra Sobrado nueva denuncia a una Jueza que ahora dice que no sabe lo que firma\" width=\"700\" height=\"394\" src=\"https:\/\/www.youtube.com\/embed\/Ga9Wa1a-tvU?feature=oembed\" frameborder=\"0\" allow=\"accelerometer; autoplay; clipboard-write; encrypted-media; gyroscope; picture-in-picture; web-share\" referrerpolicy=\"strict-origin-when-cross-origin\" allowfullscreen><\/iframe>\n<\/div><\/figure>\n\n\n\n<p>Por Marcelo Ricardo Hawrylciw<\/p>\n","protected":false},"excerpt":{"rendered":"<p>La Jueza de Familia del Juzgado N\u00b0 2 del Departamento Judicial de Avellaneda-Lan\u00fas, Alejandra Sobrado, a vuelto a ser denunciado por un justiciable, al que en una audiencia le reconoci\u00f3 entre otras cosas QUE NO SABE LO QUE FIRMA. Si bien por sus pol\u00e9micos fallos es m\u00e1s que evidente que o no sabe lo que&hellip;<\/p>\n","protected":false},"author":1,"featured_media":138337,"comment_status":"open","ping_status":"open","sticky":false,"template":"","format":"standard","meta":{"footnotes":""},"categories":[6,10],"tags":[23286,2450,27817,45371,45374,45372,45373,20093],"class_list":["post-138336","post","type-post","status-publish","format-standard","has-post-thumbnail","hentry","category-denuncias","category-editorial","tag-control-disciplinario-de-la-corte-bonaerense","tag-diario-el-sindical","tag-jueza-alejandra-sobrado","tag-juzgado-de-familia-n-2-avellaneda-lanus","tag-las-dos-caras-de-la-justicia","tag-nora-claudia-farina","tag-roman-rodriguez","tag-tv-publica"],"_links":{"self":[{"href":"https:\/\/www.elsindical.com.ar\/notas\/wp-json\/wp\/v2\/posts\/138336","targetHints":{"allow":["GET"]}}],"collection":[{"href":"https:\/\/www.elsindical.com.ar\/notas\/wp-json\/wp\/v2\/posts"}],"about":[{"href":"https:\/\/www.elsindical.com.ar\/notas\/wp-json\/wp\/v2\/types\/post"}],"author":[{"embeddable":true,"href":"https:\/\/www.elsindical.com.ar\/notas\/wp-json\/wp\/v2\/users\/1"}],"replies":[{"embeddable":true,"href":"https:\/\/www.elsindical.com.ar\/notas\/wp-json\/wp\/v2\/comments?post=138336"}],"version-history":[{"count":2,"href":"https:\/\/www.elsindical.com.ar\/notas\/wp-json\/wp\/v2\/posts\/138336\/revisions"}],"predecessor-version":[{"id":138339,"href":"https:\/\/www.elsindical.com.ar\/notas\/wp-json\/wp\/v2\/posts\/138336\/revisions\/138339"}],"wp:featuredmedia":[{"embeddable":true,"href":"https:\/\/www.elsindical.com.ar\/notas\/wp-json\/wp\/v2\/media\/138337"}],"wp:attachment":[{"href":"https:\/\/www.elsindical.com.ar\/notas\/wp-json\/wp\/v2\/media?parent=138336"}],"wp:term":[{"taxonomy":"category","embeddable":true,"href":"https:\/\/www.elsindical.com.ar\/notas\/wp-json\/wp\/v2\/categories?post=138336"},{"taxonomy":"post_tag","embeddable":true,"href":"https:\/\/www.elsindical.com.ar\/notas\/wp-json\/wp\/v2\/tags?post=138336"}],"curies":[{"name":"wp","href":"https:\/\/api.w.org\/{rel}","templated":true}]}}