{"id":138315,"date":"2025-06-08T20:01:56","date_gmt":"2025-06-08T23:01:56","guid":{"rendered":"https:\/\/www.elsindical.com.ar\/notas\/?p=138315"},"modified":"2025-06-08T20:08:39","modified_gmt":"2025-06-08T23:08:39","slug":"carignano-denuncio-penalmente-a-milman-por-amenazas-tras-un-cruce-en-diputados","status":"publish","type":"post","link":"https:\/\/www.elsindical.com.ar\/notas\/carignano-denuncio-penalmente-a-milman-por-amenazas-tras-un-cruce-en-diputados\/","title":{"rendered":"Carignano denunci\u00f3 penalmente a Milman por amenazas tras un cruce en Diputados"},"content":{"rendered":"<div class=\"wp-block-image\">\n<figure class=\"aligncenter size-full\"><a href=\"https:\/\/www.elsindical.com.ar\/notas\/var\/www\/html\/notas\/wp-content\/uploads\/2025\/06\/Carignano-y-Milman.jpg\"><img loading=\"lazy\" decoding=\"async\" width=\"600\" height=\"424\" src=\"https:\/\/www.elsindical.com.ar\/notas\/var\/www\/html\/notas\/wp-content\/uploads\/2025\/06\/Carignano-y-Milman.jpg\" alt=\"\" class=\"wp-image-138317\" srcset=\"https:\/\/www.elsindical.com.ar\/notas\/var\/www\/html\/notas\/wp-content\/uploads\/2025\/06\/Carignano-y-Milman.jpg 600w, https:\/\/www.elsindical.com.ar\/notas\/var\/www\/html\/notas\/wp-content\/uploads\/2025\/06\/Carignano-y-Milman-300x212.jpg 300w\" sizes=\"auto, (max-width: 600px) 100vw, 600px\" \/><\/a><\/figure>\n<\/div>\n\n\n<p class=\"wp-block-paragraph\">La diputada nacional <strong>Florencia Carignano present\u00f3 una demanda contra su par del PRO Gerardo Milman<\/strong> luego del cruce de declaraciones que mantuvieron en la sesi\u00f3n de la C\u00e1mara de Diputados de este jueves, por la supuesta responsabilidad de el exsecretario de Seguridad en el intento de magnicidio contra Cristina Kirchner, y las posteriores declaraciones de \u00e9l contra la legisladora.&nbsp;<\/p>\n\n\n\n<p class=\"wp-block-paragraph\">Carignano present\u00f3 una demanda penal contra Milman por amenazas y <strong>solicit\u00f3 que se adopten medidas preventivas para garantizar su integridad y el libre ejercicio de sus funciones como legisladora<\/strong>. El pedido fue no solo por los cruces de la sesi\u00f3n sino por frases posteriores de Milman en medios de comunicaci\u00f3n y redes sociales.&nbsp;<\/p>\n\n\n\n<p class=\"wp-block-paragraph\">\u00abSi le pasa algo a la diputada Carignano tengo otro problema porque me van a acusar de ser el autor de la amenaza. <strong>Ojal\u00e1 no le pase nada<\/strong>, por Dios. <strong>Pero algo tengo que hacer<\/strong>, no puedo dejar las cosas as\u00ed\u00bb, sostuvo Milman, quien tambi\u00e9n anticip\u00f3 que se presentar\u00e1 ante el Poder Judicial para reparar su reputaci\u00f3n y \u00abbuen nombre\u00bb.&nbsp;<\/p>\n\n\n\n<p class=\"wp-block-paragraph\">El diputado del PRO, exsecretario de Seguridad y jefe de campa\u00f1a de Patricia Bullrich-hasta el intento de magnicidio contra Cristina Kirchner- solicit\u00f3 una cuesti\u00f3n de privilegio para apuntar contra Carignano, quien lo hab\u00eda se\u00f1alado por las investigaciones que pesan sobre \u00e9l respecto de su accionar en el d\u00eda previo al intento de asesinato de la expresidenta.<\/p>\n\n\n\n<p class=\"wp-block-paragraph\">En ese momento de la sesi\u00f3n, la diputada de Uni\u00f3n por la Patria y ex directora de Migraciones tambi\u00e9n tom\u00f3 la palabra para defenderse y <strong>mantuvo cruces con las diputadas de La Libertad Avanza&nbsp;Lilia Lemoine y&nbsp;Juliana Santill\u00e1n<\/strong>. \u00abCelebro que, en el marco de la democracia, no nos hayas gatillado como intentaste hacer con Cristina Kirchner. Y s\u00ed, sigo pensando que la quisiste matar. Y sigo pensando que ten\u00e9s que demostrar en la justicia qu\u00e9 pas\u00f3 con tu tel\u00e9fono, qu\u00e9 pas\u00f3 con los gatos que ten\u00edas de secretaria y con toda la yunta que andabas por ah\u00ed y dijiste: &#8216;Cuando la maten a Cristina, yo ya voy a ir estar yendo a la costa\u00bb.&nbsp;&nbsp;<\/p>\n\n\n\n<p class=\"wp-block-paragraph\">Carignano anunci\u00f3 este viernes por la tarde que present\u00f3 la demanda contra Milman por las declaraciones p\u00fablicas que emiti\u00f3 en medios de comunicaci\u00f3n masivos y redes sociales, a las que consider\u00f3 <strong>\u00abexpresiones que revisten gravedad penal y jur\u00eddica, las cuales incluyeron expresiones intimidatorias\u00bb<\/strong>. Y record\u00f3 que \u00ablas declaraciones fueron acompa\u00f1adas, dentro del recinto parlamentario, de miradas y actitudes desafiantes e intimidatorias\u00bb.<\/p>\n\n\n\n<p class=\"wp-block-paragraph\">\u00abEstas expresiones no constituyen simples opiniones ni declaraciones pol\u00edticas gen\u00e9ricas, <strong>son amenazas veladas y tentativas de coacci\u00f3n que insin\u00faan un mal futuro<\/strong>, dirigido a condicionar mi accionar institucional, buscando forzar una retractaci\u00f3n p\u00fablica bajo coacci\u00f3n\u00bb, sostuvo la diputada de UxP.&nbsp;<\/p>\n\n\n\n<p class=\"wp-block-paragraph\">Por su parte, <strong>Milman sostuvo que impulsar\u00e1&nbsp;\u00abmedidas para reparar el da\u00f1o producido y la falta de decoro por parte de la diputada Carignano\u00bb<\/strong>. Milman se\u00f1al\u00f3 que estaba \u00abconsultando con las autoridades de la C\u00e1mara y letrados para tomar medidas, en los \u00e1mbitos institucionales que correspondan, contra Carignano, por sus dichos improcedentes en la sesi\u00f3n pasada, en materia de cuestiones que la han afectado de manera directa en sus acciones\u00bb.<\/p>\n\n\n\n<figure class=\"wp-block-embed is-type-video is-provider-youtube wp-block-embed-youtube wp-embed-aspect-16-9 wp-has-aspect-ratio\"><div class=\"wp-block-embed__wrapper\">\n<iframe loading=\"lazy\" title=\"Carignano denunci\u00f3 penalmente a Gerardo Milman\" width=\"700\" height=\"394\" src=\"https:\/\/www.youtube.com\/embed\/_Cv9Q6SeVqU?feature=oembed\" frameborder=\"0\" allow=\"accelerometer; autoplay; clipboard-write; encrypted-media; gyroscope; picture-in-picture; web-share\" referrerpolicy=\"strict-origin-when-cross-origin\" allowfullscreen><\/iframe>\n<\/div><\/figure>\n","protected":false},"excerpt":{"rendered":"<p>La diputada nacional Florencia Carignano present\u00f3 una demanda contra su par del PRO Gerardo Milman luego del cruce de declaraciones que mantuvieron en la sesi\u00f3n de la C\u00e1mara de Diputados de este jueves, por la supuesta responsabilidad de el exsecretario de Seguridad en el intento de magnicidio contra Cristina Kirchner, y las posteriores declaraciones de&hellip;<\/p>\n","protected":false},"author":1,"featured_media":138317,"comment_status":"open","ping_status":"open","sticky":false,"template":"","format":"standard","meta":{"footnotes":""},"categories":[1],"tags":[2450,34343,29974,45346,40899,40628,328],"class_list":["post-138315","post","type-post","status-publish","format-standard","has-post-thumbnail","hentry","category-destacadas","tag-diario-el-sindical","tag-florencia-carignano","tag-gerardo-millman","tag-juliana-santillan","tag-lilia-lemoine","tag-lla","tag-pro"],"_links":{"self":[{"href":"https:\/\/www.elsindical.com.ar\/notas\/wp-json\/wp\/v2\/posts\/138315","targetHints":{"allow":["GET"]}}],"collection":[{"href":"https:\/\/www.elsindical.com.ar\/notas\/wp-json\/wp\/v2\/posts"}],"about":[{"href":"https:\/\/www.elsindical.com.ar\/notas\/wp-json\/wp\/v2\/types\/post"}],"author":[{"embeddable":true,"href":"https:\/\/www.elsindical.com.ar\/notas\/wp-json\/wp\/v2\/users\/1"}],"replies":[{"embeddable":true,"href":"https:\/\/www.elsindical.com.ar\/notas\/wp-json\/wp\/v2\/comments?post=138315"}],"version-history":[{"count":3,"href":"https:\/\/www.elsindical.com.ar\/notas\/wp-json\/wp\/v2\/posts\/138315\/revisions"}],"predecessor-version":[{"id":138319,"href":"https:\/\/www.elsindical.com.ar\/notas\/wp-json\/wp\/v2\/posts\/138315\/revisions\/138319"}],"wp:featuredmedia":[{"embeddable":true,"href":"https:\/\/www.elsindical.com.ar\/notas\/wp-json\/wp\/v2\/media\/138317"}],"wp:attachment":[{"href":"https:\/\/www.elsindical.com.ar\/notas\/wp-json\/wp\/v2\/media?parent=138315"}],"wp:term":[{"taxonomy":"category","embeddable":true,"href":"https:\/\/www.elsindical.com.ar\/notas\/wp-json\/wp\/v2\/categories?post=138315"},{"taxonomy":"post_tag","embeddable":true,"href":"https:\/\/www.elsindical.com.ar\/notas\/wp-json\/wp\/v2\/tags?post=138315"}],"curies":[{"name":"wp","href":"https:\/\/api.w.org\/{rel}","templated":true}]}}