{"id":13822,"date":"2011-04-26T17:53:33","date_gmt":"2011-04-26T20:53:33","guid":{"rendered":"http:\/\/www.elsindical.com.ar\/notas\/?p=13822"},"modified":"2011-04-26T17:53:33","modified_gmt":"2011-04-26T20:53:33","slug":"aumentaron-20-las-denuncias-de-violencia-domestica-en-la-corte","status":"publish","type":"post","link":"https:\/\/www.elsindical.com.ar\/notas\/aumentaron-20-las-denuncias-de-violencia-domestica-en-la-corte\/","title":{"rendered":"Aumentaron 20% las denuncias de violencia dom\u00e9stica en la Corte"},"content":{"rendered":"<p style=\"text-align: justify;\"><em><a href=\"http:\/\/www.elsindical.com.ar\/notas\/var\/www\/html\/notas\/wp-content\/uploads\/2009\/09\/violencia-dom\u00e9stica.jpg\"><img loading=\"lazy\" decoding=\"async\" class=\"alignleft size-full wp-image-561\" title=\"violencia-dom\u00e9stica\" src=\"http:\/\/www.elsindical.com.ar\/notas\/var\/www\/html\/notas\/wp-content\/uploads\/2009\/09\/violencia-dom\u00e9stica.jpg\" alt=\"\" width=\"283\" height=\"214\" \/><\/a>El dato surge de un informe elaborado por esa dependencia. En <strong>marzo de 2011 ingresaron 744 casos<\/strong>, mientras que durante el mismo mes de 2009 se registraron 620 denuncias.<\/em><\/p>\n<p style=\"text-align: justify;\">Seg\u00fan estad\u00edsticas elaboradas por la Oficina de Violencia Dom\u00e9stica que depende de la Corte Suprema de Justicia de la Naci\u00f3n, <strong>las denuncias vinculadas con aquella problem\u00e1tica crecieron un 20% en dos a\u00f1os.<\/strong><\/p>\n<p style=\"text-align: justify;\">As\u00ed, el informe revela que <strong>en marzo de 2011 se registraron 744 casos, mientras que durante el mismo mes de 2009 la cifra fue de 620.<\/strong><\/p>\n<p style=\"text-align: justify;\">Asimismo, el documento indica que en el <strong>82%<\/strong> de los casos la<strong> relaci\u00f3n de pareja<\/strong> (parejas, ex parejas, concubinos, c\u00f3nyuges y novios) es la predominante entre las personas afectadas y las denunciadas.<\/p>\n<p style=\"text-align: justify;\">En tanto, de acuerdo a la informaci\u00f3n de la OVD, <strong>el 80% de las personas afectadas son mujeres y el 87% de los denunciados son hombres.<\/strong><\/p>\n","protected":false},"excerpt":{"rendered":"<p>El dato surge de un informe elaborado por esa dependencia. En marzo de 2011 ingresaron 744 casos, mientras que durante el mismo mes de 2009 se registraron 620 denuncias. Seg\u00fan estad\u00edsticas elaboradas por la Oficina de Violencia Dom\u00e9stica que depende de la Corte Suprema de Justicia de la Naci\u00f3n, las denuncias vinculadas con aquella problem\u00e1tica&hellip;<\/p>\n","protected":false},"author":1,"featured_media":0,"comment_status":"open","ping_status":"open","sticky":false,"template":"","format":"standard","meta":{"footnotes":""},"categories":[25],"tags":[22020,6648,5863],"class_list":["post-13822","post","type-post","status-publish","format-standard","hentry","category-sociedad","tag-denuncias","tag-oficina-de-la-corte","tag-violencia-domestica"],"_links":{"self":[{"href":"https:\/\/www.elsindical.com.ar\/notas\/wp-json\/wp\/v2\/posts\/13822","targetHints":{"allow":["GET"]}}],"collection":[{"href":"https:\/\/www.elsindical.com.ar\/notas\/wp-json\/wp\/v2\/posts"}],"about":[{"href":"https:\/\/www.elsindical.com.ar\/notas\/wp-json\/wp\/v2\/types\/post"}],"author":[{"embeddable":true,"href":"https:\/\/www.elsindical.com.ar\/notas\/wp-json\/wp\/v2\/users\/1"}],"replies":[{"embeddable":true,"href":"https:\/\/www.elsindical.com.ar\/notas\/wp-json\/wp\/v2\/comments?post=13822"}],"version-history":[{"count":1,"href":"https:\/\/www.elsindical.com.ar\/notas\/wp-json\/wp\/v2\/posts\/13822\/revisions"}],"predecessor-version":[{"id":13823,"href":"https:\/\/www.elsindical.com.ar\/notas\/wp-json\/wp\/v2\/posts\/13822\/revisions\/13823"}],"wp:attachment":[{"href":"https:\/\/www.elsindical.com.ar\/notas\/wp-json\/wp\/v2\/media?parent=13822"}],"wp:term":[{"taxonomy":"category","embeddable":true,"href":"https:\/\/www.elsindical.com.ar\/notas\/wp-json\/wp\/v2\/categories?post=13822"},{"taxonomy":"post_tag","embeddable":true,"href":"https:\/\/www.elsindical.com.ar\/notas\/wp-json\/wp\/v2\/tags?post=13822"}],"curies":[{"name":"wp","href":"https:\/\/api.w.org\/{rel}","templated":true}]}}