{"id":138218,"date":"2025-06-03T14:53:49","date_gmt":"2025-06-03T17:53:49","guid":{"rendered":"https:\/\/www.elsindical.com.ar\/notas\/?p=138218"},"modified":"2025-06-03T15:06:27","modified_gmt":"2025-06-03T18:06:27","slug":"quilmes-jornada-de-protesta-municipal","status":"publish","type":"post","link":"https:\/\/www.elsindical.com.ar\/notas\/quilmes-jornada-de-protesta-municipal\/","title":{"rendered":"Quilmes: Jornada de protesta municipal"},"content":{"rendered":"<div class=\"wp-block-image\">\n<figure class=\"aligncenter size-full is-resized\"><a href=\"https:\/\/www.elsindical.com.ar\/notas\/var\/www\/html\/notas\/wp-content\/uploads\/2025\/06\/protesta-empleados-municipales-Quilmes.jpg\"><img loading=\"lazy\" decoding=\"async\" width=\"500\" height=\"823\" src=\"https:\/\/www.elsindical.com.ar\/notas\/var\/www\/html\/notas\/wp-content\/uploads\/2025\/06\/protesta-empleados-municipales-Quilmes.jpg\" alt=\"\" class=\"wp-image-138219\" style=\"width:354px;height:auto\" srcset=\"https:\/\/www.elsindical.com.ar\/notas\/var\/www\/html\/notas\/wp-content\/uploads\/2025\/06\/protesta-empleados-municipales-Quilmes.jpg 500w, https:\/\/www.elsindical.com.ar\/notas\/var\/www\/html\/notas\/wp-content\/uploads\/2025\/06\/protesta-empleados-municipales-Quilmes-182x300.jpg 182w\" sizes=\"auto, (max-width: 500px) 100vw, 500px\" \/><\/a><\/figure>\n<\/div>\n\n\n<p class=\"wp-block-paragraph\">Empleados de la Direcci\u00f3n de Tr\u00e1nsito del municipio, qu\u00e9 llevan adelante la segunda jornada de \u00abasamblea y alerta con retenci\u00f3n de tareas\u00bb hasta ser atendidos por la jefa comunal Mayra Mendoza, hacen sonar las sirenas de los m\u00f3viles de \u00abPatrulla Urbana\u00bb, para ser escuchados.<\/p>\n\n\n\n<p class=\"wp-block-paragraph\">\u00abSi la intendente tiene tiempo para salir en radios locales para hablar de la candidatura de Cristina Kirchner, que tambi\u00e9n se haga un tiempo para venir a hablar con nosotros\u00bb, aseguraron los trabajadores.<\/p>\n\n\n\n<figure class=\"wp-block-embed is-type-video is-provider-youtube wp-block-embed-youtube wp-embed-aspect-16-9 wp-has-aspect-ratio\"><div class=\"wp-block-embed__wrapper\">\n<iframe loading=\"lazy\" title=\"Quilmes jjornada de protesta de empleados municipales\" width=\"700\" height=\"394\" src=\"https:\/\/www.youtube.com\/embed\/VnqlX7Qpkfw?feature=oembed\" frameborder=\"0\" allow=\"accelerometer; autoplay; clipboard-write; encrypted-media; gyroscope; picture-in-picture; web-share\" referrerpolicy=\"strict-origin-when-cross-origin\" allowfullscreen><\/iframe>\n<\/div><\/figure>\n","protected":false},"excerpt":{"rendered":"<p>Empleados de la Direcci\u00f3n de Tr\u00e1nsito del municipio, qu\u00e9 llevan adelante la segunda jornada de \u00abasamblea y alerta con retenci\u00f3n de tareas\u00bb hasta ser atendidos por la jefa comunal Mayra Mendoza, hacen sonar las sirenas de los m\u00f3viles de \u00abPatrulla Urbana\u00bb, para ser escuchados. \u00abSi la intendente tiene tiempo para salir en radios locales para&hellip;<\/p>\n","protected":false},"author":1,"featured_media":138219,"comment_status":"open","ping_status":"open","sticky":false,"template":"","format":"standard","meta":{"footnotes":""},"categories":[25],"tags":[2450,12782,31234,19933,45327,684],"class_list":["post-138218","post","type-post","status-publish","format-standard","has-post-thumbnail","hentry","category-sociedad","tag-diario-el-sindical","tag-direccion-de-transito","tag-mayra-mendoza","tag-patrulla-urbana","tag-protesta-empleados-municiipales","tag-quilmes"],"_links":{"self":[{"href":"https:\/\/www.elsindical.com.ar\/notas\/wp-json\/wp\/v2\/posts\/138218","targetHints":{"allow":["GET"]}}],"collection":[{"href":"https:\/\/www.elsindical.com.ar\/notas\/wp-json\/wp\/v2\/posts"}],"about":[{"href":"https:\/\/www.elsindical.com.ar\/notas\/wp-json\/wp\/v2\/types\/post"}],"author":[{"embeddable":true,"href":"https:\/\/www.elsindical.com.ar\/notas\/wp-json\/wp\/v2\/users\/1"}],"replies":[{"embeddable":true,"href":"https:\/\/www.elsindical.com.ar\/notas\/wp-json\/wp\/v2\/comments?post=138218"}],"version-history":[{"count":2,"href":"https:\/\/www.elsindical.com.ar\/notas\/wp-json\/wp\/v2\/posts\/138218\/revisions"}],"predecessor-version":[{"id":138221,"href":"https:\/\/www.elsindical.com.ar\/notas\/wp-json\/wp\/v2\/posts\/138218\/revisions\/138221"}],"wp:featuredmedia":[{"embeddable":true,"href":"https:\/\/www.elsindical.com.ar\/notas\/wp-json\/wp\/v2\/media\/138219"}],"wp:attachment":[{"href":"https:\/\/www.elsindical.com.ar\/notas\/wp-json\/wp\/v2\/media?parent=138218"}],"wp:term":[{"taxonomy":"category","embeddable":true,"href":"https:\/\/www.elsindical.com.ar\/notas\/wp-json\/wp\/v2\/categories?post=138218"},{"taxonomy":"post_tag","embeddable":true,"href":"https:\/\/www.elsindical.com.ar\/notas\/wp-json\/wp\/v2\/tags?post=138218"}],"curies":[{"name":"wp","href":"https:\/\/api.w.org\/{rel}","templated":true}]}}