{"id":138213,"date":"2025-06-03T05:50:24","date_gmt":"2025-06-03T08:50:24","guid":{"rendered":"https:\/\/www.elsindical.com.ar\/notas\/?p=138213"},"modified":"2025-06-03T05:50:30","modified_gmt":"2025-06-03T08:50:30","slug":"el-gobierno-nacional-elimino-por-decreto-la-asistencia-a-las-personas-en-situacion-de-calle","status":"publish","type":"post","link":"https:\/\/www.elsindical.com.ar\/notas\/el-gobierno-nacional-elimino-por-decreto-la-asistencia-a-las-personas-en-situacion-de-calle\/","title":{"rendered":"El gobierno nacional elimin\u00f3 por Decreto la asistencia a las personas en situaci\u00f3n de calle"},"content":{"rendered":"\n<figure class=\"wp-block-image size-full\"><a href=\"https:\/\/www.elsindical.com.ar\/notas\/var\/www\/html\/notas\/wp-content\/uploads\/2017\/03\/pobres-situaci\u00f3n-de-calle.jpg\"><img loading=\"lazy\" decoding=\"async\" width=\"999\" height=\"561\" src=\"https:\/\/www.elsindical.com.ar\/notas\/var\/www\/html\/notas\/wp-content\/uploads\/2017\/03\/pobres-situaci\u00f3n-de-calle.jpg\" alt=\"\" class=\"wp-image-66100\" srcset=\"https:\/\/www.elsindical.com.ar\/notas\/var\/www\/html\/notas\/wp-content\/uploads\/2017\/03\/pobres-situaci\u00f3n-de-calle.jpg 999w, https:\/\/www.elsindical.com.ar\/notas\/var\/www\/html\/notas\/wp-content\/uploads\/2017\/03\/pobres-situaci\u00f3n-de-calle-300x168.jpg 300w, https:\/\/www.elsindical.com.ar\/notas\/var\/www\/html\/notas\/wp-content\/uploads\/2017\/03\/pobres-situaci\u00f3n-de-calle-768x431.jpg 768w, https:\/\/www.elsindical.com.ar\/notas\/var\/www\/html\/notas\/wp-content\/uploads\/2017\/03\/pobres-situaci\u00f3n-de-calle-500x281.jpg 500w\" sizes=\"auto, (max-width: 999px) 100vw, 999px\" \/><\/a><\/figure>\n\n\n\n<p class=\"wp-block-paragraph\">L<a><\/a>a medida se implement\u00f3 a trav\u00e9s del Decreto 373\/2025, publicado este lunes en el Bolet\u00edn Oficial con las firmas del presidente Javier Milei, el jefe de Gabinete, Guillermo Francos, y la ministra de Capital Humano, Sandra Pettovello.<\/p>\n\n\n\n<p class=\"wp-block-paragraph\">El texto redefine el alcance de la Ley 27.654, sancionada originalmente para garantizar el acceso a la vivienda y la protecci\u00f3n de quienes est\u00e1n en riesgo de perderla.<\/p>\n\n\n\n<p class=\"wp-block-paragraph\">La norma reduce la participaci\u00f3n del Poder Ejecutivo nacional a \u00ab\u00f3rgano rector\u00bb a trav\u00e9s de la aprobaci\u00f3n de directrices y lineamientos generales, mientras que su rol en la asistencia directa quedar\u00e1 supeditado a situaciones en las que las capacidades t\u00e9cnicas, humanas o financieras de las provincias y la Ciudad Aut\u00f3noma de Buenos Aires sean insuficientes.<\/p>\n\n\n\n<p class=\"wp-block-paragraph\">La nueva autoridad de aplicaci\u00f3n ser\u00e1 la Secretar\u00eda Nacional de Ni\u00f1ez, Adolescencia y Familia, dependiente del Ministerio de Capital Humano. Este organismo tendr\u00e1 la tarea de coordinar acciones entre jurisdicciones y monitorear el uso de los fondos transferidos en caso de asistencia nacional.<\/p>\n\n\n\n<p class=\"wp-block-paragraph\">El texto tambi\u00e9n deroga el inciso a) del art\u00edculo 12 de la ley original, que obligaba a mantener o integrar todos los programas preexistentes sin permitir su revisi\u00f3n o reducci\u00f3n. Seg\u00fan el Gobierno, esa obligaci\u00f3n limitaba la capacidad de redise\u00f1ar pol\u00edticas y reasignar recursos de forma m\u00e1s eficiente.<\/p>\n","protected":false},"excerpt":{"rendered":"<p>La medida se implement\u00f3 a trav\u00e9s del Decreto 373\/2025, publicado este lunes en el Bolet\u00edn Oficial con las firmas del presidente Javier Milei, el jefe de Gabinete, Guillermo Francos, y la ministra de Capital Humano, Sandra Pettovello. El texto redefine el alcance de la Ley 27.654, sancionada originalmente para garantizar el acceso a la vivienda&hellip;<\/p>\n","protected":false},"author":1,"featured_media":66100,"comment_status":"open","ping_status":"open","sticky":false,"template":"","format":"standard","meta":{"footnotes":""},"categories":[13,25],"tags":[45326,2450,761,42202,33796,14706],"class_list":["post-138213","post","type-post","status-publish","format-standard","has-post-thumbnail","hentry","category-politica","category-sociedad","tag-decreto-373-2025","tag-diario-el-sindical","tag-gobierno-nacional","tag-ministerio-de-capital-humano","tag-personas-en-situacion-de-calle","tag-poder-ejecutivo-nacional"],"_links":{"self":[{"href":"https:\/\/www.elsindical.com.ar\/notas\/wp-json\/wp\/v2\/posts\/138213","targetHints":{"allow":["GET"]}}],"collection":[{"href":"https:\/\/www.elsindical.com.ar\/notas\/wp-json\/wp\/v2\/posts"}],"about":[{"href":"https:\/\/www.elsindical.com.ar\/notas\/wp-json\/wp\/v2\/types\/post"}],"author":[{"embeddable":true,"href":"https:\/\/www.elsindical.com.ar\/notas\/wp-json\/wp\/v2\/users\/1"}],"replies":[{"embeddable":true,"href":"https:\/\/www.elsindical.com.ar\/notas\/wp-json\/wp\/v2\/comments?post=138213"}],"version-history":[{"count":1,"href":"https:\/\/www.elsindical.com.ar\/notas\/wp-json\/wp\/v2\/posts\/138213\/revisions"}],"predecessor-version":[{"id":138214,"href":"https:\/\/www.elsindical.com.ar\/notas\/wp-json\/wp\/v2\/posts\/138213\/revisions\/138214"}],"wp:featuredmedia":[{"embeddable":true,"href":"https:\/\/www.elsindical.com.ar\/notas\/wp-json\/wp\/v2\/media\/66100"}],"wp:attachment":[{"href":"https:\/\/www.elsindical.com.ar\/notas\/wp-json\/wp\/v2\/media?parent=138213"}],"wp:term":[{"taxonomy":"category","embeddable":true,"href":"https:\/\/www.elsindical.com.ar\/notas\/wp-json\/wp\/v2\/categories?post=138213"},{"taxonomy":"post_tag","embeddable":true,"href":"https:\/\/www.elsindical.com.ar\/notas\/wp-json\/wp\/v2\/tags?post=138213"}],"curies":[{"name":"wp","href":"https:\/\/api.w.org\/{rel}","templated":true}]}}