{"id":138181,"date":"2025-06-01T19:29:24","date_gmt":"2025-06-01T22:29:24","guid":{"rendered":"https:\/\/www.elsindical.com.ar\/notas\/?p=138181"},"modified":"2025-06-01T19:29:30","modified_gmt":"2025-06-01T22:29:30","slug":"las-reservas-del-banco-central-cayeron-us-2074-millones-en-mayo-lejos-de-lo-anunciado-por-javier-milei","status":"publish","type":"post","link":"https:\/\/www.elsindical.com.ar\/notas\/las-reservas-del-banco-central-cayeron-us-2074-millones-en-mayo-lejos-de-lo-anunciado-por-javier-milei\/","title":{"rendered":"Las reservas del Banco Central cayeron US$ 2074 millones en mayo, lejos de lo anunciado por Javier Milei"},"content":{"rendered":"<div class=\"wp-block-image\">\n<figure class=\"aligncenter size-full\"><a href=\"https:\/\/www.elsindical.com.ar\/notas\/var\/www\/html\/notas\/wp-content\/uploads\/2024\/08\/Milei-contento.jpg\"><img loading=\"lazy\" decoding=\"async\" width=\"700\" height=\"403\" src=\"https:\/\/www.elsindical.com.ar\/notas\/var\/www\/html\/notas\/wp-content\/uploads\/2024\/08\/Milei-contento.jpg\" alt=\"\" class=\"wp-image-132244\" srcset=\"https:\/\/www.elsindical.com.ar\/notas\/var\/www\/html\/notas\/wp-content\/uploads\/2024\/08\/Milei-contento.jpg 700w, https:\/\/www.elsindical.com.ar\/notas\/var\/www\/html\/notas\/wp-content\/uploads\/2024\/08\/Milei-contento-300x173.jpg 300w, https:\/\/www.elsindical.com.ar\/notas\/var\/www\/html\/notas\/wp-content\/uploads\/2024\/08\/Milei-contento-500x288.jpg 500w, https:\/\/www.elsindical.com.ar\/notas\/var\/www\/html\/notas\/wp-content\/uploads\/2024\/08\/Milei-contento-220x126.jpg 220w\" sizes=\"auto, (max-width: 700px) 100vw, 700px\" \/><\/a><\/figure>\n<\/div>\n\n\n<p>El Presidente hab\u00eda anunciado en cadena nacional que las reservas llegar\u00edan a US$50.000 millones en mayo, pero el Central termin\u00f3 el mes muy por debajo de ese nivel.<\/p>\n\n\n\n<p>Las reservas internacionales del Banco Central cerraron mayo con una ca\u00edda de US$2.074 millones y <strong>se ubicaron en US$36.854 millones, muy por debajo del objetivo anunciado por el presidente Javier Milei.<\/strong> El dato consolidado se conocer\u00e1 el martes 3 de junio, pero ya genera preocupaci\u00f3n en el mercado.<\/p>\n\n\n\n<p>El retroceso del 5,33% respecto al nivel de abril contradice la promesa del mandatario, quien hab\u00eda anunciado en cadena nacional que para mayo<strong> las reservas brutas alcanzar\u00edan los US$50.000 millones, impulsadas por un paquete internacional de financiamiento de US$32.000 millones<\/strong>. Dicho plan inclu\u00eda<strong> desembolsos del FMI, el Banco Mundial, el BID y un REPO <\/strong>con el propio Central.<\/p>\n\n\n\n<p><strong>\u00abLa evoluci\u00f3n de las reservas contrari\u00f3 las expectativas que hab\u00eda generado el propio Presidente\u00bb<\/strong>, se\u00f1alaron desde la City. Analistas remarcan que, sin los ingresos excepcionales de abril, las reservas retomaron su tendencia descendente, algo que ya se hab\u00eda visto en cinco de los \u00faltimos seis meses.<\/p>\n\n\n\n<p>Desde el oficialismo relativizaron la ca\u00edda al sostener que, bajo un esquema de flotaci\u00f3n cambiaria sin intervenci\u00f3n directa del Central, el nivel de reservas no ser\u00eda un indicador clave.<strong> Sin embargo, la presi\u00f3n por colocar deuda en d\u00f3lares para apuntalar las arcas evidencia la tensi\u00f3n dentro del Gobierno, <\/strong>especialmente por el cumplimiento de las metas acordadas con el FMI.<\/p>\n\n\n\n<p>En lo que va de 2025, <strong>las reservas aumentaron US$7.242 millones (+31,46%), en gran parte por los ingresos registrados en abril.<\/strong> Desde el inicio del gobierno de Milei, el alza acumulada llega a US$17.719 millones (+83,54%).<\/p>\n\n\n\n<p>Aun as\u00ed, <strong>si se compara con el r\u00e9cord de US$77.481 millones alcanzado el 9 de abril de 2019, el nivel actual implica una p\u00e9rdida de casi US$38.553 millones<\/strong>, lo que representa una ca\u00edda del 49,76%.<\/p>\n","protected":false},"excerpt":{"rendered":"<p>El Presidente hab\u00eda anunciado en cadena nacional que las reservas llegar\u00edan a US$50.000 millones en mayo, pero el Central termin\u00f3 el mes muy por debajo de ese nivel. Las reservas internacionales del Banco Central cerraron mayo con una ca\u00edda de US$2.074 millones y se ubicaron en US$36.854 millones, muy por debajo del objetivo anunciado por&hellip;<\/p>\n","protected":false},"author":1,"featured_media":132244,"comment_status":"open","ping_status":"open","sticky":false,"template":"","format":"standard","meta":{"footnotes":""},"categories":[9,13],"tags":[27246,2450,1115,6925,28812,45316,38071,45136],"class_list":["post-138181","post","type-post","status-publish","format-standard","has-post-thumbnail","hentry","category-economia","category-politica","tag-bid","tag-diario-el-sindical","tag-dolares","tag-fmi","tag-javier-milei","tag-mercados","tag-repoc","tag-reservas-del-bcra"],"_links":{"self":[{"href":"https:\/\/www.elsindical.com.ar\/notas\/wp-json\/wp\/v2\/posts\/138181","targetHints":{"allow":["GET"]}}],"collection":[{"href":"https:\/\/www.elsindical.com.ar\/notas\/wp-json\/wp\/v2\/posts"}],"about":[{"href":"https:\/\/www.elsindical.com.ar\/notas\/wp-json\/wp\/v2\/types\/post"}],"author":[{"embeddable":true,"href":"https:\/\/www.elsindical.com.ar\/notas\/wp-json\/wp\/v2\/users\/1"}],"replies":[{"embeddable":true,"href":"https:\/\/www.elsindical.com.ar\/notas\/wp-json\/wp\/v2\/comments?post=138181"}],"version-history":[{"count":1,"href":"https:\/\/www.elsindical.com.ar\/notas\/wp-json\/wp\/v2\/posts\/138181\/revisions"}],"predecessor-version":[{"id":138182,"href":"https:\/\/www.elsindical.com.ar\/notas\/wp-json\/wp\/v2\/posts\/138181\/revisions\/138182"}],"wp:featuredmedia":[{"embeddable":true,"href":"https:\/\/www.elsindical.com.ar\/notas\/wp-json\/wp\/v2\/media\/132244"}],"wp:attachment":[{"href":"https:\/\/www.elsindical.com.ar\/notas\/wp-json\/wp\/v2\/media?parent=138181"}],"wp:term":[{"taxonomy":"category","embeddable":true,"href":"https:\/\/www.elsindical.com.ar\/notas\/wp-json\/wp\/v2\/categories?post=138181"},{"taxonomy":"post_tag","embeddable":true,"href":"https:\/\/www.elsindical.com.ar\/notas\/wp-json\/wp\/v2\/tags?post=138181"}],"curies":[{"name":"wp","href":"https:\/\/api.w.org\/{rel}","templated":true}]}}