{"id":138173,"date":"2025-06-01T17:33:51","date_gmt":"2025-06-01T20:33:51","guid":{"rendered":"https:\/\/www.elsindical.com.ar\/notas\/?p=138173"},"modified":"2025-06-01T17:34:39","modified_gmt":"2025-06-01T20:34:39","slug":"pinamar-nuevo-reclamo-frente-al-municipio-y-sirenazo-n","status":"publish","type":"post","link":"https:\/\/www.elsindical.com.ar\/notas\/pinamar-nuevo-reclamo-frente-al-municipio-y-sirenazo-n\/","title":{"rendered":"Pinamar: Nuevo reclamo frente al municipio y sirenazo N\u00b0 64"},"content":{"rendered":"\n<figure class=\"wp-block-image size-large\"><a href=\"https:\/\/www.elsindical.com.ar\/notas\/var\/www\/html\/notas\/wp-content\/uploads\/2025\/06\/justicia-por-Fausto-muni-30-mayo-2025.jpg\"><img loading=\"lazy\" decoding=\"async\" width=\"1024\" height=\"582\" src=\"https:\/\/www.elsindical.com.ar\/notas\/var\/www\/html\/notas\/wp-content\/uploads\/2025\/06\/justicia-por-Fausto-muni-30-mayo-2025-1024x582.jpg\" alt=\"\" class=\"wp-image-138174\" srcset=\"https:\/\/www.elsindical.com.ar\/notas\/var\/www\/html\/notas\/wp-content\/uploads\/2025\/06\/justicia-por-Fausto-muni-30-mayo-2025-1024x582.jpg 1024w, https:\/\/www.elsindical.com.ar\/notas\/var\/www\/html\/notas\/wp-content\/uploads\/2025\/06\/justicia-por-Fausto-muni-30-mayo-2025-300x171.jpg 300w, https:\/\/www.elsindical.com.ar\/notas\/var\/www\/html\/notas\/wp-content\/uploads\/2025\/06\/justicia-por-Fausto-muni-30-mayo-2025-768x437.jpg 768w, https:\/\/www.elsindical.com.ar\/notas\/var\/www\/html\/notas\/wp-content\/uploads\/2025\/06\/justicia-por-Fausto-muni-30-mayo-2025-1536x873.jpg 1536w, https:\/\/www.elsindical.com.ar\/notas\/var\/www\/html\/notas\/wp-content\/uploads\/2025\/06\/justicia-por-Fausto-muni-30-mayo-2025-220x126.jpg 220w, https:\/\/www.elsindical.com.ar\/notas\/var\/www\/html\/notas\/wp-content\/uploads\/2025\/06\/justicia-por-Fausto-muni-30-mayo-2025-460x260.jpg 460w, https:\/\/www.elsindical.com.ar\/notas\/var\/www\/html\/notas\/wp-content\/uploads\/2025\/06\/justicia-por-Fausto-muni-30-mayo-2025.jpg 2048w\" sizes=\"auto, (max-width: 1024px) 100vw, 1024px\" \/><\/a><\/figure>\n\n\n\n<p>   Una vez m\u00e1s, Carina Zabala volvi\u00f3 a reclamar justicia frente al municipio de Pinamar, ya que a la fecha, el intendente Juan Manuel Ibarguren, no solo no ha dado la cara a la madre que reclama justicia, sino que peor a\u00fan, no ha tomado medidas con el Director de Obras Privadas, Nicol\u00e1s Villalba, quien no controla las obras y deber\u00eda estar procesado en la causa judicial sobre la muerte de Fausto Maldonado.<\/p>\n\n\n\n<figure class=\"wp-block-embed is-type-video is-provider-youtube wp-block-embed-youtube wp-embed-aspect-16-9 wp-has-aspect-ratio\"><div class=\"wp-block-embed__wrapper\">\n<iframe loading=\"lazy\" title=\"Pinamar 30 de mayo 2025 nuevi reckani de justicia por Fausto\" width=\"700\" height=\"394\" src=\"https:\/\/www.youtube.com\/embed\/Bv1wwVdE7wI?feature=oembed\" frameborder=\"0\" allow=\"accelerometer; autoplay; clipboard-write; encrypted-media; gyroscope; picture-in-picture; web-share\" referrerpolicy=\"strict-origin-when-cross-origin\" allowfullscreen><\/iframe>\n<\/div><\/figure>\n\n\n\n<h2 class=\"wp-block-heading\">Sirenazo 64 frente a los edificios Positive Tower 3 &amp; 4<\/h2>\n\n\n\n<p>   Carina Zabala llev\u00f3 adelante el sirenazo N\u00b0 64 en reclamo de justicia por Fausto, en el lugar donde este perdi\u00f3 su vida, al trabajar sin las condiciones de seguridad obligatorias.<\/p>\n\n\n<div class=\"wp-block-image\">\n<figure class=\"aligncenter size-full is-resized\"><a href=\"https:\/\/www.elsindical.com.ar\/notas\/var\/www\/html\/notas\/wp-content\/uploads\/2025\/06\/sirenazo-64.jpg\"><img loading=\"lazy\" decoding=\"async\" width=\"515\" height=\"858\" src=\"https:\/\/www.elsindical.com.ar\/notas\/var\/www\/html\/notas\/wp-content\/uploads\/2025\/06\/sirenazo-64.jpg\" alt=\"\" class=\"wp-image-138175\" style=\"width:401px;height:auto\" srcset=\"https:\/\/www.elsindical.com.ar\/notas\/var\/www\/html\/notas\/wp-content\/uploads\/2025\/06\/sirenazo-64.jpg 515w, https:\/\/www.elsindical.com.ar\/notas\/var\/www\/html\/notas\/wp-content\/uploads\/2025\/06\/sirenazo-64-180x300.jpg 180w\" sizes=\"auto, (max-width: 515px) 100vw, 515px\" \/><\/a><\/figure>\n<\/div>\n\n\n<figure class=\"wp-block-embed is-type-video is-provider-youtube wp-block-embed-youtube wp-embed-aspect-16-9 wp-has-aspect-ratio\"><div class=\"wp-block-embed__wrapper\">\n<iframe loading=\"lazy\" title=\"Pinamar sirenazo N\u00b0 64 #JusticiaporFausto\" width=\"700\" height=\"394\" src=\"https:\/\/www.youtube.com\/embed\/9k9UJxJnfwY?feature=oembed\" frameborder=\"0\" allow=\"accelerometer; autoplay; clipboard-write; encrypted-media; gyroscope; picture-in-picture; web-share\" referrerpolicy=\"strict-origin-when-cross-origin\" allowfullscreen><\/iframe>\n<\/div><\/figure>\n\n\n\n<h2 class=\"wp-block-heading\">Las caras de los que no dan justicia en Pinamar<\/h2>\n\n\n<div class=\"wp-block-image\">\n<figure class=\"aligncenter size-large\"><a href=\"https:\/\/www.elsindical.com.ar\/notas\/var\/www\/html\/notas\/wp-content\/uploads\/2025\/06\/Pinamar-las-caras-de-los-que-no-dan-justicia.jpg\"><img loading=\"lazy\" decoding=\"async\" width=\"576\" height=\"1024\" src=\"https:\/\/www.elsindical.com.ar\/notas\/var\/www\/html\/notas\/wp-content\/uploads\/2025\/06\/Pinamar-las-caras-de-los-que-no-dan-justicia-576x1024.jpg\" alt=\"\" class=\"wp-image-138178\" srcset=\"https:\/\/www.elsindical.com.ar\/notas\/var\/www\/html\/notas\/wp-content\/uploads\/2025\/06\/Pinamar-las-caras-de-los-que-no-dan-justicia-576x1024.jpg 576w, https:\/\/www.elsindical.com.ar\/notas\/var\/www\/html\/notas\/wp-content\/uploads\/2025\/06\/Pinamar-las-caras-de-los-que-no-dan-justicia-169x300.jpg 169w, https:\/\/www.elsindical.com.ar\/notas\/var\/www\/html\/notas\/wp-content\/uploads\/2025\/06\/Pinamar-las-caras-de-los-que-no-dan-justicia.jpg 720w\" sizes=\"auto, (max-width: 576px) 100vw, 576px\" \/><\/a><\/figure>\n<\/div>\n\n\n<p>Algunas reflexiones de Carina Zabala<\/p>\n\n\n\n<p>La Justicia inclinada<\/p>\n\n\n\n<p>Hoy 31 de mayo finalizan los 120 d\u00edas de llevar sobre mis espaldas un oficio que roza lo inconstitucional firmado por la Jueza Silvia Guglielmetti y el secretario Juan Valenzuela del juzgado de Paz de Pinamar .<\/p>\n\n\n\n<p>Oficio que permiti\u00f3 la privaci\u00f3n y restricci\u00f3n ilegal de m\u00ed libertad en febrero de este a\u00f1o. Oficio que puso en lugar de v\u00edctimas a los imputados por la muerte de Fausto y a m\u00ed como hostigadora por ejercer mis derechos Constitucionales.<br>Pregunto&#8230;<\/p>\n\n\n\n<p>La semana que viene desde el Juzgado de Paz volver\u00e1n a revictimizarme y renovar\u00e1n el oficio de restricci\u00f3n \u00abprotegiendo\u00bb a los imputados de acciones que nunca llev\u00e9 a cabo?<\/p>\n\n\n\n<p>Como comunidad deberemos estar alertas de sus acciones que lejos de hacer justicia , se miran a los ojos con el Poder y le dan impunidad.<\/p>\n","protected":false},"excerpt":{"rendered":"<p>Una vez m\u00e1s, Carina Zabala volvi\u00f3 a reclamar justicia frente al municipio de Pinamar, ya que a la fecha, el intendente Juan Manuel Ibarguren, no solo no ha dado la cara a la madre que reclama justicia, sino que peor a\u00fan, no ha tomado medidas con el Director de Obras Privadas, Nicol\u00e1s Villalba, quien no&hellip;<\/p>\n","protected":false},"author":1,"featured_media":138174,"comment_status":"open","ping_status":"open","sticky":false,"template":"","format":"standard","meta":{"footnotes":""},"categories":[25],"tags":[44666,44749,2450,44726,44736,44667,44811,44708,23966,45023,45315],"class_list":["post-138173","post","type-post","status-publish","format-standard","has-post-thumbnail","hentry","category-sociedad","tag-carina-zabala","tag-creadora-de-ideas","tag-diario-el-sindical","tag-edificio-positive-tower","tag-gustavo-gabriel-mari","tag-ivan-renkine","tag-juan-manuel-ibarguren","tag-justicia-por-fausto","tag-martin-yeza","tag-nicolas-villalba","tag-sirenazo-64"],"_links":{"self":[{"href":"https:\/\/www.elsindical.com.ar\/notas\/wp-json\/wp\/v2\/posts\/138173","targetHints":{"allow":["GET"]}}],"collection":[{"href":"https:\/\/www.elsindical.com.ar\/notas\/wp-json\/wp\/v2\/posts"}],"about":[{"href":"https:\/\/www.elsindical.com.ar\/notas\/wp-json\/wp\/v2\/types\/post"}],"author":[{"embeddable":true,"href":"https:\/\/www.elsindical.com.ar\/notas\/wp-json\/wp\/v2\/users\/1"}],"replies":[{"embeddable":true,"href":"https:\/\/www.elsindical.com.ar\/notas\/wp-json\/wp\/v2\/comments?post=138173"}],"version-history":[{"count":4,"href":"https:\/\/www.elsindical.com.ar\/notas\/wp-json\/wp\/v2\/posts\/138173\/revisions"}],"predecessor-version":[{"id":138180,"href":"https:\/\/www.elsindical.com.ar\/notas\/wp-json\/wp\/v2\/posts\/138173\/revisions\/138180"}],"wp:featuredmedia":[{"embeddable":true,"href":"https:\/\/www.elsindical.com.ar\/notas\/wp-json\/wp\/v2\/media\/138174"}],"wp:attachment":[{"href":"https:\/\/www.elsindical.com.ar\/notas\/wp-json\/wp\/v2\/media?parent=138173"}],"wp:term":[{"taxonomy":"category","embeddable":true,"href":"https:\/\/www.elsindical.com.ar\/notas\/wp-json\/wp\/v2\/categories?post=138173"},{"taxonomy":"post_tag","embeddable":true,"href":"https:\/\/www.elsindical.com.ar\/notas\/wp-json\/wp\/v2\/tags?post=138173"}],"curies":[{"name":"wp","href":"https:\/\/api.w.org\/{rel}","templated":true}]}}