{"id":138170,"date":"2025-06-01T16:41:54","date_gmt":"2025-06-01T19:41:54","guid":{"rendered":"https:\/\/www.elsindical.com.ar\/notas\/?p=138170"},"modified":"2025-06-01T16:42:00","modified_gmt":"2025-06-01T19:42:00","slug":"kicillof-cerro-un-plenario-del-mdf-hoy-nos-ponemos-en-movimiento","status":"publish","type":"post","link":"https:\/\/www.elsindical.com.ar\/notas\/kicillof-cerro-un-plenario-del-mdf-hoy-nos-ponemos-en-movimiento\/","title":{"rendered":"Kicillof cerr\u00f3 un plenario del MDF: \u201cHoy nos ponemos en movimiento\u201d"},"content":{"rendered":"\n<figure class=\"wp-block-image size-large\"><a href=\"https:\/\/www.elsindical.com.ar\/notas\/var\/www\/html\/notas\/wp-content\/uploads\/2025\/06\/Kicillof-hay-otro-camino.jpg\"><img loading=\"lazy\" decoding=\"async\" width=\"1024\" height=\"576\" src=\"https:\/\/www.elsindical.com.ar\/notas\/var\/www\/html\/notas\/wp-content\/uploads\/2025\/06\/Kicillof-hay-otro-camino-1024x576.jpg\" alt=\"\" class=\"wp-image-138171\" srcset=\"https:\/\/www.elsindical.com.ar\/notas\/var\/www\/html\/notas\/wp-content\/uploads\/2025\/06\/Kicillof-hay-otro-camino-1024x576.jpg 1024w, https:\/\/www.elsindical.com.ar\/notas\/var\/www\/html\/notas\/wp-content\/uploads\/2025\/06\/Kicillof-hay-otro-camino-300x169.jpg 300w, https:\/\/www.elsindical.com.ar\/notas\/var\/www\/html\/notas\/wp-content\/uploads\/2025\/06\/Kicillof-hay-otro-camino-768x432.jpg 768w, https:\/\/www.elsindical.com.ar\/notas\/var\/www\/html\/notas\/wp-content\/uploads\/2025\/06\/Kicillof-hay-otro-camino-460x260.jpg 460w, https:\/\/www.elsindical.com.ar\/notas\/var\/www\/html\/notas\/wp-content\/uploads\/2025\/06\/Kicillof-hay-otro-camino.jpg 1200w\" sizes=\"auto, (max-width: 1024px) 100vw, 1024px\" \/><\/a><\/figure>\n\n\n\n<p>El gobernador Axel Kicillof cerr\u00f3 este s\u00e1bado un multitudinario plenario del Movimiento Derecho al Futuro en La Plata. Las principales frases.<\/p>\n\n\n\n<p>El gobernador de la provincia de Buenos Aires, <strong>Axel Kicillof, cerr\u00f3 este s\u00e1bado el plenario del\u00a0Movimiento Derecho al Futuro\u00a0(MDF) en la ciudad de La Plata.<\/strong> \u201cHoy nos ponemos en movimiento y cada vez somos m\u00e1s\u201d, asegur\u00f3, de cara a las elecciones de septiembre.<\/p>\n\n\n\n<p><strong>\u201cEstamos en una l\u00ednea de largada, en un momento fundacional: hoy nos ponemos en movimiento y cada vez somos m\u00e1s. <\/strong>Ac\u00e1, a pesar de lo que ocurre en la Argentina, estamos d\u00e1ndonos un abrazo\u201d, asegur\u00f3.<\/p>\n\n\n\n<p><strong>\u201cLo que necesit\u00e1bamos era un movimiento con los brazos abiertos: nace hoy el Movimiento Derecho al Futuro. Y como dec\u00eda el general: el movimiento jam\u00e1s fue excluyente, jam\u00e1s fue sectario\u201d<\/strong>, asegur\u00f3.<\/p>\n\n\n\n<p>Y plante\u00f3: \u201cEs una forma de contribuir, de organizarnos, de volver a escuchar, a conectar con las necesidades de nuestra gente. Es un movimiento que respeta la diversidad y la identidad de cada sector. Nace de abajo para arriba, con todos los sectores y promoviendo la participaci\u00f3n\u201d.<\/p>\n\n\n\n<p>En este marco, advirti\u00f3: \u201cLa casta festeja, brinda, lo aplaude a Milei, mientras el pueblo sufre. Este modelo solo cierra con deuda: lo vimos suplicar un nuevo pr\u00e9stamo del FMI. Nunca el FMI trajo buenas noticias a la Argentina. <strong>En su momento fue Braden o Per\u00f3n; hoy es FMI o pueblo<\/strong>\u201c.<\/p>\n\n\n\n<p>Y se\u00f1al\u00f3 que \u201clo \u00fanico que anda en este modelo es la especulaci\u00f3n financiera. Ah\u00ed va lo que le falta al jubilado, el laburante\u201d. \u201cNo es un problema de ajuste para todos, es mentira que no hay plata: para la timba financiera siempre hay plata\u201d, apunt\u00f3.<\/p>\n\n\n\n<p>Asimismo, aclar\u00f3 que <strong>\u201cno es ajuste, es transferencia: le sacan al pueblo para darles a las corporaciones\u201d<\/strong>. \u201cEs dependencia y es saqueo\u201d, sentenci\u00f3 frente a miles de personas.<\/p>\n\n\n\n<p>\u201cNo hay orden en una econom\u00eda en la que no se llega a fin de mes y hay temor a perder el empleo. No hay equilibrio si los jubilados no pueden comprarse los remedios y si se reprime al que piensa distinto. Eso es explotaci\u00f3n, saqueo y robo al que labura\u201d, consider\u00f3 el Gobernador.<\/p>\n\n\n\n<p>Adem\u00e1s, asegur\u00f3: \u201c<strong>No alcanza con pensar el da\u00f1o que hace Milei, en la Provincia nos oponemos dando la discusi\u00f3n, pero tambi\u00e9n con una gesti\u00f3n y con un Estado presente<\/strong> que no le suelta la mano a los bonaerenses y que todos los d\u00edas sigue construyendo derechos\u201d.<\/p>\n\n\n\n<p>\u201cEstamos en un momento en el que vivimos bombardeados por el odio y la crueldad. Sepan que este es un pueblo solidario: no nos van a ganar con el discurso de la indiferencia y el ego\u00edsmo. Nunca nos van a escuchar respondiendo de la misma manera, desde ac\u00e1 explicamos qu\u00e9 pa\u00eds y provincia queremos con paciencia, con amor, porque sabemos que para vencer hay que buscar a todos\u201d, reflexion\u00f3.<\/p>\n\n\n\n<p>Vale mencionar que Kicillof dej\u00f3 en claro que \u201cesto no es simplemente un acto, desde la ma\u00f1ana hubo un encuentro para discutir en 10 diferentes temas y <strong>llegamos a conclusiones que son mandatos para nosotros<\/strong>\u201c.<\/p>\n\n\n\n<p><strong>La jornada cont\u00f3 con&nbsp;10 carpas tem\u00e1ticas<\/strong>&nbsp;con debates liderados por ministros bonaerenses y figuras como&nbsp;<strong>Gabriel Katopodis<\/strong>,&nbsp;<strong>Silvina Batakis<\/strong>,&nbsp;Daniel Goll\u00e1n&nbsp;y&nbsp;<strong>Roberto Salvarezza<\/strong>. Entre los ejes tem\u00e1ticos se incluyen&nbsp;Econom\u00eda y Finanzas,&nbsp;Producci\u00f3n y Trabajo,&nbsp;Obra P\u00fablica y H\u00e1bitat,&nbsp;Educaci\u00f3n P\u00fablica,&nbsp;Salud y Ambiente,&nbsp;Seguridad y Justicia,&nbsp;Ciencia y Tecnolog\u00eda,&nbsp;Cultura y Deporte,&nbsp;Mujeres y Juventud, y&nbsp;Ni\u00f1ez y Jubilados.<\/p>\n\n\n\n<figure class=\"wp-block-embed is-type-video is-provider-youtube wp-block-embed-youtube wp-embed-aspect-16-9 wp-has-aspect-ratio\"><div class=\"wp-block-embed__wrapper\">\n<iframe loading=\"lazy\" title=\"VIVO | Cierre del plenario &quot;Movimiento Derecho al Futuro&quot;\" width=\"700\" height=\"394\" src=\"https:\/\/www.youtube.com\/embed\/GHzIpLYfv-M?feature=oembed\" frameborder=\"0\" allow=\"accelerometer; autoplay; clipboard-write; encrypted-media; gyroscope; picture-in-picture; web-share\" referrerpolicy=\"strict-origin-when-cross-origin\" allowfullscreen><\/iframe>\n<\/div><\/figure>\n\n\n\n<h2 class=\"wp-block-heading\">Cristina<\/h2>\n\n\n\n<p>En el acto tambi\u00e9n hizo referencia a la condena a la ex presidenta y titular del PJ, Cristina Fern\u00e1ndez de Kirchner, y las <a href=\"https:\/\/www.inforegion.com.ar\/2025\/05\/29\/la-corte-rechazo-el-pedido-de-cristina-kirchner-y-seguira-siendo-investigada-por-la-ruta-del-dinero-k\/\">causas <\/a>que siguen en marcha.<\/p>\n\n\n\n<p>\u201c<strong>Sin una prueba quieren condenar a Cristina. El peronismo sufri\u00f3 persecuci\u00f3n <\/strong>muchas veces, sabemos que es para disciplinar a los que luchan y representan. Basta de persecuci\u00f3n y partido judicial\u201d, reclam\u00f3.<\/p>\n\n\n\n<p><\/p>\n","protected":false},"excerpt":{"rendered":"<p>El gobernador Axel Kicillof cerr\u00f3 este s\u00e1bado un multitudinario plenario del Movimiento Derecho al Futuro en La Plata. Las principales frases. El gobernador de la provincia de Buenos Aires, Axel Kicillof, cerr\u00f3 este s\u00e1bado el plenario del\u00a0Movimiento Derecho al Futuro\u00a0(MDF) en la ciudad de La Plata. \u201cHoy nos ponemos en movimiento y cada vez somos&hellip;<\/p>\n","protected":false},"author":1,"featured_media":138171,"comment_status":"open","ping_status":"open","sticky":false,"template":"","format":"standard","meta":{"footnotes":""},"categories":[13],"tags":[43341,13798,2450,6925,45313,45314,1455],"class_list":["post-138170","post","type-post","status-publish","format-standard","has-post-thumbnail","hentry","category-politica","tag-politica-3","tag-axel-kicillof","tag-diario-el-sindical","tag-fmi","tag-hay-otro-camino","tag-mdf","tag-noticias"],"_links":{"self":[{"href":"https:\/\/www.elsindical.com.ar\/notas\/wp-json\/wp\/v2\/posts\/138170","targetHints":{"allow":["GET"]}}],"collection":[{"href":"https:\/\/www.elsindical.com.ar\/notas\/wp-json\/wp\/v2\/posts"}],"about":[{"href":"https:\/\/www.elsindical.com.ar\/notas\/wp-json\/wp\/v2\/types\/post"}],"author":[{"embeddable":true,"href":"https:\/\/www.elsindical.com.ar\/notas\/wp-json\/wp\/v2\/users\/1"}],"replies":[{"embeddable":true,"href":"https:\/\/www.elsindical.com.ar\/notas\/wp-json\/wp\/v2\/comments?post=138170"}],"version-history":[{"count":1,"href":"https:\/\/www.elsindical.com.ar\/notas\/wp-json\/wp\/v2\/posts\/138170\/revisions"}],"predecessor-version":[{"id":138172,"href":"https:\/\/www.elsindical.com.ar\/notas\/wp-json\/wp\/v2\/posts\/138170\/revisions\/138172"}],"wp:featuredmedia":[{"embeddable":true,"href":"https:\/\/www.elsindical.com.ar\/notas\/wp-json\/wp\/v2\/media\/138171"}],"wp:attachment":[{"href":"https:\/\/www.elsindical.com.ar\/notas\/wp-json\/wp\/v2\/media?parent=138170"}],"wp:term":[{"taxonomy":"category","embeddable":true,"href":"https:\/\/www.elsindical.com.ar\/notas\/wp-json\/wp\/v2\/categories?post=138170"},{"taxonomy":"post_tag","embeddable":true,"href":"https:\/\/www.elsindical.com.ar\/notas\/wp-json\/wp\/v2\/tags?post=138170"}],"curies":[{"name":"wp","href":"https:\/\/api.w.org\/{rel}","templated":true}]}}