{"id":138141,"date":"2025-05-30T09:39:56","date_gmt":"2025-05-30T12:39:56","guid":{"rendered":"https:\/\/www.elsindical.com.ar\/notas\/?p=138141"},"modified":"2025-05-30T09:40:02","modified_gmt":"2025-05-30T12:40:02","slug":"los-trabajadores-de-la-tv-publica-irrumpieron-el-aire-con-un-reclamo-al-gobierno-paga-los-sueldos-lpqtp","status":"publish","type":"post","link":"https:\/\/www.elsindical.com.ar\/notas\/los-trabajadores-de-la-tv-publica-irrumpieron-el-aire-con-un-reclamo-al-gobierno-paga-los-sueldos-lpqtp\/","title":{"rendered":"Los trabajadores de la TV P\u00fablica irrumpieron el aire con un reclamo al Gobierno: \u00abPag\u00e1 los sueldos LPQTP\u00bb"},"content":{"rendered":"<div class=\"wp-block-image\">\n<figure class=\"aligncenter size-full\"><a href=\"https:\/\/www.elsindical.com.ar\/notas\/var\/www\/html\/notas\/wp-content\/uploads\/2025\/05\/protesta-TV-Publica-mayo-25.jpg\"><img loading=\"lazy\" decoding=\"async\" width=\"750\" height=\"500\" src=\"https:\/\/www.elsindical.com.ar\/notas\/var\/www\/html\/notas\/wp-content\/uploads\/2025\/05\/protesta-TV-Publica-mayo-25.jpg\" alt=\"\" class=\"wp-image-138142\" srcset=\"https:\/\/www.elsindical.com.ar\/notas\/var\/www\/html\/notas\/wp-content\/uploads\/2025\/05\/protesta-TV-Publica-mayo-25.jpg 750w, https:\/\/www.elsindical.com.ar\/notas\/var\/www\/html\/notas\/wp-content\/uploads\/2025\/05\/protesta-TV-Publica-mayo-25-300x200.jpg 300w\" sizes=\"auto, (max-width: 750px) 100vw, 750px\" \/><\/a><\/figure>\n<\/div>\n\n\n<p>El gobierno de Javier Milei mantiene congelados los salarios de la TV P\u00fablica hace casi a\u00f1o en el marco el ajuste que aplica a los trabajadores.<\/p>\n\n\n\n<p>Pese a haber asegurado que \u00abel ajuste\u00bb lo iba a pagar la casta, desde que asumi\u00f3 Javier Milei, el peso de la motosierra cay\u00f3 sobre jubilados, docentes, personas con discapacidad, y los trabajadores. En ese mismo sentido van los trabajadores del Estado y empresas estatales, como es el caso de los trabajadores de las empresas con estatales o con mayor\u00eda estatal son algunos de los m\u00e1s perjudicados. Tal es el caso de los trabajadores de la TV P\u00fablica que denuncian el congelamiento de sus salarios y la licuaci\u00f3n de su poder adquisitivo merced del avance de la inflaci\u00f3n.<\/p>\n\n\n\n<p>Ayer, el reclamo se hizo escuchar al aire de la TV P\u00fablica durante el programa que conduce Carlos Monti. \u00abPorque tenemos el salario congelado desde agosto de 2024. Porque tenemos el sueldo debajo de la l\u00ednea de pobreza. Porque intentan precarizar nuestras tareas. Porque defendemos el rol social de los medios p\u00fablicos, que cumplen un rol fundamental para la democracia y la soberan\u00eda&#8230;\u00bb aseguraron los trabajadores que manifestaron ayer en los pasillos y afuera de la TV P\u00fablica.<br><br>Los trabajadores del canal del Estado se manifestaron en los estudios centrales y fuera del canal representados por los gremios: Satsaid, Sipreba-FatPren, APJ y Salco.<br><br>Es que en el marco de la manifestaci\u00f3n de ayer, los gritos se alzaron de tal manera que se filtraron durante el programa de Carlos Monti cuando el grito a Milei fue tan fuerte que se oy\u00f3 en la transmisi\u00f3n en vivo.\u00bbPag\u00e1 los sueldos la puta que te pari\u00f3\u00bb se escuch\u00f3 durante la intervenci\u00f3n de Gustavo M\u00e9ndez, el periodista que entrevist\u00f3 a la \u00abChina\u00bb Su\u00e1rez en la se\u00f1al estatal a cambio de 15 mil d\u00f3lares, seg\u00fan se supo.<\/p>\n\n\n\n<p>El congelamiento salarial est\u00e1 por cumplir un a\u00f1o y la bronca crece. La precarizaci\u00f3n y pauperizaci\u00f3n del trabajo televisivo se plasma tambi\u00e9n en decisiones de la empresa que abri\u00f3 su streaming como una unidad paralela, sin representaci\u00f3n de los trabajadores y con sueldos m\u00e1s altos que los trabajadores de planta, como as\u00ed tambi\u00e9n dicen que ocurre con los contratados por las producciones que poblaron la grilla luego de haber dicho que iban a cerrar el canal.<\/p>\n","protected":false},"excerpt":{"rendered":"<p>El gobierno de Javier Milei mantiene congelados los salarios de la TV P\u00fablica hace casi a\u00f1o en el marco el ajuste que aplica a los trabajadores. Pese a haber asegurado que \u00abel ajuste\u00bb lo iba a pagar la casta, desde que asumi\u00f3 Javier Milei, el peso de la motosierra cay\u00f3 sobre jubilados, docentes, personas con&hellip;<\/p>\n","protected":false},"author":1,"featured_media":138142,"comment_status":"open","ping_status":"open","sticky":false,"template":"","format":"standard","meta":{"footnotes":""},"categories":[16],"tags":[45303,2450,2475,761,28812,6587,45304,7741,21626,20093],"class_list":["post-138141","post","type-post","status-publish","format-standard","has-post-thumbnail","hentry","category-gremiales","tag-apj","tag-diario-el-sindical","tag-fatpren","tag-gobierno-nacional","tag-javier-milei","tag-protesta-trabajadores","tag-salco","tag-satsaid","tag-sipreba","tag-tv-publica"],"_links":{"self":[{"href":"https:\/\/www.elsindical.com.ar\/notas\/wp-json\/wp\/v2\/posts\/138141","targetHints":{"allow":["GET"]}}],"collection":[{"href":"https:\/\/www.elsindical.com.ar\/notas\/wp-json\/wp\/v2\/posts"}],"about":[{"href":"https:\/\/www.elsindical.com.ar\/notas\/wp-json\/wp\/v2\/types\/post"}],"author":[{"embeddable":true,"href":"https:\/\/www.elsindical.com.ar\/notas\/wp-json\/wp\/v2\/users\/1"}],"replies":[{"embeddable":true,"href":"https:\/\/www.elsindical.com.ar\/notas\/wp-json\/wp\/v2\/comments?post=138141"}],"version-history":[{"count":1,"href":"https:\/\/www.elsindical.com.ar\/notas\/wp-json\/wp\/v2\/posts\/138141\/revisions"}],"predecessor-version":[{"id":138143,"href":"https:\/\/www.elsindical.com.ar\/notas\/wp-json\/wp\/v2\/posts\/138141\/revisions\/138143"}],"wp:featuredmedia":[{"embeddable":true,"href":"https:\/\/www.elsindical.com.ar\/notas\/wp-json\/wp\/v2\/media\/138142"}],"wp:attachment":[{"href":"https:\/\/www.elsindical.com.ar\/notas\/wp-json\/wp\/v2\/media?parent=138141"}],"wp:term":[{"taxonomy":"category","embeddable":true,"href":"https:\/\/www.elsindical.com.ar\/notas\/wp-json\/wp\/v2\/categories?post=138141"},{"taxonomy":"post_tag","embeddable":true,"href":"https:\/\/www.elsindical.com.ar\/notas\/wp-json\/wp\/v2\/tags?post=138141"}],"curies":[{"name":"wp","href":"https:\/\/api.w.org\/{rel}","templated":true}]}}