{"id":138082,"date":"2025-05-27T16:28:38","date_gmt":"2025-05-27T19:28:38","guid":{"rendered":"https:\/\/www.elsindical.com.ar\/notas\/?p=138082"},"modified":"2025-05-27T16:28:43","modified_gmt":"2025-05-27T19:28:43","slug":"vilar-el-decreto-340-supone-la-perdida-de-toda-independencia-economica","status":"publish","type":"post","link":"https:\/\/www.elsindical.com.ar\/notas\/vilar-el-decreto-340-supone-la-perdida-de-toda-independencia-economica\/","title":{"rendered":"Vilar: \u201cEl decreto 340 supone la p\u00e9rdida de toda independencia econ\u00f3mica\u201d"},"content":{"rendered":"<div class=\"wp-block-image\">\n<figure class=\"aligncenter size-large\"><a href=\"https:\/\/www.elsindical.com.ar\/notas\/var\/www\/html\/notas\/wp-content\/uploads\/2025\/05\/Mariano-Vilar-2.jpeg\"><img loading=\"lazy\" decoding=\"async\" width=\"1024\" height=\"652\" src=\"https:\/\/www.elsindical.com.ar\/notas\/var\/www\/html\/notas\/wp-content\/uploads\/2025\/05\/Mariano-Vilar-2-1024x652.jpeg\" alt=\"\" class=\"wp-image-138083\" srcset=\"https:\/\/www.elsindical.com.ar\/notas\/var\/www\/html\/notas\/wp-content\/uploads\/2025\/05\/Mariano-Vilar-2-1024x652.jpeg 1024w, https:\/\/www.elsindical.com.ar\/notas\/var\/www\/html\/notas\/wp-content\/uploads\/2025\/05\/Mariano-Vilar-2-300x191.jpeg 300w, https:\/\/www.elsindical.com.ar\/notas\/var\/www\/html\/notas\/wp-content\/uploads\/2025\/05\/Mariano-Vilar-2-768x489.jpeg 768w, https:\/\/www.elsindical.com.ar\/notas\/var\/www\/html\/notas\/wp-content\/uploads\/2025\/05\/Mariano-Vilar-2.jpeg 1199w\" sizes=\"auto, (max-width: 1024px) 100vw, 1024px\" \/><\/a><\/figure>\n<\/div>\n\n\n<p class=\"wp-block-paragraph\">El Sindicato de Conductores y Motoristas Navales de la Rep\u00fablica Argentina (SiCoNaRA), liderado por Mariano Vilar, junto al resto de los gremios que integran la Federaci\u00f3n Sindical Mar\u00edtima y Fluvial (FeSiMaF), est\u00e1n llevando adelante un paro general de 24 hs. en rechazo al DNU 340\/2025. \u201cEsta medida de fuerza expresa el repudio a un decreto claramente impopular, ileg\u00edtimo e ilegal. Lejos de ofrecer alguna soluci\u00f3n a los problemas del sector mar\u00edtimo-fluvial, el decreto 340 est\u00e1 hecho a medida de los grandes capitales extranjeros ya que avanza contra los derechos laborales y supone la p\u00e9rdida de toda independencia econ\u00f3mica\u201d, asever\u00f3 Vilar.<\/p>\n\n\n\n<p class=\"wp-block-paragraph\">\u201cRechazamos de cuajo el desmantelamiento de la Marina Mercante y repudiamos el cercenamiento del derecho a huelga, un derecho consagrado en nuestra Constituci\u00f3n Nacional\u201d, sostuvo Vilar. Y a\u00f1adi\u00f3: \u201cSon claras y para nada novedosas las intenciones del gobierno nacional. En los 90\u00b4 vivimos la desregulaci\u00f3n del transporte por agua, pusieron en estado cr\u00edtico nuestra Marina Mercante y ahora con el decreto 340 oficializado la terminan de destruir, dejando sin fuentes de trabajo y sin derechos laborales a miles de trabajadores, y haciendo peligrar tambi\u00e9n nuestra obra social y la cobertura para nuestros jubilados. Esto, claramente, forma parte del plan de entrega que Milei viene llevando a cabo desde que asumi\u00f3. Esto es, hacer de la Argentina una colonia, donde cualquier potencia extranjera tenga la libertad de saquear nuestros mares y r\u00edos\u201d.<\/p>\n\n\n\n<p class=\"wp-block-paragraph\">Consecuentemente, el dirigente amenaz\u00f3 con profundizar las medidas de fuerzas: \u201cSepa bien el presidente que sus pol\u00edticas hambreadoras y entreguistas ser\u00e1n enfrentadas en las calles, en los puertos y donde sea necesario. No estamos dispuestos a perder nuestros derechos ni a permitir el desguace de la Marina Mercante. Nosotros siempre apostamos al di\u00e1logo pero el gobierno s\u00f3lo muestra desprecio y total desinter\u00e9s. En este contexto, nuestra respuesta no puede ser otra que la lucha y la huelga, porque no vamos a seguir cargando el peso del ajuste sobre nuestras espaldas y menos vamos a permitir la entrega de nuestra soberan\u00eda\u201d, sentenci\u00f3 Vilar.<\/p>\n\n\n\n<p class=\"wp-block-paragraph\">En este sentido, el gremialista realiz\u00f3 un llamado a la unidad del movimiento obrero para revertir dicha medida: \u201cSon miles los puestos de trabajo en juego. Asimismo, el plan desregulador de Milei representa una pu\u00f1alada al coraz\u00f3n de la industria nacional con todo lo que ello implica. Necesitamos que la CGT acompa\u00f1e nuestros reclamos. Hoy hicimos un plenario de la Confederaci\u00f3n Argentina de los Trabajadores del Transporte (CATT) pronunciando el estado de alerta y movilizaci\u00f3n para llevar adelante la visibilizaci\u00f3n del conflicto. Donde no s\u00e9 descartan adem\u00e1s paros sorpresivos en distintas actividades\u201d, esgrimi\u00f3.<\/p>\n\n\n\n<p class=\"wp-block-paragraph\">Por \u00faltimo, Vilar se refiri\u00f3 a las posibilidades de que la Justicia declare inconstitucional dicho decreto: \u00abDepositamos tambi\u00e9n esperanzas en la Justicia e instamos a que dicte la inconstitucionalidad de este decreto que atenta contra los intereses de toda la Argentina. Resulta absurdo y, por lo tanto, esperamos que se dicte una medida cautelar que suspenda su aplicaci\u00f3n hasta que se resuelva el fondo del asunto\u201d, concluy\u00f3.<\/p>\n","protected":false},"excerpt":{"rendered":"<p>El Sindicato de Conductores y Motoristas Navales de la Rep\u00fablica Argentina (SiCoNaRA), liderado por Mariano Vilar, junto al resto de los gremios que integran la Federaci\u00f3n Sindical Mar\u00edtima y Fluvial (FeSiMaF), est\u00e1n llevando adelante un paro general de 24 hs. en rechazo al DNU 340\/2025. \u201cEsta medida de fuerza expresa el repudio a un decreto&hellip;<\/p>\n","protected":false},"author":1,"featured_media":138083,"comment_status":"open","ping_status":"open","sticky":false,"template":"","format":"standard","meta":{"footnotes":""},"categories":[16],"tags":[2450,45280,45281,761,28812,45081,29476],"class_list":["post-138082","post","type-post","status-publish","format-standard","has-post-thumbnail","hentry","category-gremiales","tag-diario-el-sindical","tag-dnu-340-2025","tag-fesimaf","tag-gobierno-nacional","tag-javier-milei","tag-mariano-vilar","tag-siconara"],"_links":{"self":[{"href":"https:\/\/www.elsindical.com.ar\/notas\/wp-json\/wp\/v2\/posts\/138082","targetHints":{"allow":["GET"]}}],"collection":[{"href":"https:\/\/www.elsindical.com.ar\/notas\/wp-json\/wp\/v2\/posts"}],"about":[{"href":"https:\/\/www.elsindical.com.ar\/notas\/wp-json\/wp\/v2\/types\/post"}],"author":[{"embeddable":true,"href":"https:\/\/www.elsindical.com.ar\/notas\/wp-json\/wp\/v2\/users\/1"}],"replies":[{"embeddable":true,"href":"https:\/\/www.elsindical.com.ar\/notas\/wp-json\/wp\/v2\/comments?post=138082"}],"version-history":[{"count":1,"href":"https:\/\/www.elsindical.com.ar\/notas\/wp-json\/wp\/v2\/posts\/138082\/revisions"}],"predecessor-version":[{"id":138084,"href":"https:\/\/www.elsindical.com.ar\/notas\/wp-json\/wp\/v2\/posts\/138082\/revisions\/138084"}],"wp:featuredmedia":[{"embeddable":true,"href":"https:\/\/www.elsindical.com.ar\/notas\/wp-json\/wp\/v2\/media\/138083"}],"wp:attachment":[{"href":"https:\/\/www.elsindical.com.ar\/notas\/wp-json\/wp\/v2\/media?parent=138082"}],"wp:term":[{"taxonomy":"category","embeddable":true,"href":"https:\/\/www.elsindical.com.ar\/notas\/wp-json\/wp\/v2\/categories?post=138082"},{"taxonomy":"post_tag","embeddable":true,"href":"https:\/\/www.elsindical.com.ar\/notas\/wp-json\/wp\/v2\/tags?post=138082"}],"curies":[{"name":"wp","href":"https:\/\/api.w.org\/{rel}","templated":true}]}}