{"id":138044,"date":"2025-05-25T12:31:19","date_gmt":"2025-05-25T15:31:19","guid":{"rendered":"https:\/\/www.elsindical.com.ar\/notas\/?p=138044"},"modified":"2025-05-25T12:31:25","modified_gmt":"2025-05-25T15:31:25","slug":"israel-no-detiene-su-genocidio-nuevos-bombardeos-dejan-diez-muertos-en-gaza-y-ya-suman-52-los-fallecidos-en-las-ultimas-24-horas","status":"publish","type":"post","link":"https:\/\/www.elsindical.com.ar\/notas\/israel-no-detiene-su-genocidio-nuevos-bombardeos-dejan-diez-muertos-en-gaza-y-ya-suman-52-los-fallecidos-en-las-ultimas-24-horas\/","title":{"rendered":"Israel no detiene su genocidio: Nuevos bombardeos dejan diez muertos en Gaza y ya suman 52 los fallecidos en las \u00faltimas 24 horas"},"content":{"rendered":"\n<figure class=\"wp-block-image size-full\"><a href=\"https:\/\/www.elsindical.com.ar\/notas\/var\/www\/html\/notas\/wp-content\/uploads\/2025\/05\/ataque-de-Israel-a-Gaza-mayo-25.jpg\"><img loading=\"lazy\" decoding=\"async\" width=\"860\" height=\"464\" src=\"https:\/\/www.elsindical.com.ar\/notas\/var\/www\/html\/notas\/wp-content\/uploads\/2025\/05\/ataque-de-Israel-a-Gaza-mayo-25.jpg\" alt=\"\" class=\"wp-image-138045\" srcset=\"https:\/\/www.elsindical.com.ar\/notas\/var\/www\/html\/notas\/wp-content\/uploads\/2025\/05\/ataque-de-Israel-a-Gaza-mayo-25.jpg 860w, https:\/\/www.elsindical.com.ar\/notas\/var\/www\/html\/notas\/wp-content\/uploads\/2025\/05\/ataque-de-Israel-a-Gaza-mayo-25-300x162.jpg 300w, https:\/\/www.elsindical.com.ar\/notas\/var\/www\/html\/notas\/wp-content\/uploads\/2025\/05\/ataque-de-Israel-a-Gaza-mayo-25-768x414.jpg 768w\" sizes=\"auto, (max-width: 860px) 100vw, 860px\" \/><\/a><\/figure>\n\n\n\n<p class=\"wp-block-paragraph\">Los bombardeos nocturnos se dieron en el centro y el norte del enclave palestino, zonas en donde Israel intensific\u00f3 sus ataques.<\/p>\n\n\n\n<p class=\"wp-block-paragraph\"><strong>En 24 horas hubo m\u00e1s de 50 personas muertas en Gaza<\/strong> producto de los <strong>ataques israel\u00edes contra el grupo terrorista Ham\u00e1s<\/strong>. Incluso, en <strong>bombardeos nocturnos<\/strong> de este s\u00e1bado, <strong>murieron 10 personas<\/strong>, entre ellas una mujer embarazada y un periodista.<\/p>\n\n\n\n<p class=\"wp-block-paragraph\">Los bombardeos nocturnos se dieron <strong>en el centro y el norte del enclave palestino<\/strong>, zonas en donde Israel intensific\u00f3 sus ataques.<\/p>\n\n\n\n<p class=\"wp-block-paragraph\">\u00abSeis m\u00e1rtires y varios heridos fueron trasladados despu\u00e9s de bombardeos a\u00e9reos israel\u00edes en Jabaliya y Nuseirat\u00bb, expres\u00f3 a la agencia de noticias <em>AFP<\/em> Mahmud Basal, portavoz de Defensa Civil a primera hora de la ma\u00f1ana.&nbsp;Varios heridos \u00abincluidos ni\u00f1os y mujeres, fueron transferidos tras un bombardeo israel\u00ed contra una casa que pertenec\u00eda a la familia Daqa, en la ciudad de Jabaliya\u00bb, detall\u00f3.<\/p>\n\n\n\n<p class=\"wp-block-paragraph\">Inclusive, Basal mencion\u00f3 que algunos cuerpos estaban \u00abcarbonizados\u00bb, y que a\u00fan <strong>quedan cuerpos bajos los escombros, pero que \u00abla Defensa Civil&nbsp;no tiene ni equipos de b\u00fasqueda ni equipos pesados para levantar los escombros, salvar a los heridos o sacar los cuerpos\u00bb<\/strong>, a\u00f1adi\u00f3.<\/p>\n\n\n\n<p class=\"wp-block-paragraph\">Entre los fallecidos est\u00e1 el periodista palestino Hassan Majdi Abu Warda, que trabajaba en una agencia de noticias local, y varios miembros de su familia.<\/p>\n\n\n\n<h2 class=\"wp-block-heading\">M\u00e1s de 50 muertos en 24 horas en Gaza<\/h2>\n\n\n\n<p class=\"wp-block-paragraph\">El terror se apropi\u00f3 de la Franja de Gaza con <strong>los nuevos ataques que dejaron 52 muertos en 24 horas en el enclave<\/strong>.<\/p>\n\n\n\n<p class=\"wp-block-paragraph\">about:blank<\/p>\n\n\n\n<p class=\"wp-block-paragraph\">Dos personas murieron esta madrugada en un ataque contra una vivienda familiar en Jan Yunis, al sur de&nbsp; Gaza. Otra v\u00edctima perdi\u00f3 la vida en un bombardeo sobre la zona costera de Mawasi, donde se concentran numerosas tiendas de campa\u00f1a de desplazados por la guerra.<\/p>\n\n\n\n<p class=\"wp-block-paragraph\">Seg\u00fan reportes de <em>Al Jazeera<\/em> basados en informaci\u00f3n de sus corresponsales en el terreno, al menos una persona falleci\u00f3 en un ataque a\u00e9reo contra el campamento de refugiados de Nuseirat, en el centro del enclave.<\/p>\n\n\n\n<p class=\"wp-block-paragraph\">La agencia <em>AFP<\/em> solicit\u00f3 comentarios al ej\u00e9rcito sobre estos bombardeos, pero las fuerzas armadas se negaron a responder. Los 52 muertos en 24 surgen de informaci\u00f3n de fuentes m\u00e9dicas citadas por la agencia <em>Wafa<\/em>.<\/p>\n\n\n\n<p class=\"wp-block-paragraph\">Y <strong>desde que comenz\u00f3 la guerra<\/strong> el pasado 7 de octubre de 2023, <strong>m\u00e1s de 53.900 personas murieron y otras 122.000 resultaron heridas<\/strong> seg\u00fan el Ministerio de Salud de Gaza.&nbsp;<\/p>\n\n\n\n<figure class=\"wp-block-image size-large\"><a href=\"https:\/\/www.elsindical.com.ar\/notas\/var\/www\/html\/notas\/wp-content\/uploads\/2025\/05\/ataque-de-Israel-a-Gaza-mayo-25-2.jpg\"><img loading=\"lazy\" decoding=\"async\" width=\"1024\" height=\"682\" src=\"https:\/\/www.elsindical.com.ar\/notas\/var\/www\/html\/notas\/wp-content\/uploads\/2025\/05\/ataque-de-Israel-a-Gaza-mayo-25-2-1024x682.jpg\" alt=\"\" class=\"wp-image-138046\" srcset=\"https:\/\/www.elsindical.com.ar\/notas\/var\/www\/html\/notas\/wp-content\/uploads\/2025\/05\/ataque-de-Israel-a-Gaza-mayo-25-2-1024x682.jpg 1024w, https:\/\/www.elsindical.com.ar\/notas\/var\/www\/html\/notas\/wp-content\/uploads\/2025\/05\/ataque-de-Israel-a-Gaza-mayo-25-2-300x200.jpg 300w, https:\/\/www.elsindical.com.ar\/notas\/var\/www\/html\/notas\/wp-content\/uploads\/2025\/05\/ataque-de-Israel-a-Gaza-mayo-25-2-768x512.jpg 768w, https:\/\/www.elsindical.com.ar\/notas\/var\/www\/html\/notas\/wp-content\/uploads\/2025\/05\/ataque-de-Israel-a-Gaza-mayo-25-2.jpg 1280w\" sizes=\"auto, (max-width: 1024px) 100vw, 1024px\" \/><\/a><\/figure>\n","protected":false},"excerpt":{"rendered":"<p>Los bombardeos nocturnos se dieron en el centro y el norte del enclave palestino, zonas en donde Israel intensific\u00f3 sus ataques. En 24 horas hubo m\u00e1s de 50 personas muertas en Gaza producto de los ataques israel\u00edes contra el grupo terrorista Ham\u00e1s. Incluso, en bombardeos nocturnos de este s\u00e1bado, murieron 10 personas, entre ellas una&hellip;<\/p>\n","protected":false},"author":1,"featured_media":138045,"comment_status":"open","ping_status":"open","sticky":false,"template":"","format":"standard","meta":{"footnotes":""},"categories":[18],"tags":[2450,3529,30712,19365,3528,649],"class_list":["post-138044","post","type-post","status-publish","format-standard","has-post-thumbnail","hentry","category-internacionales","tag-diario-el-sindical","tag-gaza","tag-genocidio","tag-hamas","tag-israel","tag-muertos"],"_links":{"self":[{"href":"https:\/\/www.elsindical.com.ar\/notas\/wp-json\/wp\/v2\/posts\/138044","targetHints":{"allow":["GET"]}}],"collection":[{"href":"https:\/\/www.elsindical.com.ar\/notas\/wp-json\/wp\/v2\/posts"}],"about":[{"href":"https:\/\/www.elsindical.com.ar\/notas\/wp-json\/wp\/v2\/types\/post"}],"author":[{"embeddable":true,"href":"https:\/\/www.elsindical.com.ar\/notas\/wp-json\/wp\/v2\/users\/1"}],"replies":[{"embeddable":true,"href":"https:\/\/www.elsindical.com.ar\/notas\/wp-json\/wp\/v2\/comments?post=138044"}],"version-history":[{"count":1,"href":"https:\/\/www.elsindical.com.ar\/notas\/wp-json\/wp\/v2\/posts\/138044\/revisions"}],"predecessor-version":[{"id":138047,"href":"https:\/\/www.elsindical.com.ar\/notas\/wp-json\/wp\/v2\/posts\/138044\/revisions\/138047"}],"wp:featuredmedia":[{"embeddable":true,"href":"https:\/\/www.elsindical.com.ar\/notas\/wp-json\/wp\/v2\/media\/138045"}],"wp:attachment":[{"href":"https:\/\/www.elsindical.com.ar\/notas\/wp-json\/wp\/v2\/media?parent=138044"}],"wp:term":[{"taxonomy":"category","embeddable":true,"href":"https:\/\/www.elsindical.com.ar\/notas\/wp-json\/wp\/v2\/categories?post=138044"},{"taxonomy":"post_tag","embeddable":true,"href":"https:\/\/www.elsindical.com.ar\/notas\/wp-json\/wp\/v2\/tags?post=138044"}],"curies":[{"name":"wp","href":"https:\/\/api.w.org\/{rel}","templated":true}]}}