{"id":138038,"date":"2025-05-25T01:42:33","date_gmt":"2025-05-25T04:42:33","guid":{"rendered":"https:\/\/www.elsindical.com.ar\/notas\/?p=138038"},"modified":"2025-05-25T02:22:51","modified_gmt":"2025-05-25T05:22:51","slug":"pinamar-denuncian-mala-praxis-y-muerte-de-una-menor-en-el-hospital-local","status":"publish","type":"post","link":"https:\/\/www.elsindical.com.ar\/notas\/pinamar-denuncian-mala-praxis-y-muerte-de-una-menor-en-el-hospital-local\/","title":{"rendered":"Pinamar: Denuncian mala praxis y muerte de una menor en el hospital local"},"content":{"rendered":"<div class=\"wp-block-image\">\n<figure class=\"aligncenter size-full is-resized\"><a href=\"https:\/\/www.elsindical.com.ar\/notas\/var\/www\/html\/notas\/wp-content\/uploads\/2025\/05\/Justicia-por-Anel-en-Pinamar.jpg\"><img loading=\"lazy\" decoding=\"async\" width=\"500\" height=\"783\" src=\"https:\/\/www.elsindical.com.ar\/notas\/var\/www\/html\/notas\/wp-content\/uploads\/2025\/05\/Justicia-por-Anel-en-Pinamar.jpg\" alt=\"\" class=\"wp-image-138039\" style=\"width:404px;height:auto\" srcset=\"https:\/\/www.elsindical.com.ar\/notas\/var\/www\/html\/notas\/wp-content\/uploads\/2025\/05\/Justicia-por-Anel-en-Pinamar.jpg 500w, https:\/\/www.elsindical.com.ar\/notas\/var\/www\/html\/notas\/wp-content\/uploads\/2025\/05\/Justicia-por-Anel-en-Pinamar-192x300.jpg 192w\" sizes=\"auto, (max-width: 500px) 100vw, 500px\" \/><\/a><\/figure>\n<\/div>\n\n\n<p class=\"wp-block-paragraph\">   Familiares de una menor de edad, denuncian en redes sociales mala praxis y encubrimiento por parte de las autoridades, la ni\u00f1a de tan solo 4 a\u00f1os, fue identificada como <strong>Anel Mabison GALARZO SOSA<\/strong>.<\/p>\n\n\n\n<p class=\"wp-block-paragraph\">\u00abAC\u00c1 EN PINAMAR TAPAN TODO\u00bb Manifestaci\u00f3n y pedido de Justicia en el Hospital de Pinamar<\/p>\n\n\n\n<p class=\"wp-block-paragraph\">Este s\u00e1bado las puertas de la Guardia del Hospital Comunitario de Pinamar fueron el lugar de una manifestaci\u00f3n en pedido de Justicia por la muerte de ANEL. a familia de la ni\u00f1a de 4 a\u00f1os que falleci\u00f3 el jueves pasado, reclama Justicia porque sostienen que hubo negligencia, mal diagn\u00f3stico y medicaci\u00f3n.<\/p>\n\n\n\n<p class=\"wp-block-paragraph\">Los hechos que relatan<\/p>\n\n\n\n<p class=\"wp-block-paragraph\">La madre lleva a Anel al hospital el mi\u00e9rcoles 21 de mayo alrededor de las 13:30 horas por decaimiento, la atiende una cirujana y le dice que es un resfr\u00edo, le receta Amoxicilina y reposo. Luego de un d\u00eda y toma del medicamento la ni\u00f1a se descompensa. La llevan a la salita de Valeria del Mar y sin recursos para atenderla, la derivan al Hospital donde fallece.<\/p>\n\n\n\n<p class=\"wp-block-paragraph\">Les dicen que fue gripe A.<\/p>\n\n\n\n<p class=\"wp-block-paragraph\">La familia pide isopados y protocolo y no obtienen respuesta.<\/p>\n\n\n\n<p class=\"wp-block-paragraph\">Reclaman adem\u00e1s el manejo de la informaci\u00f3n del municipio con los medios de comunicaci\u00f3n locales ya que dicen haberse enterado de todo por los medios.<\/p>\n\n\n\n<p class=\"wp-block-paragraph\">En el video hablan la madre de Anel y un t\u00edo que cierra con: \u00bb No queremos que esto le pase a otros chicos, porque ya sabemos lo que pasa en Pinamar, tapan todo\u00bb.<\/p>\n\n\n\n<figure class=\"wp-block-embed is-type-video is-provider-youtube wp-block-embed-youtube wp-embed-aspect-16-9 wp-has-aspect-ratio\"><div class=\"wp-block-embed__wrapper\">\n<iframe loading=\"lazy\" title=\"Pinamar denuncian mala praxis y encubrimiento en la muerte de la ni\u00f1a Anel\" width=\"700\" height=\"394\" src=\"https:\/\/www.youtube.com\/embed\/X3WcaXY4e0E?feature=oembed\" frameborder=\"0\" allow=\"accelerometer; autoplay; clipboard-write; encrypted-media; gyroscope; picture-in-picture; web-share\" referrerpolicy=\"strict-origin-when-cross-origin\" allowfullscreen><\/iframe>\n<\/div><\/figure>\n","protected":false},"excerpt":{"rendered":"<p>Familiares de una menor de edad, denuncian en redes sociales mala praxis y encubrimiento por parte de las autoridades, la ni\u00f1a de tan solo 4 a\u00f1os, fue identificada como Anel Mabison GALARZO SOSA. \u00abAC\u00c1 EN PINAMAR TAPAN TODO\u00bb Manifestaci\u00f3n y pedido de Justicia en el Hospital de Pinamar Este s\u00e1bado las puertas de la Guardia&hellip;<\/p>\n","protected":false},"author":1,"featured_media":138039,"comment_status":"open","ping_status":"open","sticky":false,"template":"","format":"standard","meta":{"footnotes":""},"categories":[6,25],"tags":[45273,2450,1389,45274,30387,16396,1516],"class_list":["post-138038","post","type-post","status-publish","format-standard","has-post-thumbnail","hentry","category-denuncias","category-sociedad","tag-anel","tag-diario-el-sindical","tag-gripe-a","tag-hospital-comunitario-de-pinamar","tag-mala-praxis-2","tag-pba","tag-pinamar"],"_links":{"self":[{"href":"https:\/\/www.elsindical.com.ar\/notas\/wp-json\/wp\/v2\/posts\/138038","targetHints":{"allow":["GET"]}}],"collection":[{"href":"https:\/\/www.elsindical.com.ar\/notas\/wp-json\/wp\/v2\/posts"}],"about":[{"href":"https:\/\/www.elsindical.com.ar\/notas\/wp-json\/wp\/v2\/types\/post"}],"author":[{"embeddable":true,"href":"https:\/\/www.elsindical.com.ar\/notas\/wp-json\/wp\/v2\/users\/1"}],"replies":[{"embeddable":true,"href":"https:\/\/www.elsindical.com.ar\/notas\/wp-json\/wp\/v2\/comments?post=138038"}],"version-history":[{"count":3,"href":"https:\/\/www.elsindical.com.ar\/notas\/wp-json\/wp\/v2\/posts\/138038\/revisions"}],"predecessor-version":[{"id":138043,"href":"https:\/\/www.elsindical.com.ar\/notas\/wp-json\/wp\/v2\/posts\/138038\/revisions\/138043"}],"wp:featuredmedia":[{"embeddable":true,"href":"https:\/\/www.elsindical.com.ar\/notas\/wp-json\/wp\/v2\/media\/138039"}],"wp:attachment":[{"href":"https:\/\/www.elsindical.com.ar\/notas\/wp-json\/wp\/v2\/media?parent=138038"}],"wp:term":[{"taxonomy":"category","embeddable":true,"href":"https:\/\/www.elsindical.com.ar\/notas\/wp-json\/wp\/v2\/categories?post=138038"},{"taxonomy":"post_tag","embeddable":true,"href":"https:\/\/www.elsindical.com.ar\/notas\/wp-json\/wp\/v2\/tags?post=138038"}],"curies":[{"name":"wp","href":"https:\/\/api.w.org\/{rel}","templated":true}]}}