{"id":137977,"date":"2025-05-22T07:06:22","date_gmt":"2025-05-22T10:06:22","guid":{"rendered":"https:\/\/www.elsindical.com.ar\/notas\/?p=137977"},"modified":"2025-05-22T07:06:27","modified_gmt":"2025-05-22T10:06:27","slug":"eeuu-asesinan-a-balazos-a-dos-empleados-de-la-embajada-de-israel","status":"publish","type":"post","link":"https:\/\/www.elsindical.com.ar\/notas\/eeuu-asesinan-a-balazos-a-dos-empleados-de-la-embajada-de-israel\/","title":{"rendered":"EEUU: Asesinan a balazos a dos empleados de la Embajada de Israel"},"content":{"rendered":"\n<figure class=\"wp-block-image size-full\"><a href=\"https:\/\/www.elsindical.com.ar\/notas\/var\/www\/html\/notas\/wp-content\/uploads\/2025\/05\/asesinato-judios-en-EEUU.jpg\"><img loading=\"lazy\" decoding=\"async\" width=\"860\" height=\"464\" src=\"https:\/\/www.elsindical.com.ar\/notas\/var\/www\/html\/notas\/wp-content\/uploads\/2025\/05\/asesinato-judios-en-EEUU.jpg\" alt=\"\" class=\"wp-image-137978\" srcset=\"https:\/\/www.elsindical.com.ar\/notas\/var\/www\/html\/notas\/wp-content\/uploads\/2025\/05\/asesinato-judios-en-EEUU.jpg 860w, https:\/\/www.elsindical.com.ar\/notas\/var\/www\/html\/notas\/wp-content\/uploads\/2025\/05\/asesinato-judios-en-EEUU-300x162.jpg 300w, https:\/\/www.elsindical.com.ar\/notas\/var\/www\/html\/notas\/wp-content\/uploads\/2025\/05\/asesinato-judios-en-EEUU-768x414.jpg 768w\" sizes=\"auto, (max-width: 860px) 100vw, 860px\" \/><\/a><\/figure>\n\n\n\n<p class=\"wp-block-paragraph\">El hecho ocurri\u00f3 en las afueras del Museo Jud\u00edo de la Capital, donde se llevaba adelante un evento del Comit\u00e9 Jud\u00edo Americano (AJC).<\/p>\n\n\n\n<p class=\"wp-block-paragraph\">Este mi\u00e9rcoles por la noche tuvo lugar <strong>el asesinato de una mujer y un hombre que trabajaban para la Embajada de Israel en Estados Unidos en el marco de un tiroteo<\/strong>. Estas personas fueron baleadas en las afueras del <strong>Museo Jud\u00edo de la Capital<\/strong>, donde se llevaba adelante un evento del <strong>Comit\u00e9 Jud\u00edo Americano <\/strong>(AJC).\u00a0<\/p>\n\n\n\n<p class=\"wp-block-paragraph\"><strong>Isaac Herzog<\/strong>, presidente de Israel, se\u00f1al\u00f3 el hecho como <strong>\u00abun acto despreciable de odio y antisemitismo\u00bb<\/strong>. La noticia fue dada en un primer momento por <strong>Kristi Noem<\/strong>, secretaria de Seguridad Nacional de Estados Unidos, a trav\u00e9s de su cuenta de X. La funcionaria mencion\u00f3 <strong>los asesinatos se dieron \u00absin sentido\u00bb<\/strong>.<\/p>\n\n\n\n<h2 class=\"wp-block-heading\">Israel: el asesinato de dos empleados de la Embajada en Estados Unidos es\u00a0\u00abun acto despreciable de odio y antisemitismo\u00bb<\/h2>\n\n\n\n<p class=\"wp-block-paragraph\">Por su parte, el mandatario israel\u00ed apunt\u00f3 en sus redes sociales que se trat\u00f3 de \u00abun acto despreciable de odio y antisemitismo que se ha cobrado la vida de dos j\u00f3venes empleados de la embajada de Israel. Nuestros corazones est\u00e1n con los seres queridos de los asesinados y nuestras oraciones inmediatas est\u00e1n con los heridos\u00bb.<\/p>\n\n\n\n<p class=\"wp-block-paragraph\">De todos modos, resalt\u00f3 que <strong>el \u00abterror y el odio\u00bb no romper\u00e1n el esp\u00edritu de su pa\u00eds<\/strong>.<\/p>\n\n\n\n<p class=\"wp-block-paragraph\">En un comunicado posterior, la oficina de Herzog detall\u00f3 que el mandatario habl\u00f3 por tel\u00e9fono con el embajador israel\u00ed en EE.UU., <strong>Yechiel Leiter<\/strong>, y con <strong>Ted Deutch<\/strong>, director ejecutivo del <strong>Comit\u00e9 Jud\u00edo Americano<\/strong> (AJC), que organizaba el evento en el que fueron asesinados los dos empleados.<\/p>\n\n\n\n<p class=\"wp-block-paragraph\">Herzog pidi\u00f3 a Leiter que transmitir sus condolencias al resto de los empleados de la embajada, y \u00abexpres\u00f3 su pesar por la tr\u00e1gica p\u00e9rdida de dos j\u00f3venes empleados de la Embajada de Israel, <strong>una pareja que pronto se comprometer\u00eda, que fueron asesinados en el ataque<\/strong>\u00ab, explic\u00f3 la oficina.<\/p>\n\n\n\n<p class=\"wp-block-paragraph\">Por su parte, la polic\u00eda de Washington inform\u00f3 durante la noche que no hab\u00edan obtenido informaci\u00f3n de inteligencia acerca de que se pod\u00eda llevar a cabo un atentado. Adem\u00e1s, indicaron<strong> la detenci\u00f3n de un sospechoso, que no ten\u00eda antecedentes <\/strong>que puedan suponer que deseaba llevar adelante un ataque de esta clase.<\/p>\n\n\n\n<p class=\"wp-block-paragraph\">En la comparecencia, Smith afirm\u00f3 que la polic\u00eda cre\u00eda que <strong>el tiroteo fue perpetrado por una sola persona<\/strong> y que el sospechoso, que cit\u00f3 como <strong>El\u00edas Rodr\u00edguez<\/strong>, de 30 a\u00f1os y residente en Chicago, fue visto merodeando por las inmediaciones del museo jud\u00edo, donde se perpetr\u00f3 el atentado, poco antes de que se cometiera.<\/p>\n\n\n\n<p class=\"wp-block-paragraph\">Tambi\u00e9n dijo que <strong>el sospechoso dispar\u00f3 y que grit\u00f3 \u00abPalestina libre, libre\u00bb tras el atentado<\/strong>.<\/p>\n\n\n\n<p class=\"wp-block-paragraph\">Seg\u00fan la jefa de polic\u00eda de Washington, ambas v\u00edctimas fueron encontrados inconscientes y sin respirar en el lugar de los disparos. Tras disparar, <strong>el detenido entr\u00f3 en el museo, donde fue detenido por el personal de seguridad<\/strong>. Posteriormente se identific\u00f3 donde arroj\u00f3 el arma y que esta fue recuperada.<\/p>\n\n\n\n<p class=\"wp-block-paragraph\">El presidente de EE.UU., <strong>Donald Trump<\/strong>, afirm\u00f3 en la madrugada de este jueves que el asesinato a tiros horas antes de dos miembros de la embajada de Israel en EE.UU., cuando se encontraban fuera de un evento en Washington DC, fue \u00abobviamente\u00bb fruto del \u00abantisemitismo\u00bb.<\/p>\n","protected":false},"excerpt":{"rendered":"<p>El hecho ocurri\u00f3 en las afueras del Museo Jud\u00edo de la Capital, donde se llevaba adelante un evento del Comit\u00e9 Jud\u00edo Americano (AJC). Este mi\u00e9rcoles por la noche tuvo lugar el asesinato de una mujer y un hombre que trabajaban para la Embajada de Israel en Estados Unidos en el marco de un tiroteo. Estas&hellip;<\/p>\n","protected":false},"author":1,"featured_media":137978,"comment_status":"open","ping_status":"open","sticky":false,"template":"","format":"standard","meta":{"footnotes":""},"categories":[18],"tags":[45253,4209,2450,141,3528,42658,45254],"class_list":["post-137977","post","type-post","status-publish","format-standard","has-post-thumbnail","hentry","category-internacionales","tag-ajc","tag-asesinatos","tag-diario-el-sindical","tag-eeuu","tag-israel","tag-judios","tag-kristi-noem"],"_links":{"self":[{"href":"https:\/\/www.elsindical.com.ar\/notas\/wp-json\/wp\/v2\/posts\/137977","targetHints":{"allow":["GET"]}}],"collection":[{"href":"https:\/\/www.elsindical.com.ar\/notas\/wp-json\/wp\/v2\/posts"}],"about":[{"href":"https:\/\/www.elsindical.com.ar\/notas\/wp-json\/wp\/v2\/types\/post"}],"author":[{"embeddable":true,"href":"https:\/\/www.elsindical.com.ar\/notas\/wp-json\/wp\/v2\/users\/1"}],"replies":[{"embeddable":true,"href":"https:\/\/www.elsindical.com.ar\/notas\/wp-json\/wp\/v2\/comments?post=137977"}],"version-history":[{"count":1,"href":"https:\/\/www.elsindical.com.ar\/notas\/wp-json\/wp\/v2\/posts\/137977\/revisions"}],"predecessor-version":[{"id":137979,"href":"https:\/\/www.elsindical.com.ar\/notas\/wp-json\/wp\/v2\/posts\/137977\/revisions\/137979"}],"wp:featuredmedia":[{"embeddable":true,"href":"https:\/\/www.elsindical.com.ar\/notas\/wp-json\/wp\/v2\/media\/137978"}],"wp:attachment":[{"href":"https:\/\/www.elsindical.com.ar\/notas\/wp-json\/wp\/v2\/media?parent=137977"}],"wp:term":[{"taxonomy":"category","embeddable":true,"href":"https:\/\/www.elsindical.com.ar\/notas\/wp-json\/wp\/v2\/categories?post=137977"},{"taxonomy":"post_tag","embeddable":true,"href":"https:\/\/www.elsindical.com.ar\/notas\/wp-json\/wp\/v2\/tags?post=137977"}],"curies":[{"name":"wp","href":"https:\/\/api.w.org\/{rel}","templated":true}]}}