{"id":137972,"date":"2025-05-21T21:30:23","date_gmt":"2025-05-22T00:30:23","guid":{"rendered":"https:\/\/www.elsindical.com.ar\/notas\/?p=137972"},"modified":"2025-05-21T21:30:29","modified_gmt":"2025-05-22T00:30:29","slug":"la-actividad-economica-cayo-18-en-marzo-y-marco-la-mayor-contraccion-mensual-desde-diciembre","status":"publish","type":"post","link":"https:\/\/www.elsindical.com.ar\/notas\/la-actividad-economica-cayo-18-en-marzo-y-marco-la-mayor-contraccion-mensual-desde-diciembre\/","title":{"rendered":"La actividad econ\u00f3mica cay\u00f3 1,8% en marzo y marc\u00f3 la mayor contracci\u00f3n mensual desde diciembre"},"content":{"rendered":"<div class=\"wp-block-image\">\n<figure class=\"aligncenter size-full\"><a href=\"https:\/\/www.elsindical.com.ar\/notas\/var\/www\/html\/notas\/wp-content\/uploads\/2025\/05\/actividad-economica.jpg\"><img loading=\"lazy\" decoding=\"async\" width=\"612\" height=\"575\" src=\"https:\/\/www.elsindical.com.ar\/notas\/var\/www\/html\/notas\/wp-content\/uploads\/2025\/05\/actividad-economica.jpg\" alt=\"\" class=\"wp-image-137973\" srcset=\"https:\/\/www.elsindical.com.ar\/notas\/var\/www\/html\/notas\/wp-content\/uploads\/2025\/05\/actividad-economica.jpg 612w, https:\/\/www.elsindical.com.ar\/notas\/var\/www\/html\/notas\/wp-content\/uploads\/2025\/05\/actividad-economica-300x282.jpg 300w\" sizes=\"auto, (max-width: 612px) 100vw, 612px\" \/><\/a><figcaption class=\"wp-element-caption\">Money and payment icon outline and linear vector.<\/figcaption><\/figure>\n<\/div>\n\n\n<p>El indicador del INDEC mostr\u00f3 el primer retroceso en casi un a\u00f1o. Aun as\u00ed, la econom\u00eda creci\u00f3 5,6% interanual. Se destacaron la intermediaci\u00f3n financiera y la construcci\u00f3n como los sectores m\u00e1s din\u00e1micos.<\/p>\n\n\n\n<p>La actividad econ\u00f3mica sufri\u00f3 en marzo una ca\u00edda del 1,8% en relaci\u00f3n con el mes anterior, seg\u00fan inform\u00f3 este martes el <strong>Instituto Nacional de Estad\u00edstica y Censos (INDEC).<\/strong> Se trata del descenso m\u00e1s pronunciado desde diciembre de 2023 y del primer retroceso mensual en casi un a\u00f1o.<\/p>\n\n\n\n<p>El dato se desprende del <strong>Estimador Mensual de Actividad Econ\u00f3mica (EMAE)<\/strong>, que en febrero hab\u00eda registrado un alza de 0,8% frente a enero. Pese a la contracci\u00f3n mensual, el informe mostr\u00f3 una variaci\u00f3n interanual positiva del 5,6%, es decir, en comparaci\u00f3n con marzo de 2024.<\/p>\n\n\n\n<p>La ca\u00edda mensual se dio en un contexto marcado por la inestabilidad financiera y la incertidumbre respecto a posibles modificaciones en el esquema cambiario, en el marco de las negociaciones del Gobierno con el <strong>Fondo Monetario Internacional (FMI).<\/strong><\/p>\n\n\n\n<p>En el detalle sectorial, diez de los sectores que componen el EMAE mostraron subas interanuales. Entre ellos, sobresalieron <strong>Intermediaci\u00f3n financiera, con un fuerte repunte del 29,3%, y Construcci\u00f3n, que avanz\u00f3 un 9,9%.<\/strong><\/p>\n\n\n\n<p>Por su parte, el sector de Comercio mayorista, minorista y reparaciones tuvo un crecimiento del 9,3%, y fue el que <strong>mayor incidencia positiva tuvo en la variaci\u00f3n interanual del \u00edndice<\/strong>. Le siguieron Intermediaci\u00f3n financiera e Industria manufacturera, que aument\u00f3 un 4,2%.<\/p>\n\n\n\n<p>En contraste, cinco sectores registraron ca\u00eddas. Entre los m\u00e1s afectados se encontraron <strong>Electricidad, gas y agua, con una merma del 4,3%, y Hoteles y restaurantes, que retrocedieron 3,6%.<\/strong> Tambi\u00e9n bajaron Administraci\u00f3n p\u00fablica y defensa, con una ca\u00edda del 1,1%, rubros que en conjunto restaron 0,19 puntos porcentuales al crecimiento interanual del EMAE.<\/p>\n\n\n\n<p>En cuanto al \u00edndice tendencia-ciclo, el informe mostr\u00f3 una leve mejora del 0,2% respecto del mes anterior, reflejando cierta inercia positiva en el comportamiento general de la actividad econ\u00f3mica.<\/p>\n","protected":false},"excerpt":{"rendered":"<p>El indicador del INDEC mostr\u00f3 el primer retroceso en casi un a\u00f1o. Aun as\u00ed, la econom\u00eda creci\u00f3 5,6% interanual. Se destacaron la intermediaci\u00f3n financiera y la construcci\u00f3n como los sectores m\u00e1s din\u00e1micos. La actividad econ\u00f3mica sufri\u00f3 en marzo una ca\u00edda del 1,8% en relaci\u00f3n con el mes anterior, seg\u00fan inform\u00f3 este martes el Instituto Nacional&hellip;<\/p>\n","protected":false},"author":1,"featured_media":137973,"comment_status":"open","ping_status":"open","sticky":false,"template":"","format":"standard","meta":{"footnotes":""},"categories":[9],"tags":[29263,2450,24824,6925,2200],"class_list":["post-137972","post","type-post","status-publish","format-standard","has-post-thumbnail","hentry","category-economia","tag-actividad-economica","tag-diario-el-sindical","tag-emae","tag-fmi","tag-indec"],"_links":{"self":[{"href":"https:\/\/www.elsindical.com.ar\/notas\/wp-json\/wp\/v2\/posts\/137972","targetHints":{"allow":["GET"]}}],"collection":[{"href":"https:\/\/www.elsindical.com.ar\/notas\/wp-json\/wp\/v2\/posts"}],"about":[{"href":"https:\/\/www.elsindical.com.ar\/notas\/wp-json\/wp\/v2\/types\/post"}],"author":[{"embeddable":true,"href":"https:\/\/www.elsindical.com.ar\/notas\/wp-json\/wp\/v2\/users\/1"}],"replies":[{"embeddable":true,"href":"https:\/\/www.elsindical.com.ar\/notas\/wp-json\/wp\/v2\/comments?post=137972"}],"version-history":[{"count":1,"href":"https:\/\/www.elsindical.com.ar\/notas\/wp-json\/wp\/v2\/posts\/137972\/revisions"}],"predecessor-version":[{"id":137974,"href":"https:\/\/www.elsindical.com.ar\/notas\/wp-json\/wp\/v2\/posts\/137972\/revisions\/137974"}],"wp:featuredmedia":[{"embeddable":true,"href":"https:\/\/www.elsindical.com.ar\/notas\/wp-json\/wp\/v2\/media\/137973"}],"wp:attachment":[{"href":"https:\/\/www.elsindical.com.ar\/notas\/wp-json\/wp\/v2\/media?parent=137972"}],"wp:term":[{"taxonomy":"category","embeddable":true,"href":"https:\/\/www.elsindical.com.ar\/notas\/wp-json\/wp\/v2\/categories?post=137972"},{"taxonomy":"post_tag","embeddable":true,"href":"https:\/\/www.elsindical.com.ar\/notas\/wp-json\/wp\/v2\/tags?post=137972"}],"curies":[{"name":"wp","href":"https:\/\/api.w.org\/{rel}","templated":true}]}}